{"id":141677,"date":"2026-09-01T17:48:31","date_gmt":"2026-09-01T17:48:31","guid":{"rendered":"https:\/\/tvbrazilusa.com\/2026\/09\/01\/flavio-campanha-articular-alternativa-ao-fim-da-escala-6x1\/"},"modified":"2026-09-01T17:53:25","modified_gmt":"2026-09-01T17:53:25","slug":"flavio-campanha-articular-alternativa-ao-fim-da-escala-6x1","status":"publish","type":"post","link":"https:\/\/tvbrazilusa.com\/pt\/2026\/09\/01\/flavio-campanha-articular-alternativa-ao-fim-da-escala-6x1\/","title":{"rendered":"Fl\u00e1vio campanha articular alternativa ao fim da escala 6&#215;1"},"content":{"rendered":"<script async src=\"https:\/\/pagead2.googlesyndication.com\/pagead\/js\/adsbygoogle.js?client=ca-pub-8864793242727901\"\r\n     crossorigin=\"anonymous\"><\/script>\n<div id=\"cd-article-content\" itemprop=\"articleBody\">\n<p class=\"wp-block-paragraph\">O <a href=\"https:\/\/claudiodantas.com.br\/tag\/flavio-bolsonaro-2\/\" data-type=\"post_tag\" data-id=\"13887\">senador e candidato \u00e0 Presid\u00eancia da Rep\u00fablica Fl\u00e1vio Bolsonaro (PL-RJ)<\/a> interrompeu nesta ter\u00e7a-feira (1\u00ba) parte da agenda eleitoral para permanecer em Bras\u00edlia e acompanhar as articula\u00e7\u00f5es no Congresso sobre o fim da escala 6\u00d71.<\/p>\n<p><a href=\"https:\/\/whatsapp.com\/channel\/0029VaTFkH2HVvTbkE883x1x\" target=\"_blank\" class=\"whatsapp-channel-message\" rel=\"noopener\">\u2705 Siga o canal do Claudio Dantas no WhatsApp<\/a><\/p>\n<p class=\"wp-block-paragraph\">Fl\u00e1vio defende uma alternativa \u00e0 proposta apoiada pelo governo do presidente Lula (PT). Em vez de estabelecer uma nova jornada de forma geral, o senador prop\u00f5e ampliar a liberdade para que trabalhador e empregador definam a carga hor\u00e1ria e os hor\u00e1rios de trabalho, com preserva\u00e7\u00e3o dos direitos previstos na Constitui\u00e7\u00e3o.<\/p>\n<p class=\"wp-block-paragraph\">\u201cA minha posi\u00e7\u00e3o \u00e9 a alternativa melhor que n\u00f3s estamos dando, de liberdade total para o trabalhador poder fazer a sua pr\u00f3pria escala, com todos os direitos trabalhistas garantidos na Constitui\u00e7\u00e3o.\u201d<\/p>\n<p class=\"wp-block-paragraph\">Segundo o candidato, a flexibiliza\u00e7\u00e3o poderia atender trabalhadores que n\u00e3o conseguem cumprir uma jornada fixa de sete ou oito horas por dia.<\/p>\n<p class=\"wp-block-paragraph\">\u201cTem muita mulher, por exemplo, que n\u00e3o consegue trabalhar sete ou oito horas por dia para cumprir essa escala engessada que o governo est\u00e1 propondo. Ela pode trabalhar, de repente, meio per\u00edodo s\u00f3, quatro horas por dia.\u201d<\/p>\n<p class=\"wp-block-paragraph\">Fl\u00e1vio n\u00e3o antecipou como votar\u00e1 caso a proposta em discuss\u00e3o no Congresso seja colocada em vota\u00e7\u00e3o antes de seu texto.<\/p>\n<p class=\"wp-block-paragraph\">\u201cVamos defender o nosso texto, que \u00e9 a liberdade do trabalhador.\u201d<\/p>\n<p class=\"wp-block-paragraph\">Questionado sobre a possibilidade de sua proposta ser rejeitada, o senador tamb\u00e9m evitou antecipar sua posi\u00e7\u00e3o sobre o texto seguinte.<\/p>\n<p class=\"wp-block-paragraph\">\u201cPrimeiro vota a nossa proposta e depois v\u00ea o que faz.\u201d<\/p>\n<p class=\"wp-block-paragraph\"><strong>Oposi\u00e7\u00e3o tenta retardar tramita\u00e7\u00e3o<\/strong><\/p>\n<p class=\"wp-block-paragraph\">A discuss\u00e3o ocorre durante o esfor\u00e7o concentrado do Congresso. No Senado, o l\u00edder da oposi\u00e7\u00e3o, Rog\u00e9rio Marinho (<a href=\"https:\/\/partidoliberal.org.br\/\" target=\"_blank\" rel=\"noopener\">PL<\/a>-RN), articula medidas para ampliar o debate sobre a proposta.<\/p>\n<p class=\"wp-block-paragraph\">Entre as estrat\u00e9gias est\u00e3o pedidos de vista na Comiss\u00e3o de Constitui\u00e7\u00e3o e Justi\u00e7a (CCJ), an\u00e1lise das emendas apresentadas e resist\u00eancia a acordos que possam acelerar a vota\u00e7\u00e3o.<\/p>\n<p class=\"wp-block-paragraph\">A proposta em discuss\u00e3o altera o atual modelo de seis dias de trabalho para um dia de descanso. No Senado, o texto precisa ser analisado primeiro pela CCJ. Caso avance ao plen\u00e1rio, uma PEC precisa ser aprovada em dois turnos.<\/p>\n<p class=\"wp-block-paragraph\">O governo Lula colocou o fim da escala 6\u00d71 entre suas principais pautas trabalhistas. A medida tamb\u00e9m passou a ocupar espa\u00e7o no debate eleitoral de 2026.<\/p>\n<p class=\"wp-block-paragraph\">Fl\u00e1vio procura apresentar uma alternativa pr\u00f3pria para o tema. A proposta defendida pelo candidato prev\u00ea que o trabalhador possa escolher a quantidade de horas que pretende trabalhar, com remunera\u00e7\u00e3o proporcional \u00e0 jornada definida.<\/p>\n<p class=\"wp-block-paragraph\"><strong>Retorno \u00e0 campanha<\/strong><\/p>\n<p class=\"wp-block-paragraph\">A pausa na agenda eleitoral deve durar apenas um dia. Fl\u00e1vio tem compromissos previstos no Rio Grande do Sul nesta quarta-feira (2).<\/p>\n<p class=\"wp-block-paragraph\">O candidato deve participar de uma feira ligada ao agroneg\u00f3cio e realizar grava\u00e7\u00f5es para o hor\u00e1rio eleitoral de aliados no Estado.<\/p>\n<\/div>\n<p><script>!function(f,b,e,v,n,t,s){if(f.fbq)return;n=f.fbq=function(){n.callMethod?n.callMethod.apply(n,arguments):n.queue.push(arguments)};if(!f._fbq)f._fbq=n;n.push=n;n.loaded=!0;n.version='2.0';n.queue=[];t=b.createElement(e);t.async=!0;t.src=v;s=b.getElementsByTagName(e)[0];s.parentNode.insertBefore(t,s)}(window,document,'script','https:\/\/connect.facebook.net\/en_US\/fbevents.js');fbq('init','1423865622537930');fbq('track','PageView');<\/script><br \/>\n<br \/><br \/>\n<br \/><a href=\"https:\/\/claudiodantas.com.br\/flavio-alternativa-ao-fim-da-escala-6x1\/\">Source link <\/a><\/p>","protected":false},"excerpt":{"rendered":"<p>O senador e candidato \u00e0 Presid\u00eancia da Rep\u00fablica Fl\u00e1vio Bolsonaro (PL-RJ) interrompeu nesta ter\u00e7a-feira (1\u00ba) parte da agenda eleitoral para permanecer em Bras\u00edlia e acompanhar as articula\u00e7\u00f5es no Congresso sobre&hellip;<\/p>","protected":false},"author":1,"featured_media":141228,"comment_status":"closed","ping_status":"open","sticky":false,"template":"","format":"standard","meta":{"content-type":"","footnotes":""},"categories":[16],"tags":[],"class_list":["post-141677","post","type-post","status-publish","format-standard","has-post-thumbnail","hentry","category-noticias"],"_links":{"self":[{"href":"https:\/\/tvbrazilusa.com\/pt\/wp-json\/wp\/v2\/posts\/141677","targetHints":{"allow":["GET"]}}],"collection":[{"href":"https:\/\/tvbrazilusa.com\/pt\/wp-json\/wp\/v2\/posts"}],"about":[{"href":"https:\/\/tvbrazilusa.com\/pt\/wp-json\/wp\/v2\/types\/post"}],"author":[{"embeddable":true,"href":"https:\/\/tvbrazilusa.com\/pt\/wp-json\/wp\/v2\/users\/1"}],"replies":[{"embeddable":true,"href":"https:\/\/tvbrazilusa.com\/pt\/wp-json\/wp\/v2\/comments?post=141677"}],"version-history":[{"count":1,"href":"https:\/\/tvbrazilusa.com\/pt\/wp-json\/wp\/v2\/posts\/141677\/revisions"}],"predecessor-version":[{"id":141678,"href":"https:\/\/tvbrazilusa.com\/pt\/wp-json\/wp\/v2\/posts\/141677\/revisions\/141678"}],"wp:featuredmedia":[{"embeddable":true,"href":"https:\/\/tvbrazilusa.com\/pt\/wp-json\/wp\/v2\/media\/141228"}],"wp:attachment":[{"href":"https:\/\/tvbrazilusa.com\/pt\/wp-json\/wp\/v2\/media?parent=141677"}],"wp:term":[{"taxonomy":"category","embeddable":true,"href":"https:\/\/tvbrazilusa.com\/pt\/wp-json\/wp\/v2\/categories?post=141677"},{"taxonomy":"post_tag","embeddable":true,"href":"https:\/\/tvbrazilusa.com\/pt\/wp-json\/wp\/v2\/tags?post=141677"}],"curies":[{"name":"wp","href":"https:\/\/api.w.org\/{rel}","templated":true}]}}