{"id":141682,"date":"2026-09-01T18:00:47","date_gmt":"2026-09-01T18:00:47","guid":{"rendered":"https:\/\/tvbrazilusa.com\/2026\/09\/01\/caso-vorcaro-moraes-e-mendonca-tem-discussao-acalorada-stf\/"},"modified":"2026-09-01T18:06:30","modified_gmt":"2026-09-01T18:06:30","slug":"caso-vorcaro-moraes-e-mendonca-tem-discussao-acalorada-stf","status":"publish","type":"post","link":"https:\/\/tvbrazilusa.com\/pt\/2026\/09\/01\/caso-vorcaro-moraes-e-mendonca-tem-discussao-acalorada-stf\/","title":{"rendered":"Caso Vorcaro Moraes e Mendon\u00e7a t\u00eam discuss\u00e3o acalorada STF"},"content":{"rendered":"<script async src=\"https:\/\/pagead2.googlesyndication.com\/pagead\/js\/adsbygoogle.js?client=ca-pub-8864793242727901\"\r\n     crossorigin=\"anonymous\"><\/script>\n<div id=\"cd-article-content\" itemprop=\"articleBody\">\n<p class=\"wp-block-paragraph\">Os ministros do <a href=\"https:\/\/portal.stf.jus.br\/\" target=\"_blank\" rel=\"noopener\">Supremo Tribunal Federal (STF)<\/a> Alexandre de Moraes e <a href=\"https:\/\/claudiodantas.com.br\/tag\/andre-mendonca\/\" data-type=\"post_tag\" data-id=\"4316\">Andr\u00e9 Mendon\u00e7a<\/a> tiveram uma discuss\u00e3o acalorada ap\u00f3s Moraes tomar conhecimento de dilig\u00eancias realizadas pela Pol\u00edcia Federal (PF) para aprofundar a apura\u00e7\u00e3o sobre as rela\u00e7\u00f5es do magistrado com Daniel Vorcaro, dono do Banco Master.<\/p>\n<p><a href=\"https:\/\/whatsapp.com\/channel\/0029VaTFkH2HVvTbkE883x1x\" target=\"_blank\" class=\"whatsapp-channel-message\" rel=\"noopener\">\u2705 Siga o canal do Claudio Dantas no WhatsApp<\/a><\/p>\n<p class=\"wp-block-paragraph\">Segundo informa\u00e7\u00f5es apuradas pelo portal <em>Metr\u00f3poles<\/em>, Moraes procurou Mendon\u00e7a para tratar do assunto. O encontro teria evolu\u00eddo para um bate-boca e provocado forte tens\u00e3o entre os dois ministros.<\/p>\n<p class=\"wp-block-paragraph\">A origem do conflito est\u00e1 em uma investiga\u00e7\u00e3o conduzida sob relatoria de Mendon\u00e7a. A partir de dilig\u00eancias determinadas pelo ministro, a Pol\u00edcia Federal conseguiu identificar o destinat\u00e1rio de uma mensagem enviada por Vorcaro na qual eram citados o procurador-geral da Rep\u00fablica, Paulo Gonet, e o diretor-geral da PF, Andrei Rodrigues.<\/p>\n<p class=\"wp-block-paragraph\">Os investigadores conclu\u00edram que o destinat\u00e1rio da conversa era Moraes. Na mensagem, Vorcaro mencionava a necessidade de obter \u201cprote\u00e7\u00e3o\u201d de Gonet e Andrei.<\/p>\n<p class=\"wp-block-paragraph\">Ao tomar conhecimento da apura\u00e7\u00e3o, Moraes teria questionado Mendon\u00e7a sobre a investiga\u00e7\u00e3o e acusado o colega de direcionar as dilig\u00eancias contra ele.<\/p>\n<p class=\"wp-block-paragraph\">Mendon\u00e7a, por sua vez, teria perguntado como Moraes teve acesso \u00e0s informa\u00e7\u00f5es, uma vez que a investiga\u00e7\u00e3o \u00e9 sigilosa e est\u00e1 sob sua relatoria.<\/p>\n<p class=\"wp-block-paragraph\">A apura\u00e7\u00e3o envolvendo as mensagens ocorre em meio \u00e0 an\u00e1lise de outros elementos encontrados no celular de Vorcaro, que incluem registros de contatos e neg\u00f3cios envolvendo pessoas pr\u00f3ximas a Moraes.<\/p>\n<p class=\"wp-block-paragraph\"><strong>Tens\u00e3o no Supremo<\/strong><\/p>\n<p class=\"wp-block-paragraph\">A eventual abertura de uma investiga\u00e7\u00e3o formal contra um ministro do Supremo depende de autoriza\u00e7\u00e3o do plen\u00e1rio da pr\u00f3pria Corte. At\u00e9 o momento, n\u00e3o houve decis\u00e3o nesse sentido.<\/p>\n<p class=\"wp-block-paragraph\">O material reunido pela PF permanece sob an\u00e1lise de Mendon\u00e7a, que tamb\u00e9m encaminhou informa\u00e7\u00f5es \u00e0 Procuradoria-Geral da Rep\u00fablica.<\/p>\n<figure class=\"wp-block-embed is-type-wp-embed is-provider-claudio-dantas wp-block-embed-claudio-dantas\"\/>\n<\/div>\n<p><script>!function(f,b,e,v,n,t,s){if(f.fbq)return;n=f.fbq=function(){n.callMethod?n.callMethod.apply(n,arguments):n.queue.push(arguments)};if(!f._fbq)f._fbq=n;n.push=n;n.loaded=!0;n.version='2.0';n.queue=[];t=b.createElement(e);t.async=!0;t.src=v;s=b.getElementsByTagName(e)[0];s.parentNode.insertBefore(t,s)}(window,document,'script','https:\/\/connect.facebook.net\/en_US\/fbevents.js');fbq('init','1423865622537930');fbq('track','PageView');<\/script><br \/>\n<br \/><br \/>\n<br \/><a href=\"https:\/\/claudiodantas.com.br\/moraes-e-mendonca-discussao-stf-caso-vorcaro\/\">Source link <\/a><\/p>","protected":false},"excerpt":{"rendered":"<p>Os ministros do Supremo Tribunal Federal (STF) Alexandre de Moraes e Andr\u00e9 Mendon\u00e7a tiveram uma discuss\u00e3o acalorada ap\u00f3s Moraes tomar conhecimento de dilig\u00eancias realizadas pela Pol\u00edcia Federal (PF) para aprofundar&hellip;<\/p>","protected":false},"author":1,"featured_media":141683,"comment_status":"closed","ping_status":"open","sticky":false,"template":"","format":"standard","meta":{"content-type":"","footnotes":""},"categories":[16],"tags":[],"class_list":["post-141682","post","type-post","status-publish","format-standard","has-post-thumbnail","hentry","category-noticias"],"_links":{"self":[{"href":"https:\/\/tvbrazilusa.com\/pt\/wp-json\/wp\/v2\/posts\/141682","targetHints":{"allow":["GET"]}}],"collection":[{"href":"https:\/\/tvbrazilusa.com\/pt\/wp-json\/wp\/v2\/posts"}],"about":[{"href":"https:\/\/tvbrazilusa.com\/pt\/wp-json\/wp\/v2\/types\/post"}],"author":[{"embeddable":true,"href":"https:\/\/tvbrazilusa.com\/pt\/wp-json\/wp\/v2\/users\/1"}],"replies":[{"embeddable":true,"href":"https:\/\/tvbrazilusa.com\/pt\/wp-json\/wp\/v2\/comments?post=141682"}],"version-history":[{"count":1,"href":"https:\/\/tvbrazilusa.com\/pt\/wp-json\/wp\/v2\/posts\/141682\/revisions"}],"predecessor-version":[{"id":141684,"href":"https:\/\/tvbrazilusa.com\/pt\/wp-json\/wp\/v2\/posts\/141682\/revisions\/141684"}],"wp:featuredmedia":[{"embeddable":true,"href":"https:\/\/tvbrazilusa.com\/pt\/wp-json\/wp\/v2\/media\/141683"}],"wp:attachment":[{"href":"https:\/\/tvbrazilusa.com\/pt\/wp-json\/wp\/v2\/media?parent=141682"}],"wp:term":[{"taxonomy":"category","embeddable":true,"href":"https:\/\/tvbrazilusa.com\/pt\/wp-json\/wp\/v2\/categories?post=141682"},{"taxonomy":"post_tag","embeddable":true,"href":"https:\/\/tvbrazilusa.com\/pt\/wp-json\/wp\/v2\/tags?post=141682"}],"curies":[{"name":"wp","href":"https:\/\/api.w.org\/{rel}","templated":true}]}}