{"id":141691,"date":"2026-09-01T18:37:55","date_gmt":"2026-09-01T18:37:55","guid":{"rendered":"https:\/\/tvbrazilusa.com\/2026\/09\/01\/vorcaro-liberou-r-34-milhoes-a-escritorio-de-vivi-moraes\/"},"modified":"2026-09-01T18:38:27","modified_gmt":"2026-09-01T18:38:27","slug":"vorcaro-liberou-r-34-milhoes-a-escritorio-de-vivi-moraes","status":"publish","type":"post","link":"https:\/\/tvbrazilusa.com\/pt\/2026\/09\/01\/vorcaro-liberou-r-34-milhoes-a-escritorio-de-vivi-moraes\/","title":{"rendered":"Vorcaro liberou R$ 3,4 milh\u00f5es a escrit\u00f3rio de Vivi Moraes"},"content":{"rendered":"<script async src=\"https:\/\/pagead2.googlesyndication.com\/pagead\/js\/adsbygoogle.js?client=ca-pub-8864793242727901\"\r\n     crossorigin=\"anonymous\"><\/script>\n<div id=\"cd-article-content\" itemprop=\"articleBody\">\n<p class=\"wp-block-paragraph\">O Banco Master pagou R$ 3,4 milh\u00f5es ao escrit\u00f3rio Barci de Moraes, de propriedade da advogada <a href=\"https:\/\/claudiodantas.com.br\/tag\/viviane-barci\/\" data-type=\"post_tag\" data-id=\"11939\">Viviane Barci de Moraes<\/a>, mulher do ministro do <a href=\"https:\/\/portal.stf.jus.br\/\" target=\"_blank\" rel=\"noopener\">Supremo Tribunal Federal (STF) <\/a>Alexandre de Moraes, em mar\u00e7o de 2024. O repasse ocorreu minutos depois de uma cobran\u00e7a feita pelo ent\u00e3o deputado e ex-ministro F\u00e1bio Faria ao banqueiro Daniel Vorcaro.<\/p>\n<p><a href=\"https:\/\/whatsapp.com\/channel\/0029VaTFkH2HVvTbkE883x1x\" target=\"_blank\" class=\"whatsapp-channel-message\" rel=\"noopener\">\u2705 Siga o canal do Claudio Dantas no WhatsApp<\/a><\/p>\n<p class=\"wp-block-paragraph\">As mensagens recuperadas pela Pol\u00edcia Federal mostram que Faria procurou Vorcaro na tarde de 15 de mar\u00e7o daquele ano para tratar do pagamento. \u00c0s 14h58, o ex-ministro escreveu: \u201cDepois v\u00ea a\u00ed que preciso retornar o careca\u201d.<\/p>\n<p class=\"wp-block-paragraph\">Vorcaro respondeu que o assunto deveria ser tratado com Angelo Silva, ent\u00e3o ligado ao Banco Master. Poucos minutos depois, \u00e0s 15h07, Faria voltou a cobrar: \u201cManda pagar a ele. O Careca n\u00e3o pode atrasar\u201d.<\/p>\n<p class=\"wp-block-paragraph\">Enquanto a cobran\u00e7a era feita, Vorcaro tamb\u00e9m pressionava internamente pela libera\u00e7\u00e3o do dinheiro. \u00c0s 15h05, o banqueiro demonstrou irrita\u00e7\u00e3o com a demora em uma conversa com Angelo.<\/p>\n<p class=\"wp-block-paragraph\">\u201cPqp. N\u00e3o pagaram Barci de Moraes. N\u00e3o t\u00f4 entendendo isso. Contrato mais importante que temos. Te pedi para n\u00e3o falhar. Surreal. Vamos ter problemas\u201d, escreveu Vorcaro.<\/p>\n<p class=\"wp-block-paragraph\">Na sequ\u00eancia, \u00e0s 15h06, o banqueiro foi direto na ordem: \u201cManda pagar agora\u201d.<\/p>\n<p class=\"wp-block-paragraph\">O pagamento de R$ 3,4 milh\u00f5es foi efetuado poucos minutos depois das mensagens. O intervalo entre a cobran\u00e7a de Faria e a libera\u00e7\u00e3o do dinheiro refor\u00e7a a urg\u00eancia dada por Vorcaro ao repasse.<\/p>\n<p class=\"wp-block-paragraph\"><strong>\u201cPagamento mais importante que temos\u201d<\/strong><\/p>\n<p class=\"wp-block-paragraph\">Ap\u00f3s a transfer\u00eancia, Vorcaro voltou a orientar funcion\u00e1rios para que os pagamentos ao escrit\u00f3rio n\u00e3o sofressem novos atrasos.<\/p>\n<p class=\"wp-block-paragraph\">\u00c0s 15h17, enviou a uma funcion\u00e1ria: \u201cEsse Barci Moraes por favor n\u00e3o deixe atrasar um dia, coloca no sue controle. \u00c9 o pagamento mais importante que temos\u201d.<\/p>\n<p class=\"wp-block-paragraph\">Na mesma conversa, o banqueiro afirmou que os pagamentos poderiam ser realizados mesmo sem a emiss\u00e3o de nota fiscal pelo escrit\u00f3rio, indicando que a documenta\u00e7\u00e3o fiscal n\u00e3o deveria impedir a transfer\u00eancia dos valores.<\/p>\n<p class=\"wp-block-paragraph\">O pagamento ocorreu no contexto do contrato firmado entre o Banco Master e o escrit\u00f3rio Barci de Moraes. A rela\u00e7\u00e3o profissional entre a institui\u00e7\u00e3o financeira e o escrit\u00f3rio da mulher do ministro passou a ser alvo das investiga\u00e7\u00f5es conduzidas pela Pol\u00edcia Federal.<\/p>\n<p class=\"wp-block-paragraph\">As mensagens fazem parte do material apreendido pela PF durante a apura\u00e7\u00e3o sobre as rela\u00e7\u00f5es de Vorcaro com autoridades e agentes p\u00fablicos. O conte\u00fado foi incorporado ao conjunto de documentos analisados no caso Master.<\/p>\n<p class=\"wp-block-paragraph\"><strong>Press\u00e3o por pagamento<\/strong><\/p>\n<p class=\"wp-block-paragraph\">Os di\u00e1logos mostram que a cobran\u00e7a pelo repasse ocorreu simultaneamente em duas frentes. Faria procurou diretamente Vorcaro para pedir que o pagamento fosse realizado, enquanto o pr\u00f3prio banqueiro cobrava integrantes da institui\u00e7\u00e3o financeira e classificava o contrato como uma das principais obriga\u00e7\u00f5es do banco.<\/p>\n<p class=\"wp-block-paragraph\">A sequ\u00eancia registrada nas mensagens \u00e9 objetiva: \u00e0s 14h58, Faria cobra Vorcaro; \u00e0s 15h05, o banqueiro reclama internamente sobre o atraso; \u00e0s 15h06, determina o pagamento imediato; \u00e0s 15h07, Faria refor\u00e7a a cobran\u00e7a; e, na sequ\u00eancia, os R$ 3,4 milh\u00f5es s\u00e3o transferidos ao escrit\u00f3rio.<\/p>\n<\/div>\n<p><script>!function(f,b,e,v,n,t,s){if(f.fbq)return;n=f.fbq=function(){n.callMethod?n.callMethod.apply(n,arguments):n.queue.push(arguments)};if(!f._fbq)f._fbq=n;n.push=n;n.loaded=!0;n.version='2.0';n.queue=[];t=b.createElement(e);t.async=!0;t.src=v;s=b.getElementsByTagName(e)[0];s.parentNode.insertBefore(t,s)}(window,document,'script','https:\/\/connect.facebook.net\/en_US\/fbevents.js');fbq('init','1423865622537930');fbq('track','PageView');<\/script><br \/>\n<br \/><br \/>\n<br \/><a href=\"https:\/\/claudiodantas.com.br\/vorcaro-liberou-r-34-mi-a-de-vivi-moraes\/\">Source link <\/a><\/p>","protected":false},"excerpt":{"rendered":"<p>O Banco Master pagou R$ 3,4 milh\u00f5es ao escrit\u00f3rio Barci de Moraes, de propriedade da advogada Viviane Barci de Moraes, mulher do ministro do Supremo Tribunal Federal (STF) Alexandre de&hellip;<\/p>","protected":false},"author":1,"featured_media":141692,"comment_status":"closed","ping_status":"open","sticky":false,"template":"","format":"standard","meta":{"content-type":"","footnotes":""},"categories":[16],"tags":[],"class_list":["post-141691","post","type-post","status-publish","format-standard","has-post-thumbnail","hentry","category-noticias"],"_links":{"self":[{"href":"https:\/\/tvbrazilusa.com\/pt\/wp-json\/wp\/v2\/posts\/141691","targetHints":{"allow":["GET"]}}],"collection":[{"href":"https:\/\/tvbrazilusa.com\/pt\/wp-json\/wp\/v2\/posts"}],"about":[{"href":"https:\/\/tvbrazilusa.com\/pt\/wp-json\/wp\/v2\/types\/post"}],"author":[{"embeddable":true,"href":"https:\/\/tvbrazilusa.com\/pt\/wp-json\/wp\/v2\/users\/1"}],"replies":[{"embeddable":true,"href":"https:\/\/tvbrazilusa.com\/pt\/wp-json\/wp\/v2\/comments?post=141691"}],"version-history":[{"count":1,"href":"https:\/\/tvbrazilusa.com\/pt\/wp-json\/wp\/v2\/posts\/141691\/revisions"}],"predecessor-version":[{"id":141693,"href":"https:\/\/tvbrazilusa.com\/pt\/wp-json\/wp\/v2\/posts\/141691\/revisions\/141693"}],"wp:featuredmedia":[{"embeddable":true,"href":"https:\/\/tvbrazilusa.com\/pt\/wp-json\/wp\/v2\/media\/141692"}],"wp:attachment":[{"href":"https:\/\/tvbrazilusa.com\/pt\/wp-json\/wp\/v2\/media?parent=141691"}],"wp:term":[{"taxonomy":"category","embeddable":true,"href":"https:\/\/tvbrazilusa.com\/pt\/wp-json\/wp\/v2\/categories?post=141691"},{"taxonomy":"post_tag","embeddable":true,"href":"https:\/\/tvbrazilusa.com\/pt\/wp-json\/wp\/v2\/tags?post=141691"}],"curies":[{"name":"wp","href":"https:\/\/api.w.org\/{rel}","templated":true}]}}