{"id":141694,"date":"2026-09-01T18:41:13","date_gmt":"2026-09-01T18:41:13","guid":{"rendered":"https:\/\/tvbrazilusa.com\/2026\/09\/01\/contrato-de-r-50-mi-com-vorcaro-previa-aeronaves-para-moraes\/"},"modified":"2026-09-01T18:44:32","modified_gmt":"2026-09-01T18:44:32","slug":"contrato-de-r-50-mi-com-vorcaro-previa-aeronaves-para-moraes","status":"publish","type":"post","link":"https:\/\/tvbrazilusa.com\/pt\/2026\/09\/01\/contrato-de-r-50-mi-com-vorcaro-previa-aeronaves-para-moraes\/","title":{"rendered":"Contrato de R$ 50 mi com Vorcaro previa aeronaves para Moraes"},"content":{"rendered":"<p> <script async src=\"https:\/\/pagead2.googlesyndication.com\/pagead\/js\/adsbygoogle.js?client=ca-pub-8864793242727901\"\r\n     crossorigin=\"anonymous\"><\/script><br \/>\n<\/p>\n<div id=\"cd-article-content\" itemprop=\"articleBody\">\n<p class=\"wp-block-paragraph\">Al\u00e9m do contrato de aproximadamente R$ 131 milh\u00f5es firmado com o <a href=\"https:\/\/claudiodantas.com.br\/tag\/banco-master\/\" data-type=\"post_tag\" data-id=\"9772\">Banco Master<\/a>, o escrit\u00f3rio de advocacia de Viviane Barci de Moraes, mulher do ministro Alexandre de Moraes, do Supremo Tribunal Federal (<a href=\"https:\/\/portal.stf.jus.br\/\" target=\"_blank\" rel=\"noopener\">STF<\/a>), tinha um segundo contrato com uma empresa de<a href=\"https:\/\/claudiodantas.com.br\/tag\/daniel-vorcaro\/\" data-type=\"post_tag\" data-id=\"10691\"> Daniel Vorcaro<\/a>. O acordo, de <strong>R$ 50 milh\u00f5es<\/strong>, previa a possibilidade de pagamento com bens e incluiu cotas de um jato Legacy 650 e de um helic\u00f3ptero Airbus EC 155 B1.<\/p>\n<p><a href=\"https:\/\/whatsapp.com\/channel\/0029VaTFkH2HVvTbkE883x1x\" target=\"_blank\" class=\"whatsapp-channel-message\" rel=\"noopener\">\u2705 Siga o canal do Claudio Dantas no WhatsApp<\/a><\/p>\n<p class=\"wp-block-paragraph\">O contrato foi firmado em 12 de maio de 2025 entre o escrit\u00f3rio Barci de Moraes e a <strong>Viking Participa\u00e7\u00f5es Ltda.<\/strong>, empresa que tinha Vorcaro entre os s\u00f3cios. A PF localizou o documento no celular do banqueiro e anexou ao relat\u00f3rio enviado ao STF.<\/p>\n<p class=\"wp-block-paragraph\">A estrutura de pagamento previa <strong>R$ 40 milh\u00f5es em ativos<\/strong>. As cotas estavam vinculadas \u00e0s empresas F24 e F53. A primeira possu\u00eda o Legacy 650, prefixo PP-NLR. A segunda estava em processo de aquisi\u00e7\u00e3o do helic\u00f3ptero EC 155 B1, fabricado pela Airbus.<\/p>\n<figure class=\"wp-block-image size-full\"><\/figure>\n<p class=\"wp-block-paragraph\">A PF identificou ainda que Vorcaro tratou diretamente da apresenta\u00e7\u00e3o das aeronaves a Viviane. Em 9 de maio de 2025, tr\u00eas dias antes do contrato, ele pediu a Marcos da Mata, da Prime You, que enviasse \u00e0 advogada uma brochura com informa\u00e7\u00f5es sobre o avi\u00e3o e o helic\u00f3ptero. A Prime You tinha como s\u00f3cios Marcos da Mata e Daniel Vorcaro.<\/p>\n<p class=\"wp-block-paragraph\">Os valores das cotas tamb\u00e9m aparecem no material apreendido. O Legacy 650 era avaliado em <strong>US$ 5.512.951,89<\/strong>. A cota do helic\u00f3ptero custava <strong>US$ 1.335.014,01<\/strong>.<\/p>\n<h3 class=\"wp-block-heading\">\u201cJ\u00e1 usaram avi\u00f5es e helic\u00f3pteros\u201d<\/h3>\n<p class=\"wp-block-paragraph\">A utiliza\u00e7\u00e3o das aeronaves aparece em mensagens posteriores \u00e0 assinatura do contrato.<\/p>\n<p class=\"wp-block-paragraph\">Em 16 de julho de 2025, Vorcaro cobrou de Marcos da Mata uma pend\u00eancia relacionada \u00e0s cotas dos ativos. Perguntou:<\/p>\n<blockquote class=\"wp-block-quote is-layout-flow wp-block-quote-is-layout-flow\">\n<p class=\"wp-block-paragraph\">\u201cEles nao estao usando\u201d<\/p>\n<\/blockquote>\n<p class=\"wp-block-paragraph\">Marcos respondeu que haveria uma mudan\u00e7a de empresa. Segundo ele, os ativos j\u00e1 estavam liberados e dispon\u00edveis para uso. Na sequ\u00eancia, afirmou:<\/p>\n<blockquote class=\"wp-block-quote is-layout-flow wp-block-quote-is-layout-flow\">\n<p class=\"wp-block-paragraph\">\u201cJ\u00e1 usaram avi\u00f5es e helic\u00f3pteros\u201d.<\/p>\n<\/blockquote>\n<p class=\"wp-block-paragraph\">O mesmo interlocutor informou que o contrato deixaria de estar vinculado \u00e0 Barci de Moraes e passaria para outra empresa identificada nas mensagens como \u201cLux\u201d.<\/p>\n<p class=\"wp-block-paragraph\">Pouco depois, Marcos enviou a Vorcaro um recorte de conversa que mantivera com Viviane. Ele perguntou se os destinat\u00e1rios estavam satisfeitos com a utiliza\u00e7\u00e3o das cotas.<\/p>\n<p class=\"wp-block-paragraph\">Viviane respondeu:<\/p>\n<blockquote class=\"wp-block-quote is-layout-flow wp-block-quote-is-layout-flow\">\n<p class=\"wp-block-paragraph\">\u201cSim, estamos gostando muito\u201d.<\/p>\n<figure class=\"wp-block-image size-large\"><img fetchpriority=\"high\" decoding=\"async\" width=\"524\" height=\"1024\" src=\"https:\/\/claudiodantas.com.br\/wp-content\/uploads\/2026\/09\/viviane-524x1024.avif\" alt=\"\" class=\"wp-image-115124\" srcset=\"https:\/\/claudiodantas.com.br\/wp-content\/uploads\/2026\/09\/viviane-524x1024.avif 524w, https:\/\/claudiodantas.com.br\/wp-content\/uploads\/2026\/09\/viviane-153x300.avif 153w, https:\/\/claudiodantas.com.br\/wp-content\/uploads\/2026\/09\/viviane-768x1501.avif 768w, https:\/\/claudiodantas.com.br\/wp-content\/uploads\/2026\/09\/viviane-786x1536.avif 786w, https:\/\/claudiodantas.com.br\/wp-content\/uploads\/2026\/09\/viviane.avif 1000w\" sizes=\"(max-width: 524px) 100vw, 524px\" data-pagespeed-url-hash=\"1469260262\" onload=\"pagespeed.CriticalImages.checkImageForCriticality(this);\"\/><\/figure>\n<\/blockquote>\n<h3 class=\"wp-block-heading\">Mudan\u00e7a da empresa titular<\/h3>\n<p class=\"wp-block-paragraph\">A documenta\u00e7\u00e3o da PF mostra que a titularidade dos ativos tamb\u00e9m foi discutida durante a montagem do acordo.<\/p>\n<p class=\"wp-block-paragraph\">O advogado Leonardo Palhares apresentou a Vorcaro duas alternativas. Uma delas previa a transfer\u00eancia imediata das cotas, com possibilidade de recompra por R$ 1 caso o contrato n\u00e3o fosse cumprido. A outra condicionava a transfer\u00eancia ao cumprimento do contrato.<\/p>\n<p class=\"wp-block-paragraph\">Vorcaro rejeitou a primeira op\u00e7\u00e3o:<\/p>\n<blockquote class=\"wp-block-quote is-layout-flow wp-block-quote-is-layout-flow\">\n<p class=\"wp-block-paragraph\">\u201cOpcao 1 n\u00e3o \u00e9 o negocio\u201d<\/p>\n<\/blockquote>\n<p class=\"wp-block-paragraph\">Na sequ\u00eancia, afirmou:<\/p>\n<blockquote class=\"wp-block-quote is-layout-flow wp-block-quote-is-layout-flow\">\n<p class=\"wp-block-paragraph\">\u201cOs ativos sao deles\u2026ja\u201d.<\/p>\n<\/blockquote>\n<p class=\"wp-block-paragraph\">Dias depois, Palhares enviou a Vorcaro um Termo de Acordo e Da\u00e7\u00e3o em Pagamento. Segundo o advogado, havia uma quest\u00e3o sobre a participa\u00e7\u00e3o direta do escrit\u00f3rio na estrutura societ\u00e1ria dos ativos. Ele relatou:<\/p>\n<blockquote class=\"wp-block-quote is-layout-flow wp-block-quote-is-layout-flow\">\n<p class=\"wp-block-paragraph\">\u201co escrit\u00f3rio deles n\u00e3o pode ser parte do contrato, n\u00e3o pode ter participa\u00e7\u00e3o em empresas\u201d.<\/p>\n<\/blockquote>\n<p class=\"wp-block-paragraph\">E acrescentou:<\/p>\n<blockquote class=\"wp-block-quote is-layout-flow wp-block-quote-is-layout-flow\">\n<p class=\"wp-block-paragraph\">\u201cEle queria que escrit\u00f3rio fosse dono direto da cota, sem ser s\u00f3cio das SPEs\u201d.<\/p>\n<\/blockquote>\n<p class=\"wp-block-paragraph\">Em julho, a discuss\u00e3o reapareceu. Segundo Palhares, havia preocupa\u00e7\u00e3o com a exposi\u00e7\u00e3o dos s\u00f3cios da empresa que ficaria como dona dos ativos:<\/p>\n<blockquote class=\"wp-block-quote is-layout-flow wp-block-quote-is-layout-flow\">\n<p class=\"wp-block-paragraph\">\u201cEles queriam que a empresa que fosse dona do ativo fosse uma que os s\u00f3cios est\u00e3o muito vis\u00edveis e haveria risco reputacional grande\u201d.<\/p>\n<\/blockquote>\n<p class=\"wp-block-paragraph\">O advogado disse ainda:<\/p>\n<blockquote class=\"wp-block-quote is-layout-flow wp-block-quote-is-layout-flow\">\n<p class=\"wp-block-paragraph\">\u201cO Guilherme est\u00e1 conferindo com a chefe dele se v\u00e3o adotar uma estrutura diferente para a propriedade dos ativos ou n\u00e3o\u201d.<\/p>\n<\/blockquote>\n<h2 class=\"wp-block-heading\">Fatura de R$ 22,8 milh\u00f5es<\/h2>\n<p class=\"wp-block-paragraph\">A opera\u00e7\u00e3o tamb\u00e9m aparece associada a uma cobran\u00e7a de <strong>R$ 22.815.120,95<\/strong>.<\/p>\n<p class=\"wp-block-paragraph\">Em 24 de julho de 2025, uma funcion\u00e1ria do setor financeiro informou a Vorcaro que Leonardo Palhares havia pedido o pagamento de uma fatura emitida pelo escrit\u00f3rio Barci de Moraes em nome da Viking.<\/p>\n<p class=\"wp-block-paragraph\">No mesmo per\u00edodo, Vorcaro tratou com Palhares da mudan\u00e7a contratual. O advogado explicou que a estrutura ainda estava em an\u00e1lise por causa da empresa que ficaria como propriet\u00e1ria dos ativos.<\/p>\n<h2 class=\"wp-block-heading\">Segundo contrato ap\u00f3s acordo de R$ 131 milh\u00f5es<\/h2>\n<p class=\"wp-block-paragraph\">O contrato com a Viking surgiu depois do acordo anterior entre o Banco Master e o escrit\u00f3rio de Viviane Barci de Moraes.<\/p>\n<p class=\"wp-block-paragraph\">No primeiro contrato, firmado em 2024, o escrit\u00f3rio recebia <strong>R$ 3 milh\u00f5es mensais<\/strong>. Mensagens recuperadas pela PF mostram Vorcaro tratando o pagamento como prioridade.<\/p>\n<p class=\"wp-block-paragraph\">Ele chegou a determinar:<\/p>\n<blockquote class=\"wp-block-quote is-layout-flow wp-block-quote-is-layout-flow\">\n<p class=\"wp-block-paragraph\">\u201cPode pagar sempre, sem nota\u201d<\/p>\n<\/blockquote>\n<p class=\"wp-block-paragraph\">E completou:<\/p>\n<blockquote class=\"wp-block-quote is-layout-flow wp-block-quote-is-layout-flow\">\n<p class=\"wp-block-paragraph\">\u201cDo jeito que for\u201d.<\/p>\n<\/blockquote>\n<p class=\"wp-block-paragraph\">Em outra mensagem, classificou o pagamento como:<\/p>\n<blockquote class=\"wp-block-quote is-layout-flow wp-block-quote-is-layout-flow\">\n<p class=\"wp-block-paragraph\">\u201c\u00c9 op pgto mais importante que temos\u201d.<\/p>\n<\/blockquote>\n<p class=\"wp-block-paragraph\">No segundo acordo, a estrutura mudou. A Viking passou a figurar como contratante e os ativos de empresas ligadas ao grupo de Vorcaro entraram na negocia\u00e7\u00e3o.<\/p>\n<p class=\"wp-block-paragraph\">A PF anexou ao relat\u00f3rio tanto o contrato da Viking com o escrit\u00f3rio Barci de Moraes quanto o Termo de Acordo e Da\u00e7\u00e3o em Pagamento.<\/p>\n<\/div>\n<p><script>!function(f,b,e,v,n,t,s){if(f.fbq)return;n=f.fbq=function(){n.callMethod?n.callMethod.apply(n,arguments):n.queue.push(arguments)};if(!f._fbq)f._fbq=n;n.push=n;n.loaded=!0;n.version='2.0';n.queue=[];t=b.createElement(e);t.async=!0;t.src=v;s=b.getElementsByTagName(e)[0];s.parentNode.insertBefore(t,s)}(window,document,'script','https:\/\/connect.facebook.net\/en_US\/fbevents.js');fbq('init','1423865622537930');fbq('track','PageView');<\/script><br \/>\n<br \/><br \/>\n<br \/><a href=\"https:\/\/claudiodantas.com.br\/contrato-50-vorcaro-previa-aeronaves-moraes\/\">Source link <\/a><\/p>","protected":false},"excerpt":{"rendered":"<p>Al\u00e9m do contrato de aproximadamente R$ 131 milh\u00f5es firmado com o Banco Master, o escrit\u00f3rio de advocacia de Viviane Barci de Moraes, mulher do ministro Alexandre de Moraes, do Supremo&hellip;<\/p>","protected":false},"author":1,"featured_media":141695,"comment_status":"closed","ping_status":"open","sticky":false,"template":"","format":"standard","meta":{"content-type":"","footnotes":""},"categories":[16],"tags":[],"class_list":["post-141694","post","type-post","status-publish","format-standard","has-post-thumbnail","hentry","category-noticias"],"_links":{"self":[{"href":"https:\/\/tvbrazilusa.com\/pt\/wp-json\/wp\/v2\/posts\/141694","targetHints":{"allow":["GET"]}}],"collection":[{"href":"https:\/\/tvbrazilusa.com\/pt\/wp-json\/wp\/v2\/posts"}],"about":[{"href":"https:\/\/tvbrazilusa.com\/pt\/wp-json\/wp\/v2\/types\/post"}],"author":[{"embeddable":true,"href":"https:\/\/tvbrazilusa.com\/pt\/wp-json\/wp\/v2\/users\/1"}],"replies":[{"embeddable":true,"href":"https:\/\/tvbrazilusa.com\/pt\/wp-json\/wp\/v2\/comments?post=141694"}],"version-history":[{"count":1,"href":"https:\/\/tvbrazilusa.com\/pt\/wp-json\/wp\/v2\/posts\/141694\/revisions"}],"predecessor-version":[{"id":141696,"href":"https:\/\/tvbrazilusa.com\/pt\/wp-json\/wp\/v2\/posts\/141694\/revisions\/141696"}],"wp:featuredmedia":[{"embeddable":true,"href":"https:\/\/tvbrazilusa.com\/pt\/wp-json\/wp\/v2\/media\/141695"}],"wp:attachment":[{"href":"https:\/\/tvbrazilusa.com\/pt\/wp-json\/wp\/v2\/media?parent=141694"}],"wp:term":[{"taxonomy":"category","embeddable":true,"href":"https:\/\/tvbrazilusa.com\/pt\/wp-json\/wp\/v2\/categories?post=141694"},{"taxonomy":"post_tag","embeddable":true,"href":"https:\/\/tvbrazilusa.com\/pt\/wp-json\/wp\/v2\/tags?post=141694"}],"curies":[{"name":"wp","href":"https:\/\/api.w.org\/{rel}","templated":true}]}}