{"id":141697,"date":"2026-09-01T18:52:41","date_gmt":"2026-09-01T18:52:41","guid":{"rendered":"https:\/\/tvbrazilusa.com\/2026\/09\/01\/pf-identifica-ao-menos-06-encontros-entre-vorcaro-e-moraes\/"},"modified":"2026-09-01T18:52:51","modified_gmt":"2026-09-01T18:52:51","slug":"pf-identifica-ao-menos-06-encontros-entre-vorcaro-e-moraes","status":"publish","type":"post","link":"https:\/\/tvbrazilusa.com\/pt\/2026\/09\/01\/pf-identifica-ao-menos-06-encontros-entre-vorcaro-e-moraes\/","title":{"rendered":"PF identifica ao menos 06 encontros entre Vorcaro e Moraes"},"content":{"rendered":"<script async src=\"https:\/\/pagead2.googlesyndication.com\/pagead\/js\/adsbygoogle.js?client=ca-pub-8864793242727901\"\r\n     crossorigin=\"anonymous\"><\/script>\n<div id=\"cd-article-content\" itemprop=\"articleBody\">\n<p class=\"wp-block-paragraph\">A Pol\u00edcia Federal identificou ind\u00edcios de ao menos seis encontros entre Daniel <a href=\"https:\/\/claudiodantas.com.br\/tag\/vorcaro\/\" data-type=\"post_tag\" data-id=\"13532\">Vorcaro<\/a>, dono do Banco Master, e o ministro Alexandre de Moraes, do Supremo Tribunal Federal (<a href=\"https:\/\/portal.stf.jus.br\/\" target=\"_blank\" rel=\"noopener\">STF<\/a>), entre novembro de 2024 e agosto de 2025. Os registros aparecem em mensagens extra\u00eddas do celular do banqueiro e foram reunidos em relat\u00f3rio da investiga\u00e7\u00e3o.<\/p>\n<p><a href=\"https:\/\/whatsapp.com\/channel\/0029VaTFkH2HVvTbkE883x1x\" target=\"_blank\" class=\"whatsapp-channel-message\" rel=\"noopener\">\u2705 Siga o canal do Claudio Dantas no WhatsApp<\/a><\/p>\n<p class=\"wp-block-paragraph\">O sigilo do documento foi retirado nesta ter\u00e7a-feira (1\u00ba) pelo ministro Andr\u00e9 <a href=\"https:\/\/claudiodantas.com.br\/tag\/mendonca-2\/\" data-type=\"post_tag\" data-id=\"15280\">Mendon\u00e7a<\/a>, relator do caso Master no STF. As conversas indicam encontros em diferentes locais, inclusive na resid\u00eancia de Vorcaro. Em algumas mensagens, o pr\u00f3prio banqueiro informa a interlocutores que estava com Moraes. Em outras, funcion\u00e1rios tratam da chegada do ministro e da organiza\u00e7\u00e3o das reuni\u00f5es.<\/p>\n<h3 class=\"wp-block-heading\">Mensagens registram encontros<\/h3>\n<p class=\"wp-block-paragraph\">Um dos primeiros registros apontados pela <a href=\"https:\/\/claudiodantas.com.br\/tag\/denuncia-pf\/\" data-type=\"post_tag\" data-id=\"6018\">PF <\/a>ocorreu em 15 de novembro de 2024. Naquele dia, Vorcaro informou \u00e0 filha que estava \u201ccom alexandre moraes\u201d. Antes disso, mensagens mostram F\u00e1bio Faria, ex-ministro das Comunica\u00e7\u00f5es, intermediando a marca\u00e7\u00e3o de um encontro entre o banqueiro e o ministro. Faria n\u00e3o \u00e9 investigado.<\/p>\n<p class=\"wp-block-paragraph\">Em 19 de mar\u00e7o de 2025, h\u00e1 outro conjunto de registros. Um funcion\u00e1rio de Vorcaro avisou que o \u201cMin Alexandre chegou\u201d. Pouco depois, o banqueiro disse a uma interlocutora que estava com <a href=\"https:\/\/claudiodantas.com.br\/tag\/alexandre-moraes\/\" data-type=\"post_tag\" data-id=\"13501\">Moraes <\/a>e informou a um diretor do Banco Central que estava \u201ccom Moraes aqui\u201d. Na madrugada seguinte, relatou a chegada de outras pessoas para falar com Alexandre. Segundo a PF, o contexto indica que o encontro pode ter durado mais de quatro horas.<\/p>\n<p class=\"wp-block-paragraph\">Outro registro aparece em 19 de abril. Vorcaro disse que estava \u201cindo encontrar alexandre moraes aqui perto de casa\u201d. Na conversa, afirmou que o ministro passava o feriado em local identificado como \u201cCampos\u201d, em prov\u00e1vel refer\u00eancia a Campos do Jord\u00e3o.<\/p>\n<p class=\"wp-block-paragraph\">Em 29 de abril, o banqueiro voltou a mencionar Alexandre. Primeiro, afirmou que estava com \u201cAlexandre\u201d. Mais tarde, ap\u00f3s conversar com Martha Graeff, confirmou que a pessoa que estava com ele era \u201calexandre moraes\u201d.<\/p>\n<p class=\"wp-block-paragraph\">J\u00e1 em 21 de maio, Vorcaro respondeu a uma pergunta sobre sua agenda dizendo que estava em casa e acrescentou que estava com \u201cCiro e alexandre\u201d.<\/p>\n<p class=\"wp-block-paragraph\">O sexto registro apontado pela PF ocorreu em 8 de agosto de 2025. Questionado sobre uma poss\u00edvel viagem, Vorcaro respondeu que provavelmente n\u00e3o poderia viajar porque estava com \u201calexandre\u201d. Depois, afirmou que teria uma reuni\u00e3o com \u201cCiro\u201d.<\/p>\n<h3 class=\"wp-block-heading\">H\u00e1 ainda um poss\u00edvel s\u00e9timo encontro<\/h3>\n<p class=\"wp-block-paragraph\">O relat\u00f3rio cita tamb\u00e9m uma poss\u00edvel reuni\u00e3o em 26 de maio de 2025. Na ocasi\u00e3o, Vorcaro disse \u00e0 ent\u00e3o namorada que teria um encontro com \u201calexandre\u201d e mencionou um jantar com as mulheres de F\u00e1bio Faria e do ministro.<\/p>\n<p class=\"wp-block-paragraph\">A PF, por\u00e9m, n\u00e3o encontrou, nesse trecho, elementos suficientes para confirmar que o encontro ocorreu.<\/p>\n<h3 class=\"wp-block-heading\">Rela\u00e7\u00e3o com o caso Master<\/h3>\n<p class=\"wp-block-paragraph\">Os registros passam a integrar o conjunto de informa\u00e7\u00f5es analisadas no caso Master. A retirada do sigilo permite o acesso aos elementos reunidos pela PF sobre a rela\u00e7\u00e3o entre Vorcaro e pessoas citadas nas comunica\u00e7\u00f5es do banqueiro.<\/p>\n<p class=\"wp-block-paragraph\">O relat\u00f3rio n\u00e3o apenas registra as mensagens. Em diferentes epis\u00f3dios, h\u00e1 refer\u00eancias a encontros presenciais, intermedia\u00e7\u00e3o de terceiros e tratativas para combinar hor\u00e1rios e locais.<\/p>\n<p class=\"wp-block-paragraph\"><strong>Nota editorial:<\/strong> mantive as aspas exatamente como aparecem no documento, inclusive a grafia em min\u00fasculas, para n\u00e3o alterar o conte\u00fado das mensagens.<\/p>\n<\/div>\n<p><script>!function(f,b,e,v,n,t,s){if(f.fbq)return;n=f.fbq=function(){n.callMethod?n.callMethod.apply(n,arguments):n.queue.push(arguments)};if(!f._fbq)f._fbq=n;n.push=n;n.loaded=!0;n.version='2.0';n.queue=[];t=b.createElement(e);t.async=!0;t.src=v;s=b.getElementsByTagName(e)[0];s.parentNode.insertBefore(t,s)}(window,document,'script','https:\/\/connect.facebook.net\/en_US\/fbevents.js');fbq('init','1423865622537930');fbq('track','PageView');<\/script><br \/>\n<br \/><br \/>\n<br \/><a href=\"https:\/\/claudiodantas.com.br\/pf-identifica-indicios-de-seis-encontros-entre-vorcaro-e-moraes\/\">Source link <\/a><\/p>","protected":false},"excerpt":{"rendered":"<p>A Pol\u00edcia Federal identificou ind\u00edcios de ao menos seis encontros entre Daniel Vorcaro, dono do Banco Master, e o ministro Alexandre de Moraes, do Supremo Tribunal Federal (STF), entre novembro&hellip;<\/p>","protected":false},"author":1,"featured_media":141698,"comment_status":"closed","ping_status":"open","sticky":false,"template":"","format":"standard","meta":{"content-type":"","footnotes":""},"categories":[16],"tags":[],"class_list":["post-141697","post","type-post","status-publish","format-standard","has-post-thumbnail","hentry","category-noticias"],"_links":{"self":[{"href":"https:\/\/tvbrazilusa.com\/pt\/wp-json\/wp\/v2\/posts\/141697","targetHints":{"allow":["GET"]}}],"collection":[{"href":"https:\/\/tvbrazilusa.com\/pt\/wp-json\/wp\/v2\/posts"}],"about":[{"href":"https:\/\/tvbrazilusa.com\/pt\/wp-json\/wp\/v2\/types\/post"}],"author":[{"embeddable":true,"href":"https:\/\/tvbrazilusa.com\/pt\/wp-json\/wp\/v2\/users\/1"}],"replies":[{"embeddable":true,"href":"https:\/\/tvbrazilusa.com\/pt\/wp-json\/wp\/v2\/comments?post=141697"}],"version-history":[{"count":1,"href":"https:\/\/tvbrazilusa.com\/pt\/wp-json\/wp\/v2\/posts\/141697\/revisions"}],"predecessor-version":[{"id":141699,"href":"https:\/\/tvbrazilusa.com\/pt\/wp-json\/wp\/v2\/posts\/141697\/revisions\/141699"}],"wp:featuredmedia":[{"embeddable":true,"href":"https:\/\/tvbrazilusa.com\/pt\/wp-json\/wp\/v2\/media\/141698"}],"wp:attachment":[{"href":"https:\/\/tvbrazilusa.com\/pt\/wp-json\/wp\/v2\/media?parent=141697"}],"wp:term":[{"taxonomy":"category","embeddable":true,"href":"https:\/\/tvbrazilusa.com\/pt\/wp-json\/wp\/v2\/categories?post=141697"},{"taxonomy":"post_tag","embeddable":true,"href":"https:\/\/tvbrazilusa.com\/pt\/wp-json\/wp\/v2\/tags?post=141697"}],"curies":[{"name":"wp","href":"https:\/\/api.w.org\/{rel}","templated":true}]}}