{"id":141703,"date":"2026-09-01T19:01:41","date_gmt":"2026-09-01T19:01:41","guid":{"rendered":"https:\/\/tvbrazilusa.com\/2026\/09\/01\/vorcaro-ajuda-a-moraes-antes-prisao-temos-que-desarmar-isso\/"},"modified":"2026-09-01T19:04:26","modified_gmt":"2026-09-01T19:04:26","slug":"vorcaro-ajuda-a-moraes-antes-prisao-temos-que-desarmar-isso","status":"publish","type":"post","link":"https:\/\/tvbrazilusa.com\/pt\/2026\/09\/01\/vorcaro-ajuda-a-moraes-antes-prisao-temos-que-desarmar-isso\/","title":{"rendered":"Vorcaro ajuda a Moraes antes pris\u00e3o: Temos que desarmar isso"},"content":{"rendered":"<script async src=\"https:\/\/pagead2.googlesyndication.com\/pagead\/js\/adsbygoogle.js?client=ca-pub-8864793242727901\"\r\n     crossorigin=\"anonymous\"><\/script>\n<div id=\"cd-article-content\" itemprop=\"articleBody\">\n<p class=\"wp-block-paragraph\">O <a href=\"https:\/\/claudiodantas.com.br\/tag\/daniel-vorcaro\/\" data-type=\"post_tag\" data-id=\"10691\">ex-banqueiro Daniel Vorcaro<\/a> procurou o ministro do <a href=\"https:\/\/portal.stf.jus.br\/\" target=\"_blank\" rel=\"noopener\">Supremo Tribunal Federal (STF)<\/a> Alexandre de Moraes nos dias que antecederam sua pris\u00e3o e a liquida\u00e7\u00e3o extrajudicial do Banco Master. Em uma das mensagens, enviada na madrugada de 16 de novembro de 2025, Vorcaro pediu ajuda para tentar conter o que classificava como uma amea\u00e7a \u00e0 institui\u00e7\u00e3o.<\/p>\n<p><a href=\"https:\/\/whatsapp.com\/channel\/0029VaTFkH2HVvTbkE883x1x\" target=\"_blank\" class=\"whatsapp-channel-message\" rel=\"noopener\">\u2705 Siga o canal do Claudio Dantas no WhatsApp<\/a><\/p>\n<p class=\"wp-block-paragraph\">\u201cMuita sacanagem isso. Estou perplexo e indignado. Esses caras v\u00e3o destruir todo o neg\u00f3cio e sem volta. De repente, at\u00e9 melhor eu encarar de frente. Temos que dar um jeito de desarmar isso, meu Deus\u201d, escreveu o empres\u00e1rio a Moraes \u00e0s 0h49.<\/p>\n<p class=\"wp-block-paragraph\">As mensagens fazem parte de um relat\u00f3rio da Pol\u00edcia Federal que analisou o conte\u00fado extra\u00eddo do celular de Vorcaro. O sigilo do material foi retirado nesta ter\u00e7a-feira (1\u00ba) pelo ministro do Supremo Tribunal Federal (STF) Andr\u00e9 Mendon\u00e7a, relator do caso.<\/p>\n<p class=\"wp-block-paragraph\">A sequ\u00eancia de conversas mostra que Vorcaro buscava informa\u00e7\u00f5es sobre o que poderia ocorrer nos dias seguintes. Em 15 de novembro, perguntou diretamente a Moraes se deveria deixar o pa\u00eds.<\/p>\n<p class=\"wp-block-paragraph\">\u201cAcha que segunda j\u00e1 tenho que estar fora?\u201d, escreveu.<\/p>\n<p class=\"wp-block-paragraph\">Na mesma mensagem, Vorcaro questionou: \u201cAquele mesmo juiz Ricardo? E o (Gabriel) Gal\u00edpolo (presidente do Banco Central) t\u00e1 sabendo? Conseguimos fazer algo?\u201d.<\/p>\n<p class=\"wp-block-paragraph\">No dia seguinte, voltou a abordar o assunto: \u201cVoc\u00ea acha que existe alguma chance disso acontecer amanh\u00e3 de manh\u00e3?\u201d.<\/p>\n<p class=\"wp-block-paragraph\">Para a PF, o conjunto das conversas permite deduzir que Vorcaro recebia de Moraes informa\u00e7\u00f5es relacionadas ao andamento da Opera\u00e7\u00e3o Compliance Zero, inclusive sobre datas e hor\u00e1rios de dilig\u00eancias planejadas pelos investigadores.<\/p>\n<p class=\"wp-block-paragraph\"><strong>Mensagem antes da pris\u00e3o<\/strong><\/p>\n<p class=\"wp-block-paragraph\">A comunica\u00e7\u00e3o entre os dois continuou at\u00e9 o dia da pris\u00e3o de Vorcaro. Em 17 de novembro de 2025, \u00e0s 23h48, poucos minutos antes de ser detido no Aeroporto Internacional de Guarulhos, o empres\u00e1rio enviou outra mensagem ao ministro.<\/p>\n<p class=\"wp-block-paragraph\">\u201cTo indo assinar com os investidores de fora e estou online\u201d, escreveu.<\/p>\n<p class=\"wp-block-paragraph\">Vorcaro foi preso preventivamente quando tentava embarcar em um avi\u00e3o particular com destino a Dubai. No dia seguinte, a Pol\u00edcia Federal deflagrou a Opera\u00e7\u00e3o Compliance Zero, enquanto o Banco Central decretou a liquida\u00e7\u00e3o extrajudicial do Banco Master.<\/p>\n<p class=\"wp-block-paragraph\">Segundo o relat\u00f3rio, as conversas entre Vorcaro e Moraes utilizavam mensagens tempor\u00e1rias. Para preservar os registros, o empres\u00e1rio recorria a capturas de tela de textos escritos no aplicativo Notas de seu celular.<\/p>\n<p class=\"wp-block-paragraph\">\u201cGratid\u00e3o da minha vida\u201d<\/p>\n<p class=\"wp-block-paragraph\">A rela\u00e7\u00e3o entre os dois tamb\u00e9m aparece em uma mensagem enviada por Vorcaro em 14 de novembro, tr\u00eas dias antes da pris\u00e3o. Na ocasi\u00e3o, o empres\u00e1rio agradeceu a Moraes pelo que classificou como apoio recebido.<\/p>\n<p class=\"wp-block-paragraph\">\u201cEstamos juntos sempre. Voc\u00ea sabe que tenho gratid\u00e3o da minha vida a voc\u00ea\u201d, escreveu.<\/p>\n<p class=\"wp-block-paragraph\">Na sequ\u00eancia, acrescentou:<\/p>\n<p class=\"wp-block-paragraph\">\u201cToda minha fam\u00edlia, funcion\u00e1rios, parceiros amigos que dependem de nos tem uma divida de vida contigo e com sua fam\u00edlia. Muito obrigado por tudo. Agora \u00e9 continuar na pegada pra conseguir concluir, se Deus quiser\u201d.<\/p>\n<p class=\"wp-block-paragraph\">As mensagens passaram a integrar o conjunto de elementos analisados pela PF para reconstruir a rela\u00e7\u00e3o entre Vorcaro e autoridades \u00e0s v\u00e9speras da interven\u00e7\u00e3o no Banco Master.<\/p>\n<p class=\"wp-block-paragraph\">A divulga\u00e7\u00e3o do conte\u00fado ocorreu ap\u00f3s Andr\u00e9 Mendon\u00e7a retirar o sigilo do procedimento e acontece no momento em que a investiga\u00e7\u00e3o tamb\u00e9m apura outras intera\u00e7\u00f5es do ex-banqueiro com integrantes de \u00f3rg\u00e3os p\u00fablicos.<\/p>\n<\/div>\n<p><script>!function(f,b,e,v,n,t,s){if(f.fbq)return;n=f.fbq=function(){n.callMethod?n.callMethod.apply(n,arguments):n.queue.push(arguments)};if(!f._fbq)f._fbq=n;n.push=n;n.loaded=!0;n.version='2.0';n.queue=[];t=b.createElement(e);t.async=!0;t.src=v;s=b.getElementsByTagName(e)[0];s.parentNode.insertBefore(t,s)}(window,document,'script','https:\/\/connect.facebook.net\/en_US\/fbevents.js');fbq('init','1423865622537930');fbq('track','PageView');<\/script><br \/>\n<br \/><br \/>\n<br \/><a href=\"https:\/\/claudiodantas.com.br\/vorcaro-pediu-ajuda-a-moraes-antes-de-prisao\/\">Source link <\/a><\/p>","protected":false},"excerpt":{"rendered":"<p>O ex-banqueiro Daniel Vorcaro procurou o ministro do Supremo Tribunal Federal (STF) Alexandre de Moraes nos dias que antecederam sua pris\u00e3o e a liquida\u00e7\u00e3o extrajudicial do Banco Master. Em uma&hellip;<\/p>","protected":false},"author":1,"featured_media":138200,"comment_status":"closed","ping_status":"open","sticky":false,"template":"","format":"standard","meta":{"content-type":"","footnotes":""},"categories":[16],"tags":[],"class_list":["post-141703","post","type-post","status-publish","format-standard","has-post-thumbnail","hentry","category-noticias"],"_links":{"self":[{"href":"https:\/\/tvbrazilusa.com\/pt\/wp-json\/wp\/v2\/posts\/141703","targetHints":{"allow":["GET"]}}],"collection":[{"href":"https:\/\/tvbrazilusa.com\/pt\/wp-json\/wp\/v2\/posts"}],"about":[{"href":"https:\/\/tvbrazilusa.com\/pt\/wp-json\/wp\/v2\/types\/post"}],"author":[{"embeddable":true,"href":"https:\/\/tvbrazilusa.com\/pt\/wp-json\/wp\/v2\/users\/1"}],"replies":[{"embeddable":true,"href":"https:\/\/tvbrazilusa.com\/pt\/wp-json\/wp\/v2\/comments?post=141703"}],"version-history":[{"count":1,"href":"https:\/\/tvbrazilusa.com\/pt\/wp-json\/wp\/v2\/posts\/141703\/revisions"}],"predecessor-version":[{"id":141704,"href":"https:\/\/tvbrazilusa.com\/pt\/wp-json\/wp\/v2\/posts\/141703\/revisions\/141704"}],"wp:featuredmedia":[{"embeddable":true,"href":"https:\/\/tvbrazilusa.com\/pt\/wp-json\/wp\/v2\/media\/138200"}],"wp:attachment":[{"href":"https:\/\/tvbrazilusa.com\/pt\/wp-json\/wp\/v2\/media?parent=141703"}],"wp:term":[{"taxonomy":"category","embeddable":true,"href":"https:\/\/tvbrazilusa.com\/pt\/wp-json\/wp\/v2\/categories?post=141703"},{"taxonomy":"post_tag","embeddable":true,"href":"https:\/\/tvbrazilusa.com\/pt\/wp-json\/wp\/v2\/tags?post=141703"}],"curies":[{"name":"wp","href":"https:\/\/api.w.org\/{rel}","templated":true}]}}