{"id":141711,"date":"2026-09-01T19:24:43","date_gmt":"2026-09-01T19:24:43","guid":{"rendered":"https:\/\/tvbrazilusa.com\/2026\/09\/01\/damares-propoe-travar-senado-por-impeachment-de-moraes\/"},"modified":"2026-09-01T19:28:52","modified_gmt":"2026-09-01T19:28:52","slug":"damares-propoe-travar-senado-por-impeachment-de-moraes","status":"publish","type":"post","link":"https:\/\/tvbrazilusa.com\/pt\/2026\/09\/01\/damares-propoe-travar-senado-por-impeachment-de-moraes\/","title":{"rendered":"Damares prop\u00f5e travar Senado por impeachment de Moraes"},"content":{"rendered":"<script async src=\"https:\/\/pagead2.googlesyndication.com\/pagead\/js\/adsbygoogle.js?client=ca-pub-8864793242727901\"\r\n     crossorigin=\"anonymous\"><\/script>\n<div id=\"cd-article-content\" itemprop=\"articleBody\">\n<p class=\"wp-block-paragraph\">A senadora <a href=\"https:\/\/claudiodantas.com.br\/tag\/damares\/\" data-type=\"post_tag\" data-id=\"7697\">Damares <\/a>Alves (Republicanos-DF) gravou um v\u00eddeo nesta ter\u00e7a-feira (1\u00ba) em que orienta a oposi\u00e7\u00e3o a realizar uma obstru\u00e7\u00e3o total das vota\u00e7\u00f5es no Senado. A proposta da parlamentar \u00e9 paralisar a Casa Legislativa at\u00e9 que o ministro Alexandre de Moraes, do Supremo Tribunal Federal (<a href=\"https:\/\/portal.stf.jus.br\/\" target=\"_blank\" rel=\"noopener\">STF<\/a>), seja afastado do cargo ou renuncie.<\/p>\n<p><a href=\"https:\/\/whatsapp.com\/channel\/0029VaTFkH2HVvTbkE883x1x\" target=\"_blank\" class=\"whatsapp-channel-message\" rel=\"noopener\">\u2705 Siga o canal do Claudio Dantas no WhatsApp<\/a><\/p>\n<p class=\"wp-block-paragraph\">A rea\u00e7\u00e3o ocorre no mesmo dia em que Damares anunciou que protocolar\u00e1, na tarde de hoje, um novo pedido de impeachment contra o magistrado, com apoio da bancada de oposi\u00e7\u00e3o.<\/p>\n<p class=\"wp-block-paragraph\">\u201cEstou conversando com todos os colegas para que a gente n\u00e3o vote mais nada esta semana\u201d, afirmou a senadora no v\u00eddeo divulgado em suas redes sociais.<\/p>\n<p class=\"wp-block-paragraph\">\u201cN\u00e3o se vota nenhuma PEC, nenhum projeto de lei, se Alexandre de <a href=\"https:\/\/claudiodantas.com.br\/tag\/alexandre-moraes\/\" data-type=\"post_tag\" data-id=\"13501\">Moraes <\/a>n\u00e3o renunciar ou se a gente n\u00e3o impich\u00e1-lo. Enquanto esse homem estiver no Supremo, n\u00f3s n\u00e3o vamos votar nada aqui no Senado\u201d.<\/p>\n<p class=\"wp-block-paragraph\">A estrat\u00e9gia anunciada por Damares ocorre ap\u00f3s novas revela\u00e7\u00f5es da investiga\u00e7\u00e3o sobre o Banco Master. O ministro Andr\u00e9 Mendon\u00e7a retirou nesta ter\u00e7a-feira o sigilo de uma a\u00e7\u00e3o que re\u00fane mensagens e documentos sobre a rela\u00e7\u00e3o entre o ex-banqueiro Daniel Vorcaro e Moraes. O material foi extra\u00eddo do celular de Vorcaro pela Pol\u00edcia Federal.<\/p>\n<p class=\"wp-block-paragraph\">Entre os elementos que vieram a p\u00fablico est\u00e3o mensagens atribu\u00eddas a Vorcaro que fazem refer\u00eancia a uma suposta tentativa de obter prote\u00e7\u00e3o junto a integrantes da PF e da Procuradoria-Geral da Rep\u00fablica. A investiga\u00e7\u00e3o tamb\u00e9m re\u00fane informa\u00e7\u00f5es sobre o contrato de R$ 131 milh\u00f5es entre o Banco Master e o escrit\u00f3rio Barci de Moraes, comandado pela advogada Viviane Barci de Moraes, esposa do ministro.<\/p>\n<figure class=\"wp-block-embed is-type-rich is-provider-x wp-block-embed-x\"\/>\n<h3 class=\"wp-block-heading\">Carlos Viana cobra abertura do processo<\/h3>\n<p class=\"wp-block-paragraph\">O senador Carlos Viana (PSD-MG) tamb\u00e9m <a href=\"https:\/\/x.com\/carlosaviana\/status\/2094834345617871351?s=20\">anunciou <\/a>nesta ter\u00e7a-feira que protocolou um pedido de impeachment contra Moraes.<\/p>\n<p class=\"wp-block-paragraph\">\u201cACABO DE PEDIR O IMPEACHMENT DE ALEXANDRE DE MORAES. A PF encontrou o contrato de R$ 131 milh\u00f5es. Os metadados apontam o nome do ministro. O documento previa atua\u00e7\u00e3o perante a pr\u00f3pria PF. E agora surgem mensagens e cotas de um jato.\u201d<\/p>\n<p class=\"wp-block-paragraph\">Viana direcionou o recado ao presidente do Senado, Davi Alcolumbre (Uni\u00e3o-AP), e afirmou que poder\u00e1 pedir o afastamento do senador da Presid\u00eancia da Casa caso o pedido seja arquivado.<\/p>\n<p class=\"wp-block-paragraph\">\u201cSe engavetar o pedido de impeachment de Alexandre de Moraes para proteg\u00ea-lo da investiga\u00e7\u00e3o do Senado, pedirei o afastamento de Alcolumbre da Presid\u00eancia da Casa e sua responsabiliza\u00e7\u00e3o.\u201d<\/p>\n<p class=\"wp-block-paragraph\">\u201cQuem usa a cadeira para blindar autoridade investigada perde a legitimidade para continuar sentado nela.\u201d<\/p>\n<figure class=\"wp-block-embed is-type-rich is-provider-x wp-block-embed-x\">\n<div class=\"wp-block-embed__wrapper\">\n<blockquote class=\"twitter-tweet\" data-width=\"500\" data-dnt=\"true\">\n<p lang=\"pt\" dir=\"ltr\">\ud83d\udea8 ACABO DE PEDIR O IMPEACHMENT DE ALEXANDRE DE MORAES.<\/p>\n<p>A PF encontrou o contrato de R$ 131 milh\u00f5es. Os metadados apontam o nome do ministro. O documento previa atua\u00e7\u00e3o perante a pr\u00f3pria PF. E agora surgem mensagens e cotas de um jato.<\/p>\n<p>O RECADO A DAVI ALCOLUMBRE \u00c9 DIRETO:<\/p>\n<p>Se\u2026<\/p>\n<p>\u2014 Carlos Viana (@carlosaviana) <a href=\"https:\/\/x.com\/carlosaviana\/status\/2094834345617871351?ref_src=twsrc%5Etfw\">September 1, 2026<\/a><\/p><\/blockquote>\n<\/div>\n<\/figure>\n<h3 class=\"wp-block-heading\">Oposi\u00e7\u00e3o amplia press\u00e3o<\/h3>\n<p class=\"wp-block-paragraph\">Deputados da oposi\u00e7\u00e3o tamb\u00e9m passaram a defender publicamente a abertura de um processo contra Moraes ap\u00f3s a divulga\u00e7\u00e3o dos novos documentos.<\/p>\n<p class=\"wp-block-paragraph\">O deputado Sanderson, candidato ao Senado pelo Rio Grande do Sul, afirmou que as informa\u00e7\u00f5es precisam ser investigadas pelo Senado.<\/p>\n<p class=\"wp-block-paragraph\">\u201cEstamos diante de den\u00fancias grav\u00edssimas envolvendo contratos milion\u00e1rios, autoridades e documentos que precisam ser esclarecidos.<\/p>\n<p class=\"wp-block-paragraph\">Surgiram informa\u00e7\u00f5es sobre uma poss\u00edvel edi\u00e7\u00e3o de arquivo por um perfil identificado como \u2018Ministro Alexandre de Moraes\u2019, al\u00e9m de mensagens atribu\u00eddas a Daniel Vorcaro mencionando uma suposta \u2018prote\u00e7\u00e3o\u2019 junto \u00e0 PF e \u00e0 PGR.<\/p>\n<p class=\"wp-block-paragraph\">\u00c9 preciso investigar, garantir transpar\u00eancia e cobrar respostas. Numa Rep\u00fablica, ningu\u00e9m pode estar acima da lei. Justi\u00e7a tem que valer para todos.\u201d<\/p>\n<p class=\"wp-block-paragraph\">Rodrigo Valadares, candidato ao Senado por Sergipe, tamb\u00e9m defendeu o impeachment, mas condicionou a responsabiliza\u00e7\u00e3o criminal \u00e0 comprova\u00e7\u00e3o das acusa\u00e7\u00f5es.<\/p>\n<p class=\"wp-block-paragraph\">\u201cNo Brasil, ningu\u00e9m pode estar acima da lei. A Justi\u00e7a precisa valer para todos, sem privil\u00e9gios, exce\u00e7\u00f5es ou blindagens. As den\u00fancias e revela\u00e7\u00f5es que vieram a p\u00fablico s\u00e3o grav\u00edssimas e precisam ser rigorosamente investigadas, com transpar\u00eancia, responsabilidade e absoluto respeito ao devido processo legal.<\/p>\n<p class=\"wp-block-paragraph\">Diante da gravidade dos fatos, Alexandre de Moraes deve sofrer impeachment e, caso sejam comprovados os crimes que lhe s\u00e3o atribu\u00eddos, responder por seus atos na forma da lei. O Senado Federal n\u00e3o pode se omitir e precisa cumprir o seu papel constitucional.<\/p>\n<p class=\"wp-block-paragraph\">O Brasil n\u00e3o pode aceitar cidad\u00e3os intoc\u00e1veis ou autoridades acima da lei. O pa\u00eds precisa de Justi\u00e7a, e Justi\u00e7a, para ser verdadeiramente Justi\u00e7a, tem que valer para todos.\u201d<\/p>\n<h3 class=\"wp-block-heading\">Press\u00e3o sobre Alcolumbre<\/h3>\n<p class=\"wp-block-paragraph\">A ofensiva da oposi\u00e7\u00e3o coloca o presidente do Senado no centro da disputa sobre o futuro dos pedidos contra Moraes. O Senado \u00e9 respons\u00e1vel por processar e julgar ministros do STF por crimes de responsabilidade, conforme o artigo 52 da Constitui\u00e7\u00e3o.<\/p>\n<p class=\"wp-block-paragraph\">A cobran\u00e7a n\u00e3o \u00e9 in\u00e9dita. Em mar\u00e7o, o Novo protocolou pedido de impeachment contra Moraes e anunciou tamb\u00e9m uma representa\u00e7\u00e3o no Conselho de \u00c9tica contra Alcolumbre.<\/p>\n<p class=\"wp-block-paragraph\">O movimento desta ter\u00e7a-feira ganha for\u00e7a ap\u00f3s Mendon\u00e7a retirar o sigilo do material relacionado a Vorcaro e Moraes. O ministro tamb\u00e9m pediu informa\u00e7\u00f5es \u00e0 PGR antes de decidir os pr\u00f3ximos passos da investiga\u00e7\u00e3o.<\/p>\n<p class=\"wp-block-paragraph\">O caso passa, agora, a ter dois fronts no Congresso: a press\u00e3o pela abertura de processo contra Moraes e a cobran\u00e7a para que Alcolumbre d\u00ea andamento \u00e0s representa\u00e7\u00f5es j\u00e1 apresentadas.<\/p>\n<\/div>\n<p><script>!function(f,b,e,v,n,t,s){if(f.fbq)return;n=f.fbq=function(){n.callMethod?n.callMethod.apply(n,arguments):n.queue.push(arguments)};if(!f._fbq)f._fbq=n;n.push=n;n.loaded=!0;n.version='2.0';n.queue=[];t=b.createElement(e);t.async=!0;t.src=v;s=b.getElementsByTagName(e)[0];s.parentNode.insertBefore(t,s)}(window,document,'script','https:\/\/connect.facebook.net\/en_US\/fbevents.js');fbq('init','1423865622537930');fbq('track','PageView');<\/script><br \/>\n<br \/><br \/>\n<br \/><a href=\"https:\/\/claudiodantas.com.br\/damares-travar-senado-impeachment-moraes\/\">Source link <\/a><\/p>","protected":false},"excerpt":{"rendered":"<p>A senadora Damares Alves (Republicanos-DF) gravou um v\u00eddeo nesta ter\u00e7a-feira (1\u00ba) em que orienta a oposi\u00e7\u00e3o a realizar uma obstru\u00e7\u00e3o total das vota\u00e7\u00f5es no Senado. A proposta da parlamentar \u00e9&hellip;<\/p>","protected":false},"author":1,"featured_media":141712,"comment_status":"closed","ping_status":"open","sticky":false,"template":"","format":"standard","meta":{"content-type":"","footnotes":""},"categories":[16],"tags":[],"class_list":["post-141711","post","type-post","status-publish","format-standard","has-post-thumbnail","hentry","category-noticias"],"_links":{"self":[{"href":"https:\/\/tvbrazilusa.com\/pt\/wp-json\/wp\/v2\/posts\/141711","targetHints":{"allow":["GET"]}}],"collection":[{"href":"https:\/\/tvbrazilusa.com\/pt\/wp-json\/wp\/v2\/posts"}],"about":[{"href":"https:\/\/tvbrazilusa.com\/pt\/wp-json\/wp\/v2\/types\/post"}],"author":[{"embeddable":true,"href":"https:\/\/tvbrazilusa.com\/pt\/wp-json\/wp\/v2\/users\/1"}],"replies":[{"embeddable":true,"href":"https:\/\/tvbrazilusa.com\/pt\/wp-json\/wp\/v2\/comments?post=141711"}],"version-history":[{"count":1,"href":"https:\/\/tvbrazilusa.com\/pt\/wp-json\/wp\/v2\/posts\/141711\/revisions"}],"predecessor-version":[{"id":141713,"href":"https:\/\/tvbrazilusa.com\/pt\/wp-json\/wp\/v2\/posts\/141711\/revisions\/141713"}],"wp:featuredmedia":[{"embeddable":true,"href":"https:\/\/tvbrazilusa.com\/pt\/wp-json\/wp\/v2\/media\/141712"}],"wp:attachment":[{"href":"https:\/\/tvbrazilusa.com\/pt\/wp-json\/wp\/v2\/media?parent=141711"}],"wp:term":[{"taxonomy":"category","embeddable":true,"href":"https:\/\/tvbrazilusa.com\/pt\/wp-json\/wp\/v2\/categories?post=141711"},{"taxonomy":"post_tag","embeddable":true,"href":"https:\/\/tvbrazilusa.com\/pt\/wp-json\/wp\/v2\/tags?post=141711"}],"curies":[{"name":"wp","href":"https:\/\/api.w.org\/{rel}","templated":true}]}}