{"id":141714,"date":"2026-09-01T19:48:05","date_gmt":"2026-09-01T19:48:05","guid":{"rendered":"https:\/\/tvbrazilusa.com\/2026\/09\/01\/tse-deve-definir-alcance-da-proibicao-de-deepfakes-nas-eleicoes\/"},"modified":"2026-09-01T19:48:38","modified_gmt":"2026-09-01T19:48:38","slug":"tse-deve-definir-alcance-da-proibicao-de-deepfakes-nas-eleicoes","status":"publish","type":"post","link":"https:\/\/tvbrazilusa.com\/pt\/2026\/09\/01\/tse-deve-definir-alcance-da-proibicao-de-deepfakes-nas-eleicoes\/","title":{"rendered":"TSE deve definir alcance da proibi\u00e7\u00e3o de deepfakes nas elei\u00e7\u00f5es"},"content":{"rendered":"<script async src=\"https:\/\/pagead2.googlesyndication.com\/pagead\/js\/adsbygoogle.js?client=ca-pub-8864793242727901\"\r\n     crossorigin=\"anonymous\"><\/script>\n<div id=\"cd-article-content\" itemprop=\"articleBody\">\n<p class=\"wp-block-paragraph\">A Justi\u00e7a Eleitoral tem mais de 50 a\u00e7\u00f5es que podem ser impactadas pela decis\u00e3o do Tribunal Superior Eleitoral (<a href=\"https:\/\/www.tse.jus.br\/videos\/tse-sessao-plenario-ao-vivo\" target=\"_blank\" rel=\"noopener\">TSE<\/a>), que deve definir nesta ter\u00e7a-feira (1\u00ba) o entendimento sobre a proibi\u00e7\u00e3o do uso de <a href=\"https:\/\/claudiodantas.com.br\/mendonca-tse-criterios-diferenciar-deepfake\/\" data-type=\"post\" data-id=\"114160\">deepfakes <\/a>nas campanhas eleitorais.<\/p>\n<p><a href=\"https:\/\/whatsapp.com\/channel\/0029VaTFkH2HVvTbkE883x1x\" target=\"_blank\" class=\"whatsapp-channel-message\" rel=\"noopener\">\u2705 Siga o canal do Claudio Dantas no WhatsApp<\/a><\/p>\n<p class=\"wp-block-paragraph\">Os processos envolvem <a href=\"https:\/\/claudiodantas.com.br\/mendonca-redes-deepfake-flavio-gaspar\/\" data-type=\"post\" data-id=\"113130\">conte\u00fados <\/a>produzidos com intelig\u00eancia artificial que simulam situa\u00e7\u00f5es inexistentes. Entre os casos est\u00e3o falsas manifesta\u00e7\u00f5es de apoio pol\u00edtico, pesquisas eleitorais que nunca foram realizadas, di\u00e1logos simulados entre candidatos e depoimentos fict\u00edcios de eleitores a candidatos ou jornalistas.<\/p>\n<p class=\"wp-block-paragraph\">Alguns desses conte\u00fados alcan\u00e7aram milh\u00f5es de visualiza\u00e7\u00f5es. Em determinados casos, as publica\u00e7\u00f5es n\u00e3o informavam que haviam sido produzidas ou modificadas com intelig\u00eancia artificial. Al\u00e9m da retirada do material, a Justi\u00e7a Eleitoral tem aplicado multas.<\/p>\n<p class=\"wp-block-paragraph\">H\u00e1 processos em tramita\u00e7\u00e3o, entre outros Estados, em S\u00e3o Paulo, Cear\u00e1, Bahia, Goi\u00e1s, Pernambuco e Maranh\u00e3o.<\/p>\n<p class=\"wp-block-paragraph\">A discuss\u00e3o ocorre em meio \u00e0 amplia\u00e7\u00e3o do uso de ferramentas de intelig\u00eancia artificial durante a campanha. O TSE e Tribunais Regionais Eleitorais (TREs) criaram estruturas espec\u00edficas para acompanhar conte\u00fados publicados nas redes sociais e identificar poss\u00edveis irregularidades.<\/p>\n<p class=\"wp-block-paragraph\">As campanhas tamb\u00e9m passaram a manter equipes dedicadas ao monitoramento das plataformas digitais.<\/p>\n<h2 class=\"wp-block-heading\">Regra para conte\u00fados realistas<\/h2>\n<p class=\"wp-block-paragraph\">A tend\u00eancia entre ministros do TSE \u00e9 manter a proibi\u00e7\u00e3o de deepfakes utilizados para favorecer ou prejudicar candidatos quando o material apresentar realismo suficiente para induzir o eleitor ao erro.<\/p>\n<p class=\"wp-block-paragraph\">A regulamenta\u00e7\u00e3o aprovada para as elei\u00e7\u00f5es deste ano pro\u00edbe conte\u00fados sint\u00e9ticos em \u00e1udio ou v\u00eddeo produzidos ou manipulados digitalmente para criar, substituir ou alterar imagem ou voz de pessoas vivas, mortas ou fict\u00edcias com finalidade eleitoral.<\/p>\n<p class=\"wp-block-paragraph\">A restri\u00e7\u00e3o vale mesmo quando houver autoriza\u00e7\u00e3o da pessoa cuja imagem ou voz foi reproduzida.<\/p>\n<p class=\"wp-block-paragraph\">O entendimento, por\u00e9m, diferencia conte\u00fados que n\u00e3o procuram reproduzir a realidade de maneira convincente. Memes, caricaturas, anima\u00e7\u00f5es e montagens sat\u00edricas tendem a receber tratamento diferente das pe\u00e7as realistas.<\/p>\n<h2 class=\"wp-block-heading\">Regras foram ampliadas para 2026<\/h2>\n<p class=\"wp-block-paragraph\">Nas elei\u00e7\u00f5es municipais de 2024, o TSE j\u00e1 havia proibido o uso de deepfakes e determinado a identifica\u00e7\u00e3o de conte\u00fados produzidos com intelig\u00eancia artificial.<\/p>\n<p class=\"wp-block-paragraph\">Naquele pleito, um dos principais problemas registrados foi a utiliza\u00e7\u00e3o de imagens e v\u00eddeos manipulados para atacar candidatas. Tamb\u00e9m houve casos de uso de IA para simular a participa\u00e7\u00e3o de padrinhos pol\u00edticos j\u00e1 mortos.<\/p>\n<p class=\"wp-block-paragraph\">Para as elei\u00e7\u00f5es de 2026, as regras foram ampliadas diante da evolu\u00e7\u00e3o das ferramentas de intelig\u00eancia artificial.<\/p>\n<p class=\"wp-block-paragraph\">Uma das novas restri\u00e7\u00f5es impede, nas 72 horas anteriores \u00e0 elei\u00e7\u00e3o e nas 24 horas seguintes \u00e0 vota\u00e7\u00e3o, a divulga\u00e7\u00e3o de conte\u00fados gerados por IA que utilizem imagem, voz ou manifesta\u00e7\u00e3o de candidatos ou de pessoas p\u00fablicas.<\/p>\n<p class=\"wp-block-paragraph\">A resolu\u00e7\u00e3o tamb\u00e9m estabelece obriga\u00e7\u00f5es para os provedores de internet. As plataformas dever\u00e3o adotar medidas para impedir a circula\u00e7\u00e3o de conte\u00fados que possam favorecer ou prejudicar candidaturas ou gerar desinforma\u00e7\u00e3o sobre o processo eleitoral.<\/p>\n<p class=\"wp-block-paragraph\"><strong>Ponto central da decis\u00e3o:<\/strong> o TSE dever\u00e1 consolidar como a Justi\u00e7a Eleitoral aplicar\u00e1 essas regras aos processos que j\u00e1 tramitam e estabelecer os limites entre conte\u00fado sint\u00e9tico proibido e manifesta\u00e7\u00f5es digitais que n\u00e3o tenham potencial de reproduzir a realidade de forma enganosa.<\/p>\n<\/div>\n<p><script>!function(f,b,e,v,n,t,s){if(f.fbq)return;n=f.fbq=function(){n.callMethod?n.callMethod.apply(n,arguments):n.queue.push(arguments)};if(!f._fbq)f._fbq=n;n.push=n;n.loaded=!0;n.version='2.0';n.queue=[];t=b.createElement(e);t.async=!0;t.src=v;s=b.getElementsByTagName(e)[0];s.parentNode.insertBefore(t,s)}(window,document,'script','https:\/\/connect.facebook.net\/en_US\/fbevents.js');fbq('init','1423865622537930');fbq('track','PageView');<\/script><br \/>\n<br \/><br \/>\n<br \/><a href=\"https:\/\/claudiodantas.com.br\/tse-deve-definir-alcance-da-proibicao-de-deepfakes-nas-eleicoes\/\">Source link <\/a><\/p>","protected":false},"excerpt":{"rendered":"<p>A Justi\u00e7a Eleitoral tem mais de 50 a\u00e7\u00f5es que podem ser impactadas pela decis\u00e3o do Tribunal Superior Eleitoral (TSE), que deve definir nesta ter\u00e7a-feira (1\u00ba) o entendimento sobre a proibi\u00e7\u00e3o&hellip;<\/p>","protected":false},"author":1,"featured_media":140884,"comment_status":"closed","ping_status":"open","sticky":false,"template":"","format":"standard","meta":{"content-type":"","footnotes":""},"categories":[16],"tags":[],"class_list":["post-141714","post","type-post","status-publish","format-standard","has-post-thumbnail","hentry","category-noticias"],"_links":{"self":[{"href":"https:\/\/tvbrazilusa.com\/pt\/wp-json\/wp\/v2\/posts\/141714","targetHints":{"allow":["GET"]}}],"collection":[{"href":"https:\/\/tvbrazilusa.com\/pt\/wp-json\/wp\/v2\/posts"}],"about":[{"href":"https:\/\/tvbrazilusa.com\/pt\/wp-json\/wp\/v2\/types\/post"}],"author":[{"embeddable":true,"href":"https:\/\/tvbrazilusa.com\/pt\/wp-json\/wp\/v2\/users\/1"}],"replies":[{"embeddable":true,"href":"https:\/\/tvbrazilusa.com\/pt\/wp-json\/wp\/v2\/comments?post=141714"}],"version-history":[{"count":1,"href":"https:\/\/tvbrazilusa.com\/pt\/wp-json\/wp\/v2\/posts\/141714\/revisions"}],"predecessor-version":[{"id":141715,"href":"https:\/\/tvbrazilusa.com\/pt\/wp-json\/wp\/v2\/posts\/141714\/revisions\/141715"}],"wp:featuredmedia":[{"embeddable":true,"href":"https:\/\/tvbrazilusa.com\/pt\/wp-json\/wp\/v2\/media\/140884"}],"wp:attachment":[{"href":"https:\/\/tvbrazilusa.com\/pt\/wp-json\/wp\/v2\/media?parent=141714"}],"wp:term":[{"taxonomy":"category","embeddable":true,"href":"https:\/\/tvbrazilusa.com\/pt\/wp-json\/wp\/v2\/categories?post=141714"},{"taxonomy":"post_tag","embeddable":true,"href":"https:\/\/tvbrazilusa.com\/pt\/wp-json\/wp\/v2\/tags?post=141714"}],"curies":[{"name":"wp","href":"https:\/\/api.w.org\/{rel}","templated":true}]}}