{"id":141716,"date":"2026-09-01T19:51:32","date_gmt":"2026-09-01T19:51:32","guid":{"rendered":"https:\/\/tvbrazilusa.com\/2026\/09\/01\/agora-toffoli-recua-e-libera-campanha-de-renan-santos\/"},"modified":"2026-09-01T19:54:28","modified_gmt":"2026-09-01T19:54:28","slug":"agora-toffoli-recua-e-libera-campanha-de-renan-santos","status":"publish","type":"post","link":"https:\/\/tvbrazilusa.com\/pt\/2026\/09\/01\/agora-toffoli-recua-e-libera-campanha-de-renan-santos\/","title":{"rendered":"Agora: Toffoli recua e libera campanha de Renan Santos"},"content":{"rendered":"<script async src=\"https:\/\/pagead2.googlesyndication.com\/pagead\/js\/adsbygoogle.js?client=ca-pub-8864793242727901\"\r\n     crossorigin=\"anonymous\"><\/script>\n<p class=\"wp-block-paragraph\">O ministro Dias Toffoli, do TSE, liberou as redes sociais, os repasses do Fundo Eleitoral e a participa\u00e7\u00e3o em debates do candidato \u00e0 Presid\u00eancia Renan Santos, do Miss\u00e3o. Em decis\u00e3o proferida agora h\u00e1 pouco (1\u00ba), Toffoli determinou que as plataformas restabele\u00e7am, em at\u00e9 duas horas, os perfis cadastrados pela campanha. As contas, por\u00e9m, continuar\u00e3o fora dos sistemas de recomenda\u00e7\u00e3o de conte\u00fado.<\/p>\n<p class=\"wp-block-paragraph\">A decis\u00e3o representa uma revis\u00e3o das medidas adotadas pelo pr\u00f3prio ministro no fim de semana. Na segunda-feira (31), Toffoli havia suspendido a propaganda digital de Renan, bloqueado repasses do Fundo Especial de Financiamento de Campanha (FEFC) e proibido sua participa\u00e7\u00e3o em debates de r\u00e1dio, televis\u00e3o, podcasts e outros meios.<\/p>\n<p class=\"wp-block-paragraph\">A restri\u00e7\u00e3o inicial foi motivada pela apresenta\u00e7\u00e3o tardia de 16 perfis da campanha \u00e0 Justi\u00e7a Eleitoral. Segundo a decis\u00e3o anterior, os endere\u00e7os foram informados 12 dias ap\u00f3s o pedido de registro da candidatura. Um dos perfis tinha 2,4 milh\u00f5es de seguidores e j\u00e1 veiculava propaganda eleitoral.<\/p>\n<p class=\"wp-block-paragraph\">Toffoli havia apontado poss\u00edvel vantagem decorrente da exposi\u00e7\u00e3o dos perfis aos algoritmos de recomenda\u00e7\u00e3o. O ministro considerou que a omiss\u00e3o poderia comprometer a isonomia entre os candidatos.<\/p>\n<h3 class=\"wp-block-heading\">Contas seguem fora das recomenda\u00e7\u00f5es<\/h3>\n<p class=\"wp-block-paragraph\">Apesar de restabelecer a campanha, Toffoli manteve uma restri\u00e7\u00e3o sobre as contas que n\u00e3o foram informadas dentro do prazo. Elas permanecem exclu\u00eddas dos sistemas de recomenda\u00e7\u00e3o das plataformas.<\/p>\n<p class=\"wp-block-paragraph\">A medida ocorre ap\u00f3s Meta, TikTok e YouTube terem retirado do ar ou suspendido perfis de Renan em cumprimento \u00e0 ordem anterior. A Meta informou ao TSE que tamb\u00e9m retirou as contas dos sistemas de recomenda\u00e7\u00e3o do Facebook e do Instagram.<\/p>\n<h3 class=\"wp-block-heading\">Decis\u00e3o anterior provocou rea\u00e7\u00e3o<\/h3>\n<p class=\"wp-block-paragraph\">A suspens\u00e3o determinada ainda ontem provocou rea\u00e7\u00e3o de candidatos \u00e0 Presid\u00eancia e de integrantes da direita. Fl\u00e1vio Bolsonaro (PL), Romeu Zema (Novo) e Ronaldo Caiado (PSD) criticaram a decis\u00e3o e defenderam a continuidade da candidatura de Renan.<\/p>\n<p class=\"wp-block-paragraph\">A defesa do candidato tamb\u00e9m pediu que o TSE revisasse a decis\u00e3o monocr\u00e1tica. Outros ministros da Corte defenderam que o tema fosse discutido pelo plen\u00e1rio do tribunal.<\/p>\n<p class=\"wp-block-paragraph\">A Ag\u00eancia Brasil, CNN, Reuters e Estad\u00e3o registraram a decis\u00e3o inicial como uma suspens\u00e3o da propaganda digital, do acesso ao Fundo Eleitoral e da participa\u00e7\u00e3o de Renan em debates.<\/p>\n<p class=\"wp-block-paragraph\">Com a nova decis\u00e3o de Toffoli, Renan volta a ter autoriza\u00e7\u00e3o para fazer campanha digital, receber recursos do Fundo Eleitoral e participar de debates. A restri\u00e7\u00e3o aos sistemas de recomenda\u00e7\u00e3o permanece.<\/p>\n<p><br \/>\n<br \/><a href=\"https:\/\/claudiodantas.com.br\/toffoli-recua-libera-campanha-renan-santos\/\">Source link <\/a><\/p>","protected":false},"excerpt":{"rendered":"<p>O ministro Dias Toffoli, do TSE, liberou as redes sociais, os repasses do Fundo Eleitoral e a participa\u00e7\u00e3o em debates do candidato \u00e0 Presid\u00eancia Renan Santos, do Miss\u00e3o. Em decis\u00e3o&hellip;<\/p>","protected":false},"author":1,"featured_media":141544,"comment_status":"closed","ping_status":"open","sticky":false,"template":"","format":"standard","meta":{"content-type":"","footnotes":""},"categories":[16],"tags":[],"class_list":["post-141716","post","type-post","status-publish","format-standard","has-post-thumbnail","hentry","category-noticias"],"_links":{"self":[{"href":"https:\/\/tvbrazilusa.com\/pt\/wp-json\/wp\/v2\/posts\/141716","targetHints":{"allow":["GET"]}}],"collection":[{"href":"https:\/\/tvbrazilusa.com\/pt\/wp-json\/wp\/v2\/posts"}],"about":[{"href":"https:\/\/tvbrazilusa.com\/pt\/wp-json\/wp\/v2\/types\/post"}],"author":[{"embeddable":true,"href":"https:\/\/tvbrazilusa.com\/pt\/wp-json\/wp\/v2\/users\/1"}],"replies":[{"embeddable":true,"href":"https:\/\/tvbrazilusa.com\/pt\/wp-json\/wp\/v2\/comments?post=141716"}],"version-history":[{"count":1,"href":"https:\/\/tvbrazilusa.com\/pt\/wp-json\/wp\/v2\/posts\/141716\/revisions"}],"predecessor-version":[{"id":141717,"href":"https:\/\/tvbrazilusa.com\/pt\/wp-json\/wp\/v2\/posts\/141716\/revisions\/141717"}],"wp:featuredmedia":[{"embeddable":true,"href":"https:\/\/tvbrazilusa.com\/pt\/wp-json\/wp\/v2\/media\/141544"}],"wp:attachment":[{"href":"https:\/\/tvbrazilusa.com\/pt\/wp-json\/wp\/v2\/media?parent=141716"}],"wp:term":[{"taxonomy":"category","embeddable":true,"href":"https:\/\/tvbrazilusa.com\/pt\/wp-json\/wp\/v2\/categories?post=141716"},{"taxonomy":"post_tag","embeddable":true,"href":"https:\/\/tvbrazilusa.com\/pt\/wp-json\/wp\/v2\/tags?post=141716"}],"curies":[{"name":"wp","href":"https:\/\/api.w.org\/{rel}","templated":true}]}}