{"id":141718,"date":"2026-09-01T20:54:10","date_gmt":"2026-09-01T20:54:10","guid":{"rendered":"https:\/\/tvbrazilusa.com\/2026\/09\/01\/vorcaro-pediu-a-moraes-encontro-com-galipolo-para-resolver\/"},"modified":"2026-09-01T20:56:36","modified_gmt":"2026-09-01T20:56:36","slug":"vorcaro-pediu-a-moraes-encontro-com-galipolo-para-resolver","status":"publish","type":"post","link":"https:\/\/tvbrazilusa.com\/pt\/2026\/09\/01\/vorcaro-pediu-a-moraes-encontro-com-galipolo-para-resolver\/","title":{"rendered":"Vorcaro pediu a Moraes encontro com Gal\u00edpolo para \u201cresolver&#8221;"},"content":{"rendered":"<script async src=\"https:\/\/pagead2.googlesyndication.com\/pagead\/js\/adsbygoogle.js?client=ca-pub-8864793242727901\"\r\n     crossorigin=\"anonymous\"><\/script>\n<div id=\"cd-article-content\" itemprop=\"articleBody\">\n<p class=\"wp-block-paragraph\"><a href=\"https:\/\/claudiodantas.com.br\/tag\/daniel-vorcaro\/\" data-type=\"post_tag\" data-id=\"10691\">Daniel Vorcaro<\/a>, ent\u00e3o controlador do Banco Master, procurou o ministro do <a href=\"https:\/\/portal.stf.jus.br\/\" target=\"_blank\" rel=\"noopener\">Supremo Tribunal Federal (STF)<\/a> Alexandre de Moraes na v\u00e9spera de sua pris\u00e3o para tentar viabilizar uma reuni\u00e3o com o presidente do Banco Central, Gabriel Gal\u00edpolo. A inten\u00e7\u00e3o, segundo mensagem localizada pela Pol\u00edcia Federal (PF) no celular do ex-banqueiro, era apresentar uma proposta e \u201cresolver tudo\u201d.<\/p>\n<p><a href=\"https:\/\/whatsapp.com\/channel\/0029VaTFkH2HVvTbkE883x1x\" target=\"_blank\" class=\"whatsapp-channel-message\" rel=\"noopener\">\u2705 Siga o canal do Claudio Dantas no WhatsApp<\/a><\/p>\n<p class=\"wp-block-paragraph\">Em 16 de novembro de 2025, Vorcaro enviou a Moraes uma fotografia de uma anota\u00e7\u00e3o feita no bloco de notas do celular. No registro, pediu que o ministro tentasse intermediar o contato com Gal\u00edpolo.<\/p>\n<p class=\"wp-block-paragraph\">\u201cTentar que o galipolo me receba e eu apresente o que vamos protocolar essa semana. Vamos resolver tudo. N\u00e3o podem estourar uma bomba at\u00f4mica na hora da solu\u00e7\u00e3o, n\u00e3o faz sentido pra ningu\u00e9m. Nem pra ele, nem pro governo, pra economia e nem para o Brasil\u201d, escreveu.<\/p>\n<p class=\"wp-block-paragraph\">Segundo o relat\u00f3rio da PF, a mensagem foi encaminhada a Moraes naquele mesmo dia. O documento re\u00fane comunica\u00e7\u00f5es extra\u00eddas do aparelho de Vorcaro durante a investiga\u00e7\u00e3o da Opera\u00e7\u00e3o Compliance Zero, que apura irregularidades envolvendo o Banco Master.<\/p>\n<p class=\"wp-block-paragraph\">Em outra mensagem enviada no mesmo dia, o ex-banqueiro afirmou que esperava concluir acordos com investidores nos dias seguintes e reclamou do que classificou como uma mudan\u00e7a de postura no momento em que buscava solucionar a situa\u00e7\u00e3o do banco.<\/p>\n<p class=\"wp-block-paragraph\">\u201cNa terca e quarta vamos assinar com todos investidores. Mobilizei gente pesada. Te mostrei at\u00e9 carta da familia real de abu dhabi. Loucura essa postura na ultima hora no momento que vou resolver tudo\u201d, afirmou.<\/p>\n<p class=\"wp-block-paragraph\">As mensagens foram registradas pela PF em relat\u00f3rio encaminhado ao ministro do Supremo Tribunal Federal (STF) Andr\u00e9 Mendon\u00e7a, relator do caso.<\/p>\n<p class=\"wp-block-paragraph\"><strong>Tentativa de deixar o pa\u00eds<\/strong><\/p>\n<p class=\"wp-block-paragraph\">As conversas tamb\u00e9m mostram que Vorcaro consultou Moraes sobre a possibilidade de deixar o Brasil. Em uma das mensagens, perguntou: \u201cAcha que segunda j\u00e1 tenho que estar fora?\u201d<\/p>\n<p class=\"wp-block-paragraph\">No dia seguinte, 17 de novembro, Vorcaro foi preso pela Pol\u00edcia Federal no Aeroporto Internacional de Guarulhos, em S\u00e3o Paulo, quando tentava embarcar em um jato particular com destino aos Emirados \u00c1rabes Unidos.<\/p>\n<p class=\"wp-block-paragraph\">A pris\u00e3o ocorreu horas antes de o Banco Central decretar a liquida\u00e7\u00e3o extrajudicial do Banco Master, em 18 de novembro de 2025.<\/p>\n<p class=\"wp-block-paragraph\">O conjunto de mensagens integra o material analisado pela PF para reconstruir a movimenta\u00e7\u00e3o de Vorcaro nos dias que antecederam a interven\u00e7\u00e3o no banco.<\/p>\n<\/div>\n<p><script>!function(f,b,e,v,n,t,s){if(f.fbq)return;n=f.fbq=function(){n.callMethod?n.callMethod.apply(n,arguments):n.queue.push(arguments)};if(!f._fbq)f._fbq=n;n.push=n;n.loaded=!0;n.version='2.0';n.queue=[];t=b.createElement(e);t.async=!0;t.src=v;s=b.getElementsByTagName(e)[0];s.parentNode.insertBefore(t,s)}(window,document,'script','https:\/\/connect.facebook.net\/en_US\/fbevents.js');fbq('init','1423865622537930');fbq('track','PageView');<\/script><br \/>\n<br \/><br \/>\n<br \/><a href=\"https:\/\/claudiodantas.com.br\/vorcaro-a-moraes-encontro-galipolo-resolver\/\">Source link <\/a><\/p>","protected":false},"excerpt":{"rendered":"<p>Daniel Vorcaro, ent\u00e3o controlador do Banco Master, procurou o ministro do Supremo Tribunal Federal (STF) Alexandre de Moraes na v\u00e9spera de sua pris\u00e3o para tentar viabilizar uma reuni\u00e3o com o&hellip;<\/p>","protected":false},"author":1,"featured_media":141719,"comment_status":"closed","ping_status":"open","sticky":false,"template":"","format":"standard","meta":{"content-type":"","footnotes":""},"categories":[16],"tags":[],"class_list":["post-141718","post","type-post","status-publish","format-standard","has-post-thumbnail","hentry","category-noticias"],"_links":{"self":[{"href":"https:\/\/tvbrazilusa.com\/pt\/wp-json\/wp\/v2\/posts\/141718","targetHints":{"allow":["GET"]}}],"collection":[{"href":"https:\/\/tvbrazilusa.com\/pt\/wp-json\/wp\/v2\/posts"}],"about":[{"href":"https:\/\/tvbrazilusa.com\/pt\/wp-json\/wp\/v2\/types\/post"}],"author":[{"embeddable":true,"href":"https:\/\/tvbrazilusa.com\/pt\/wp-json\/wp\/v2\/users\/1"}],"replies":[{"embeddable":true,"href":"https:\/\/tvbrazilusa.com\/pt\/wp-json\/wp\/v2\/comments?post=141718"}],"version-history":[{"count":1,"href":"https:\/\/tvbrazilusa.com\/pt\/wp-json\/wp\/v2\/posts\/141718\/revisions"}],"predecessor-version":[{"id":141720,"href":"https:\/\/tvbrazilusa.com\/pt\/wp-json\/wp\/v2\/posts\/141718\/revisions\/141720"}],"wp:featuredmedia":[{"embeddable":true,"href":"https:\/\/tvbrazilusa.com\/pt\/wp-json\/wp\/v2\/media\/141719"}],"wp:attachment":[{"href":"https:\/\/tvbrazilusa.com\/pt\/wp-json\/wp\/v2\/media?parent=141718"}],"wp:term":[{"taxonomy":"category","embeddable":true,"href":"https:\/\/tvbrazilusa.com\/pt\/wp-json\/wp\/v2\/categories?post=141718"},{"taxonomy":"post_tag","embeddable":true,"href":"https:\/\/tvbrazilusa.com\/pt\/wp-json\/wp\/v2\/tags?post=141718"}],"curies":[{"name":"wp","href":"https:\/\/api.w.org\/{rel}","templated":true}]}}