{"id":141721,"date":"2026-09-01T21:01:12","date_gmt":"2026-09-01T21:01:12","guid":{"rendered":"https:\/\/tvbrazilusa.com\/2026\/09\/01\/moraes-e-vorcaro-tiveram-pelo-menos-6-encontros-privados-paulo-figueiredo\/"},"modified":"2026-09-01T21:02:31","modified_gmt":"2026-09-01T21:02:31","slug":"moraes-e-vorcaro-tiveram-pelo-menos-6-encontros-privados-paulo-figueiredo","status":"publish","type":"post","link":"https:\/\/tvbrazilusa.com\/pt\/2026\/09\/01\/moraes-e-vorcaro-tiveram-pelo-menos-6-encontros-privados-paulo-figueiredo\/","title":{"rendered":"Moraes e Vorcaro tiveram pelo menos 6 encontros privados &#8211; Paulo Figueiredo"},"content":{"rendered":"<p> <script async src=\"https:\/\/pagead2.googlesyndication.com\/pagead\/js\/adsbygoogle.js?client=ca-pub-8864793242727901\"\r\n     crossorigin=\"anonymous\"><\/script><br \/>\n<\/p>\n<div id=\"wtr-content\" data-bg=\"#FFFFFF\" data-fg=\"#006d91\" data-width=\"25\" data-mute=\"1\" data-fgopacity=\"1.00\" data-mutedopacity=\"0.5\" data-placement=\"bottom\" data-placement-offset=\"0\" data-content-offset=\"262\" data-placement-touch=\"bottom\" data-placement-offset-touch=\"0\" data-transparent=\"\" data-shadow=\"0\" data-touch=\"1\" data-non-touch=\"1\" data-comments=\"0\" data-commentsbg=\"transparent\" data-location=\"page\" data-mutedfg=\"#006d91\" data-endfg=\"#006d91\" data-rtl=\"\">\n<h4 class=\"wp-block-heading\">F\u00e1bio Faria articulou as primeiras reuni\u00f5es entre o ex-banqueiro e o magistrado<\/h4>\n<p class=\"wp-block-paragraph\">A Pol\u00edcia Federal identificou uma rela\u00e7\u00e3o pr\u00f3xima entre Daniel Vorcaro, dono do Banco Master, e Alexandre de Moraes, do Supremo Tribunal Federal, com pelo menos seis reuni\u00f5es fechadas registradas. Mensagens revelam que Vorcaro informava familiares sobre encontros, como uma visita de Moraes em abril de 2025 e um encontro em mar\u00e7o do mesmo ano, onde mencionou estar com o ministro.<\/p>\n<p class=\"wp-block-paragraph\">A\u00a0Pol\u00edcia Federal (PF)\u00a0identificou uma rotina de proximidade entre Daniel Vorcaro e Alexandre de Moraes. Mensagens que constam em um relat\u00f3rio da corpora\u00e7\u00e3o sugerem que o dono do Banco Master e o integrante do Supremo Tribunal Federal (STF) realizaram pelo menos seis reuni\u00f5es fechadas. O investigado costumava relatar as agendas com o juiz para familiares e amigos.<\/p>\n<p class=\"wp-block-paragraph\">O empres\u00e1rio enviou mensagens para a namorada em abril de 2025. Vorcaro avisou Martha Graeff sobre uma visita \u00e0 autoridade perto de casa em Campos do Jord\u00e3o, no interior paulista. \u201cEle t\u00e1 passando feriado\u201d, escreveu o executivo.<\/p>\n<p class=\"wp-block-paragraph\">Outro di\u00e1logo com a companheira e com o diretor do Banco Central Paulo S\u00e9rgio ocorreu em mar\u00e7o do mesmo ano. \u201cT\u00f4 com Moraes aqui rsrs\u201d, digitou o banqueiro durante uma madrugada. Em seguida comentou, em poss\u00edvel men\u00e7\u00e3o ao procurador-geral da Rep\u00fablica, Paulo Gonet: \u201cVai chamar paulo pra dar um aperto\u201d.<\/p>\n<p class=\"wp-block-paragraph\">Mais uma vez, um motorista de Vorcaro confirmou a chegada do ministro no fim de fevereiro tamb\u00e9m, apontando para outro encontro.<\/p>\n<h4 class=\"wp-block-heading\">Interm\u00e9dio de ex-ministro<\/h4>\n<p class=\"wp-block-paragraph\">O ex-ministro das Comunica\u00e7\u00f5es F\u00e1bio Faria aproximou os dois. Ele organizou as agendas conjuntas iniciais. Um jantar na resid\u00eancia de Faria reuniu o trio e as respectivas mulheres em 2 de fevereiro de 2024. O pr\u00f3prio ministro do\u00a0STF\u00a0solicitou a confraterniza\u00e7\u00e3o.<\/p>\n<p class=\"wp-block-paragraph\">As conversas revelam novos agendamentos na sequ\u00eancia. Faria mandou o texto \u201cCareca 19:30\u201d para o dono da institui\u00e7\u00e3o financeira em julho de 2024. O empres\u00e1rio contou para a filha sobre a companhia de Moraes em novembro do mesmo ano.<\/p>\n<p class=\"wp-block-paragraph\"><strong><a href=\"https:\/\/revistaoeste.com\/politica\/moraes-e-vorcaro-tiveram-pelo-menos-seis-encontros-privados\/\">Cr\u00e9dito Revista Oeste<\/a><\/strong><\/p>\n<\/div>\n<p><br \/>\n<br \/><a href=\"https:\/\/paulofigueiredoshow.com\/moraes-e-vorcaro-tiveram-pelo-menos-6-encontros-privados\/\">Source link <\/a><\/p>","protected":false},"excerpt":{"rendered":"<p>F\u00e1bio Faria articulou as primeiras reuni\u00f5es entre o ex-banqueiro e o magistrado A Pol\u00edcia Federal identificou uma rela\u00e7\u00e3o pr\u00f3xima entre Daniel Vorcaro, dono do Banco Master, e Alexandre de Moraes,&hellip;<\/p>","protected":false},"author":1,"featured_media":133015,"comment_status":"closed","ping_status":"open","sticky":false,"template":"","format":"standard","meta":{"content-type":"","footnotes":""},"categories":[16],"tags":[],"class_list":["post-141721","post","type-post","status-publish","format-standard","has-post-thumbnail","hentry","category-noticias"],"_links":{"self":[{"href":"https:\/\/tvbrazilusa.com\/pt\/wp-json\/wp\/v2\/posts\/141721","targetHints":{"allow":["GET"]}}],"collection":[{"href":"https:\/\/tvbrazilusa.com\/pt\/wp-json\/wp\/v2\/posts"}],"about":[{"href":"https:\/\/tvbrazilusa.com\/pt\/wp-json\/wp\/v2\/types\/post"}],"author":[{"embeddable":true,"href":"https:\/\/tvbrazilusa.com\/pt\/wp-json\/wp\/v2\/users\/1"}],"replies":[{"embeddable":true,"href":"https:\/\/tvbrazilusa.com\/pt\/wp-json\/wp\/v2\/comments?post=141721"}],"version-history":[{"count":1,"href":"https:\/\/tvbrazilusa.com\/pt\/wp-json\/wp\/v2\/posts\/141721\/revisions"}],"predecessor-version":[{"id":141722,"href":"https:\/\/tvbrazilusa.com\/pt\/wp-json\/wp\/v2\/posts\/141721\/revisions\/141722"}],"wp:featuredmedia":[{"embeddable":true,"href":"https:\/\/tvbrazilusa.com\/pt\/wp-json\/wp\/v2\/media\/133015"}],"wp:attachment":[{"href":"https:\/\/tvbrazilusa.com\/pt\/wp-json\/wp\/v2\/media?parent=141721"}],"wp:term":[{"taxonomy":"category","embeddable":true,"href":"https:\/\/tvbrazilusa.com\/pt\/wp-json\/wp\/v2\/categories?post=141721"},{"taxonomy":"post_tag","embeddable":true,"href":"https:\/\/tvbrazilusa.com\/pt\/wp-json\/wp\/v2\/tags?post=141721"}],"curies":[{"name":"wp","href":"https:\/\/api.w.org\/{rel}","templated":true}]}}