{"id":141723,"date":"2026-09-01T21:03:07","date_gmt":"2026-09-01T21:03:07","guid":{"rendered":"https:\/\/tvbrazilusa.com\/2026\/09\/01\/senado-aprova-urgencia-para-votar-indicacao-de-pacheco-tcu\/"},"modified":"2026-09-01T21:08:25","modified_gmt":"2026-09-01T21:08:25","slug":"senado-aprova-urgencia-para-votar-indicacao-de-pacheco-tcu","status":"publish","type":"post","link":"https:\/\/tvbrazilusa.com\/pt\/2026\/09\/01\/senado-aprova-urgencia-para-votar-indicacao-de-pacheco-tcu\/","title":{"rendered":"Senado aprova urg\u00eancia para votar indica\u00e7\u00e3o de Pacheco TCU"},"content":{"rendered":"<script async src=\"https:\/\/pagead2.googlesyndication.com\/pagead\/js\/adsbygoogle.js?client=ca-pub-8864793242727901\"\r\n     crossorigin=\"anonymous\"><\/script>\n<div id=\"cd-article-content\" itemprop=\"articleBody\">\n<p class=\"wp-block-paragraph\">O Senado Federal aprovou nesta ter\u00e7a-feira (1\u00ba) o requerimento de urg\u00eancia para analisar a indica\u00e7\u00e3o do <a href=\"https:\/\/claudiodantas.com.br\/tag\/rodrigo-pacheco\/\" data-type=\"post_tag\" data-id=\"41\">senador Rodrigo Pacheco (PSD-MG)<\/a> ao<a href=\"https:\/\/portal.tcu.gov.br\/\" target=\"_blank\" rel=\"noopener\"> Tribunal de Contas da Uni\u00e3o (TCU)<\/a>. O senador foi escolhido para ocupar a vaga aberta ap\u00f3s a sa\u00edda antecipada de Bruno Dantas da Corte<\/p>\n<p><a href=\"https:\/\/whatsapp.com\/channel\/0029VaTFkH2HVvTbkE883x1x\" target=\"_blank\" class=\"whatsapp-channel-message\" rel=\"noopener\">\u2705 Siga o canal do Claudio Dantas no WhatsApp<\/a><\/p>\n<p class=\"wp-block-paragraph\">A decis\u00e3o de acelerar a tramita\u00e7\u00e3o foi anunciada pelo presidente do Senado, Davi Alcolumbre (Uni\u00e3o Brasil-AP), ap\u00f3s reuni\u00e3o com l\u00edderes partid\u00e1rios na noite de segunda-feira (31). Segundo Alcolumbre, houve consenso entre as lideran\u00e7as em torno do nome de Pacheco.<\/p>\n<p class=\"wp-block-paragraph\">Com a aprova\u00e7\u00e3o da urg\u00eancia, a indica\u00e7\u00e3o poder\u00e1 ser levada diretamente ao plen\u00e1rio, sem a necessidade de passar pela Comiss\u00e3o de Assuntos Econ\u00f4micos (CAE) para sabatina. Alcolumbre designou Renan Calheiros (MDB-AL) como relator da indica\u00e7\u00e3o.<\/p>\n<p class=\"wp-block-paragraph\">A expectativa \u00e9 que o Senado vote o nome ainda nesta ter\u00e7a-feira. Para assumir a cadeira, por\u00e9m, Pacheco tamb\u00e9m precisar\u00e1 obter o aval da C\u00e2mara dos Deputados.<\/p>\n<p class=\"wp-block-paragraph\">A vaga pertence \u00e0 cota do Senado. Bruno Dantas comunicou oficialmente na segunda-feira (31) sua decis\u00e3o de deixar o TCU antes do fim do mandato. Em manifesta\u00e7\u00e3o p\u00fablica, afirmou que pretende se dedicar a novos projetos e defendeu a renova\u00e7\u00e3o nos cargos de alta relev\u00e2ncia do pa\u00eds.<\/p>\n<p class=\"wp-block-paragraph\">Caso seja aprovado pelo Senado e pela C\u00e2mara, Pacheco ser\u00e1 nomeado ministro do TCU pelo presidente Lula (PT).<\/p>\n<p class=\"wp-block-paragraph\">A movimenta\u00e7\u00e3o ocorre ap\u00f3s uma articula\u00e7\u00e3o em que Alcolumbre defendia Rodrigo Pacheco para a vaga no Supremo Tribunal Federal (STF). Lula, por\u00e9m, escolheu o ministro da Advocacia-Geral da Uni\u00e3o (AGU), Jorge Messias, cuja indica\u00e7\u00e3o acabou rejeitada pelo Senado por 42 votos a 34, em uma derrota hist\u00f3rica para o governo.<\/p>\n<\/div>\n<p><script>!function(f,b,e,v,n,t,s){if(f.fbq)return;n=f.fbq=function(){n.callMethod?n.callMethod.apply(n,arguments):n.queue.push(arguments)};if(!f._fbq)f._fbq=n;n.push=n;n.loaded=!0;n.version='2.0';n.queue=[];t=b.createElement(e);t.async=!0;t.src=v;s=b.getElementsByTagName(e)[0];s.parentNode.insertBefore(t,s)}(window,document,'script','https:\/\/connect.facebook.net\/en_US\/fbevents.js');fbq('init','1423865622537930');fbq('track','PageView');<\/script><br \/>\n<br \/><br \/>\n<br \/><a href=\"https:\/\/claudiodantas.com.br\/senado-urgencia-para-indicacao-de-pacheco-tcu\/\">Source link <\/a><\/p>","protected":false},"excerpt":{"rendered":"<p>O Senado Federal aprovou nesta ter\u00e7a-feira (1\u00ba) o requerimento de urg\u00eancia para analisar a indica\u00e7\u00e3o do senador Rodrigo Pacheco (PSD-MG) ao Tribunal de Contas da Uni\u00e3o (TCU). O senador foi&hellip;<\/p>","protected":false},"author":1,"featured_media":141724,"comment_status":"closed","ping_status":"open","sticky":false,"template":"","format":"standard","meta":{"content-type":"","footnotes":""},"categories":[16],"tags":[],"class_list":["post-141723","post","type-post","status-publish","format-standard","has-post-thumbnail","hentry","category-noticias"],"_links":{"self":[{"href":"https:\/\/tvbrazilusa.com\/pt\/wp-json\/wp\/v2\/posts\/141723","targetHints":{"allow":["GET"]}}],"collection":[{"href":"https:\/\/tvbrazilusa.com\/pt\/wp-json\/wp\/v2\/posts"}],"about":[{"href":"https:\/\/tvbrazilusa.com\/pt\/wp-json\/wp\/v2\/types\/post"}],"author":[{"embeddable":true,"href":"https:\/\/tvbrazilusa.com\/pt\/wp-json\/wp\/v2\/users\/1"}],"replies":[{"embeddable":true,"href":"https:\/\/tvbrazilusa.com\/pt\/wp-json\/wp\/v2\/comments?post=141723"}],"version-history":[{"count":1,"href":"https:\/\/tvbrazilusa.com\/pt\/wp-json\/wp\/v2\/posts\/141723\/revisions"}],"predecessor-version":[{"id":141725,"href":"https:\/\/tvbrazilusa.com\/pt\/wp-json\/wp\/v2\/posts\/141723\/revisions\/141725"}],"wp:featuredmedia":[{"embeddable":true,"href":"https:\/\/tvbrazilusa.com\/pt\/wp-json\/wp\/v2\/media\/141724"}],"wp:attachment":[{"href":"https:\/\/tvbrazilusa.com\/pt\/wp-json\/wp\/v2\/media?parent=141723"}],"wp:term":[{"taxonomy":"category","embeddable":true,"href":"https:\/\/tvbrazilusa.com\/pt\/wp-json\/wp\/v2\/categories?post=141723"},{"taxonomy":"post_tag","embeddable":true,"href":"https:\/\/tvbrazilusa.com\/pt\/wp-json\/wp\/v2\/tags?post=141723"}],"curies":[{"name":"wp","href":"https:\/\/api.w.org\/{rel}","templated":true}]}}