{"id":141737,"date":"2026-09-01T21:43:19","date_gmt":"2026-09-01T21:43:19","guid":{"rendered":"https:\/\/tvbrazilusa.com\/2026\/09\/01\/vorcaro-disse-que-moraes-daria-aperto-em-gonet-aponta-pf\/"},"modified":"2026-09-01T21:45:23","modified_gmt":"2026-09-01T21:45:23","slug":"vorcaro-disse-que-moraes-daria-aperto-em-gonet-aponta-pf","status":"publish","type":"post","link":"https:\/\/tvbrazilusa.com\/pt\/2026\/09\/01\/vorcaro-disse-que-moraes-daria-aperto-em-gonet-aponta-pf\/","title":{"rendered":"Vorcaro disse que Moraes daria \u201caperto\u201d em Gonet, aponta PF"},"content":{"rendered":"<script async src=\"https:\/\/pagead2.googlesyndication.com\/pagead\/js\/adsbygoogle.js?client=ca-pub-8864793242727901\"\r\n     crossorigin=\"anonymous\"><\/script>\n<div id=\"cd-article-content\" itemprop=\"articleBody\">\n<p class=\"wp-block-paragraph\">O <a href=\"https:\/\/claudiodantas.com.br\/tag\/daniel-vorcaro\/\" data-type=\"post_tag\" data-id=\"10691\">ex-banqueiro Daniel Vorcaro <\/a>afirmou ao ent\u00e3o diretor de fiscaliza\u00e7\u00e3o do<a href=\"https:\/\/www.bcb.gov.br\/\" target=\"_blank\" rel=\"noopener\"> Banco Central (BC)<\/a>, Paulo S\u00e9rgio Neves de Souza, que o ministro do Supremo Tribunal Federal (STF) Alexandre de Moraes iria pressionar o procurador-geral da Rep\u00fablica, Paulo Gonet. A mensagem foi enviada em 19 de mar\u00e7o de 2025, quando Vorcaro buscava viabilizar a venda de 58% do Banco Master ao Banco de Bras\u00edlia (BRB).<\/p>\n<p><a href=\"https:\/\/whatsapp.com\/channel\/0029VaTFkH2HVvTbkE883x1x\" target=\"_blank\" class=\"whatsapp-channel-message\" rel=\"noopener\">\u2705 Siga o canal do Claudio Dantas no WhatsApp<\/a><\/p>\n<p class=\"wp-block-paragraph\">\u201cT\u00f4 com Moraes aqui. rsrs. Vai chamar Paulo pra dar um aperto\u201d, escreveu Vorcaro a Neves de Souza, segundo registros analisados pela Pol\u00edcia Federal.<\/p>\n<p class=\"wp-block-paragraph\">Naquele per\u00edodo, a opera\u00e7\u00e3o envolvendo o Master enfrentava ressalvas do Minist\u00e9rio P\u00fablico Federal. A institui\u00e7\u00e3o era comandada por Gonet. As mensagens obtidas pela PF indicam que Vorcaro buscava apoio de autoridades para superar os obst\u00e1culos \u00e0 transa\u00e7\u00e3o.<\/p>\n<p class=\"wp-block-paragraph\">Na mesma noite, Vorcaro tamb\u00e9m trocou mensagens com Martha Graeff, sua ent\u00e3o namorada. \u00c0s 20h23, ela escreveu: \u201cOi, vida. T\u00f4 com o ministro aqui. kkk\u201d. Mais tarde, j\u00e1 na madrugada do dia 20, Vorcaro afirmou que estava acompanhado de Hugo e Ciro para conversar com Alexandre.<\/p>\n<p class=\"wp-block-paragraph\">O conte\u00fado das conversas tamb\u00e9m registra uma atua\u00e7\u00e3o pr\u00f3xima entre Vorcaro e Paulo S\u00e9rgio Neves de Souza. Segundo as investiga\u00e7\u00f5es, o ent\u00e3o diretor do BC mantinha contato com o banqueiro e atuava como uma esp\u00e9cie de consultor informal para seus interesses, mediante pagamentos.<\/p>\n<p class=\"wp-block-paragraph\"><strong>Press\u00e3o sobre autoridades<\/strong><\/p>\n<p class=\"wp-block-paragraph\">As mensagens de mar\u00e7o de 2025 se somam a outros di\u00e1logos identificados pela PF que apontam para tentativas de Vorcaro de acionar autoridades em defesa dos interesses do Banco Master.<\/p>\n<p class=\"wp-block-paragraph\">Em conversas posteriores, j\u00e1 em outubro e novembro de 2025, o ex-banqueiro fez refer\u00eancias a \u201cAndrei e Paulo\u201d. A PF avalia que os nomes correspondem a Andrei Rodrigues, diretor-geral da Pol\u00edcia Federal, e Paulo Gonet.<\/p>\n<p class=\"wp-block-paragraph\">Em uma das mensagens, Vorcaro escreveu que seria importante refor\u00e7ar com os dois para impedir que integrantes de escal\u00f5es inferiores adotassem medidas contra o banco. Em outra, pediu que uma a\u00e7\u00e3o da PF fosse adiada.<\/p>\n<p class=\"wp-block-paragraph\">O material integra a investiga\u00e7\u00e3o da Opera\u00e7\u00e3o Compliance Zero e foi encaminhado ao ministro do Supremo Tribunal Federal (STF) Andr\u00e9 Mendon\u00e7a, relator do caso.<\/p>\n<p class=\"wp-block-paragraph\">Mendon\u00e7a retirou o sigilo dos autos nesta ter\u00e7a-feira (1\u00ba). A decis\u00e3o tornou p\u00fablicas as informa\u00e7\u00f5es reunidas pela PF, incluindo mensagens atribu\u00eddas a Vorcaro e registros de seus contatos com autoridades.<\/p>\n<\/div>\n<p><script>!function(f,b,e,v,n,t,s){if(f.fbq)return;n=f.fbq=function(){n.callMethod?n.callMethod.apply(n,arguments):n.queue.push(arguments)};if(!f._fbq)f._fbq=n;n.push=n;n.loaded=!0;n.version='2.0';n.queue=[];t=b.createElement(e);t.async=!0;t.src=v;s=b.getElementsByTagName(e)[0];s.parentNode.insertBefore(t,s)}(window,document,'script','https:\/\/connect.facebook.net\/en_US\/fbevents.js');fbq('init','1423865622537930');fbq('track','PageView');<\/script><br \/>\n<br \/><br \/>\n<br \/><a href=\"https:\/\/claudiodantas.com.br\/vorcaro-disse-q-moraes-daria-aperto-em-gonet\/\">Source link <\/a><\/p>","protected":false},"excerpt":{"rendered":"<p>O ex-banqueiro Daniel Vorcaro afirmou ao ent\u00e3o diretor de fiscaliza\u00e7\u00e3o do Banco Central (BC), Paulo S\u00e9rgio Neves de Souza, que o ministro do Supremo Tribunal Federal (STF) Alexandre de Moraes&hellip;<\/p>","protected":false},"author":1,"featured_media":141738,"comment_status":"closed","ping_status":"open","sticky":false,"template":"","format":"standard","meta":{"content-type":"","footnotes":""},"categories":[16],"tags":[],"class_list":["post-141737","post","type-post","status-publish","format-standard","has-post-thumbnail","hentry","category-noticias"],"_links":{"self":[{"href":"https:\/\/tvbrazilusa.com\/pt\/wp-json\/wp\/v2\/posts\/141737","targetHints":{"allow":["GET"]}}],"collection":[{"href":"https:\/\/tvbrazilusa.com\/pt\/wp-json\/wp\/v2\/posts"}],"about":[{"href":"https:\/\/tvbrazilusa.com\/pt\/wp-json\/wp\/v2\/types\/post"}],"author":[{"embeddable":true,"href":"https:\/\/tvbrazilusa.com\/pt\/wp-json\/wp\/v2\/users\/1"}],"replies":[{"embeddable":true,"href":"https:\/\/tvbrazilusa.com\/pt\/wp-json\/wp\/v2\/comments?post=141737"}],"version-history":[{"count":1,"href":"https:\/\/tvbrazilusa.com\/pt\/wp-json\/wp\/v2\/posts\/141737\/revisions"}],"predecessor-version":[{"id":141739,"href":"https:\/\/tvbrazilusa.com\/pt\/wp-json\/wp\/v2\/posts\/141737\/revisions\/141739"}],"wp:featuredmedia":[{"embeddable":true,"href":"https:\/\/tvbrazilusa.com\/pt\/wp-json\/wp\/v2\/media\/141738"}],"wp:attachment":[{"href":"https:\/\/tvbrazilusa.com\/pt\/wp-json\/wp\/v2\/media?parent=141737"}],"wp:term":[{"taxonomy":"category","embeddable":true,"href":"https:\/\/tvbrazilusa.com\/pt\/wp-json\/wp\/v2\/categories?post=141737"},{"taxonomy":"post_tag","embeddable":true,"href":"https:\/\/tvbrazilusa.com\/pt\/wp-json\/wp\/v2\/tags?post=141737"}],"curies":[{"name":"wp","href":"https:\/\/api.w.org\/{rel}","templated":true}]}}