{"id":141740,"date":"2026-09-01T22:28:08","date_gmt":"2026-09-01T22:28:08","guid":{"rendered":"https:\/\/tvbrazilusa.com\/2026\/09\/01\/braco-direito-de-moraes-teve-experiencia-em-hotel-de-vorcaro\/"},"modified":"2026-09-01T22:28:28","modified_gmt":"2026-09-01T22:28:28","slug":"braco-direito-de-moraes-teve-experiencia-em-hotel-de-vorcaro","status":"publish","type":"post","link":"https:\/\/tvbrazilusa.com\/pt\/2026\/09\/01\/braco-direito-de-moraes-teve-experiencia-em-hotel-de-vorcaro\/","title":{"rendered":"Bra\u00e7o direito de Moraes teve experi\u00eancia em hotel de Vorcaro"},"content":{"rendered":"<p> <script async src=\"https:\/\/pagead2.googlesyndication.com\/pagead\/js\/adsbygoogle.js?client=ca-pub-8864793242727901\"\r\n     crossorigin=\"anonymous\"><\/script><br \/>\n<\/p>\n<div id=\"cd-article-content\" itemprop=\"articleBody\">\n<p class=\"wp-block-paragraph\">Mensagens apreendidas pela <a href=\"https:\/\/www.gov.br\/pf\/pt-br\" target=\"_blank\" rel=\"noopener\">Pol\u00edcia Federal (PF)<\/a> no celular de <a href=\"https:\/\/claudiodantas.com.br\/tag\/daniel-vorcaro\/\" data-type=\"post_tag\" data-id=\"10691\">Daniel Vorcaro<\/a> mostram que o ex-banqueiro determinou uma recep\u00e7\u00e3o especial para o ministro do Supremo Tribunal Federal (STF) Alexandre de Moraes e convidados em um hotel de luxo em Campos do Jord\u00e3o (SP), em dezembro de 2023.<\/p>\n<p><a href=\"https:\/\/whatsapp.com\/channel\/0029VaTFkH2HVvTbkE883x1x\" target=\"_blank\" class=\"whatsapp-channel-message\" rel=\"noopener\">\u2705 Siga o canal do Claudio Dantas no WhatsApp<\/a><\/p>\n<p class=\"wp-block-paragraph\">Entre os presentes estava o desembargador Airton Vieira, que atuava como auxiliar pr\u00f3ximo de Moraes no Supremo. As conversas mostram que Vorcaro acompanhou os preparativos do encontro e orientou funcion\u00e1rios a proporcionar uma \u201cexperi\u00eancia completa\u201d aos convidados, classificados por ele como \u201cultra vips\u201d.<\/p>\n<p class=\"wp-block-paragraph\">Em 27 de dezembro, Vorcaro procurou uma funcion\u00e1ria identificada nas mensagens como \u201cTatiana Prime\u201d para organizar um almo\u00e7o marcado para o dia 30. O banqueiro pediu que um funcion\u00e1rio chamado Michael fosse ao local para cuidar da recep\u00e7\u00e3o.<\/p>\n<p class=\"wp-block-paragraph\">\u201cDia 30 vou precisar fazer um almoco em campos. Para convidados (\u2026) Preciso que michael vai pra la. Tem que ser experiencia completa. Convidados ultra vips. 9 pax e 4 segurancas\u201d, escreveu.<\/p>\n<p class=\"wp-block-paragraph\">A funcion\u00e1ria perguntou se deveria providenciar um cantor para o almo\u00e7o. Vorcaro confirmou e tamb\u00e9m orientou que os convidados conhecessem outras \u00e1reas do hotel.<\/p>\n<p class=\"wp-block-paragraph\">\u201cDeixar cavalos etc\u201d, acrescentou.<\/p>\n<p class=\"wp-block-paragraph\">O encontro ocorreu no Six Senses Botanique, empreendimento de luxo localizado em Campos do Jord\u00e3o. Al\u00e9m de Moraes e Viviane Barci de Moraes, estavam no grupo o ent\u00e3o ministro das Comunica\u00e7\u00f5es F\u00e1bio Faria, sua mulher, Patr\u00edcia Abravanel, e outros convidados. Ao todo, eram nove pessoas, acompanhadas por quatro seguran\u00e7as ligados ao ministro.<\/p>\n<p class=\"wp-block-paragraph\"><strong>Airton Vieira no encontro<\/strong><\/p>\n<p class=\"wp-block-paragraph\">No dia 30 de dezembro, Michael passou a informar Vorcaro sobre a chegada dos convidados. Em uma das mensagens, relatou que o grupo havia chegado e que ele estava apresentando a acomoda\u00e7\u00e3o.<\/p>\n<p class=\"wp-block-paragraph\">\u201cChegou, to apresentando a casa\u201d, escreveu o funcion\u00e1rio.<\/p>\n<p class=\"wp-block-paragraph\">Na sequ\u00eancia, Michael informou que Airton Vieira tamb\u00e9m estava no hotel. O desembargador havia chegado de t\u00e1xi e, segundo o funcion\u00e1rio, retornaria com um motorista disponibilizado por Vorcaro.<\/p>\n<p class=\"wp-block-paragraph\">Vieira \u00e9 um dos auxiliares mais pr\u00f3ximos de Moraes no Supremo e participou de decis\u00f5es e procedimentos conduzidos pelo ministro, inclusive em investiga\u00e7\u00f5es que atingiram aliados e apoiadores do ex-presidente Jair Bolsonaro (PL).<\/p>\n<p class=\"wp-block-paragraph\">As conversas mostram que Vorcaro acompanhava a recep\u00e7\u00e3o mesmo \u00e0 dist\u00e2ncia. O banqueiro chegou a demonstrar preocupa\u00e7\u00e3o com a forma como os funcion\u00e1rios interagiam com os convidados.<\/p>\n<p class=\"wp-block-paragraph\">Moraes tamb\u00e9m circulou pelo hotel e teve contato com funcion\u00e1rios do empreendimento. Um deles, o cozinheiro, chegou a tirar uma fotografia com o ministro. Ao tomar conhecimento do registro, o banqueiro pediu que o trabalhador fosse advertido.<\/p>\n<p class=\"wp-block-paragraph\">\u201cIsso n\u00e3o podia ne. Fale com ele para mim que eu n\u00e3o vou gostar disso\u201d, escreveu.<\/p>\n<figure class=\"wp-block-image\"><figcaption class=\"wp-element-caption\">Moraes tirou foto com funcion\u00e1rios do hotel. Foto: Reprodu\u00e7\u00e3o\/ PF<\/figcaption><\/figure>\n<p class=\"wp-block-paragraph\"><strong>Encontro antes de contrato milion\u00e1rio<\/strong><\/p>\n<p class=\"wp-block-paragraph\">O almo\u00e7o ocorreu cerca de duas semanas antes de o escrit\u00f3rio da advogada Viviane Barci de Moraes firmar contrato com o Banco Master.<\/p>\n<p class=\"wp-block-paragraph\">O acordo posteriormente revelado previa a presta\u00e7\u00e3o de servi\u00e7os jur\u00eddicos \u00e0 institui\u00e7\u00e3o financeira. O v\u00ednculo entre o escrit\u00f3rio e o banco passou a ser alvo de questionamentos no contexto das investiga\u00e7\u00f5es sobre o Caso Master.<\/p>\n<\/div>\n<p><script>!function(f,b,e,v,n,t,s){if(f.fbq)return;n=f.fbq=function(){n.callMethod?n.callMethod.apply(n,arguments):n.queue.push(arguments)};if(!f._fbq)f._fbq=n;n.push=n;n.loaded=!0;n.version='2.0';n.queue=[];t=b.createElement(e);t.async=!0;t.src=v;s=b.getElementsByTagName(e)[0];s.parentNode.insertBefore(t,s)}(window,document,'script','https:\/\/connect.facebook.net\/en_US\/fbevents.js');fbq('init','1423865622537930');fbq('track','PageView');<\/script><br \/>\n<br \/><br \/>\n<br \/><a href=\"https:\/\/claudiodantas.com.br\/braco-direito-moraes-em-hotel-de-vorcaro\/\">Source link <\/a><\/p>","protected":false},"excerpt":{"rendered":"<p>Mensagens apreendidas pela Pol\u00edcia Federal (PF) no celular de Daniel Vorcaro mostram que o ex-banqueiro determinou uma recep\u00e7\u00e3o especial para o ministro do Supremo Tribunal Federal (STF) Alexandre de Moraes&hellip;<\/p>","protected":false},"author":1,"featured_media":141741,"comment_status":"closed","ping_status":"open","sticky":false,"template":"","format":"standard","meta":{"content-type":"","footnotes":""},"categories":[16],"tags":[],"class_list":["post-141740","post","type-post","status-publish","format-standard","has-post-thumbnail","hentry","category-noticias"],"_links":{"self":[{"href":"https:\/\/tvbrazilusa.com\/pt\/wp-json\/wp\/v2\/posts\/141740","targetHints":{"allow":["GET"]}}],"collection":[{"href":"https:\/\/tvbrazilusa.com\/pt\/wp-json\/wp\/v2\/posts"}],"about":[{"href":"https:\/\/tvbrazilusa.com\/pt\/wp-json\/wp\/v2\/types\/post"}],"author":[{"embeddable":true,"href":"https:\/\/tvbrazilusa.com\/pt\/wp-json\/wp\/v2\/users\/1"}],"replies":[{"embeddable":true,"href":"https:\/\/tvbrazilusa.com\/pt\/wp-json\/wp\/v2\/comments?post=141740"}],"version-history":[{"count":1,"href":"https:\/\/tvbrazilusa.com\/pt\/wp-json\/wp\/v2\/posts\/141740\/revisions"}],"predecessor-version":[{"id":141742,"href":"https:\/\/tvbrazilusa.com\/pt\/wp-json\/wp\/v2\/posts\/141740\/revisions\/141742"}],"wp:featuredmedia":[{"embeddable":true,"href":"https:\/\/tvbrazilusa.com\/pt\/wp-json\/wp\/v2\/media\/141741"}],"wp:attachment":[{"href":"https:\/\/tvbrazilusa.com\/pt\/wp-json\/wp\/v2\/media?parent=141740"}],"wp:term":[{"taxonomy":"category","embeddable":true,"href":"https:\/\/tvbrazilusa.com\/pt\/wp-json\/wp\/v2\/categories?post=141740"},{"taxonomy":"post_tag","embeddable":true,"href":"https:\/\/tvbrazilusa.com\/pt\/wp-json\/wp\/v2\/tags?post=141740"}],"curies":[{"name":"wp","href":"https:\/\/api.w.org\/{rel}","templated":true}]}}