{"id":141746,"date":"2026-09-01T23:55:15","date_gmt":"2026-09-01T23:55:15","guid":{"rendered":"https:\/\/tvbrazilusa.com\/2026\/09\/01\/mendonca-ainda-nao-viu-ilegalidade-em-conduta-de-faria\/"},"modified":"2026-09-01T23:59:25","modified_gmt":"2026-09-01T23:59:25","slug":"mendonca-ainda-nao-viu-ilegalidade-em-conduta-de-faria","status":"publish","type":"post","link":"https:\/\/tvbrazilusa.com\/pt\/2026\/09\/01\/mendonca-ainda-nao-viu-ilegalidade-em-conduta-de-faria\/","title":{"rendered":"Mendon\u00e7a ainda n\u00e3o viu ilegalidade em conduta de Faria"},"content":{"rendered":"<script async src=\"https:\/\/pagead2.googlesyndication.com\/pagead\/js\/adsbygoogle.js?client=ca-pub-8864793242727901\"\r\n     crossorigin=\"anonymous\"><\/script>\n<div id=\"cd-article-content\" itemprop=\"articleBody\">\n<p class=\"wp-block-paragraph\">F\u00e1bio Faria \u00e9 citado cerca de 50 vezes no relat\u00f3rio da Pol\u00edcia Federal sobre os novos ind\u00edcios que vinculam Alexandre de Moraes a Daniel Vorcaro. O ex-ministro de Jair Bolsonaro aparece em trocas de mensagens com o ex-banqueiro, facilitando encontros e marcando reuni\u00f5es com o ministro. Tamb\u00e9m h\u00e1 uma cobran\u00e7a dele sobre um pagamento atrasado do Master ao escrit\u00f3rio de Viviane Barci de Moraes. <\/p>\n<p><a href=\"https:\/\/whatsapp.com\/channel\/0029VaTFkH2HVvTbkE883x1x\" target=\"_blank\" class=\"whatsapp-channel-message\" rel=\"noopener\">\u2705 Siga o canal do Claudio Dantas no WhatsApp<\/a><\/p>\n<p class=\"wp-block-paragraph\">Parece grave, mas Mendon\u00e7a ainda n\u00e3o viu ilegalidade na conduta de Faria, que admite ter apresentado o banqueiro ao ministro do STF ainda em 2023, quando at\u00e9 a Globo fazia neg\u00f3cios com o Master. Ele tamb\u00e9m admite a recomenda\u00e7\u00e3o sobre o pagamento e que sugeriu o escrit\u00f3rio Barci de Moraes para atuar em um caso na Justi\u00e7a de S\u00e3o Paulo envolvendo foi uma queixa-crime por cal\u00fania, inj\u00faria e difama\u00e7\u00e3o contra o investidor Vladimir Timerman, gestor da Esh Capital.<\/p>\n<p class=\"wp-block-paragraph\">O caso \u00e9 a \u00fanica a\u00e7\u00e3o judicial em que Viviane atuou de fato e perdeu.<\/p>\n<p class=\"wp-block-paragraph\">Mendon\u00e7a pode mudar de ideia, caso surjam ind\u00edcios de crime, mas separar o joio do trigo \u00e9 fundamental para garantir o sucesso de uma investiga\u00e7\u00e3o in\u00e9dita e absolutamente sens\u00edvel. Nunca um ministro pediu a abertura de inqu\u00e9rito contra um colega de Corte, nem contra o PGR ou o diretor da PF. Misturar neg\u00f3cios p\u00fablicos com privados \u00e9 tudo o que os criminosos querem para parecerem menos criminosos.<\/p>\n<p class=\"wp-block-paragraph\">A imprensa do pix, inclusive, j\u00e1 sacou a janela de oportunidade e resolveu explorar a atua\u00e7\u00e3o de Faria, com o objetivo de atrair a gest\u00e3o de Jair Bolsonaro e reaquecer o caso Dark Horse, tragando Fl\u00e1vio Bolsonaro para a crise. Como se sabe, o Master tinha uma face p\u00fablica legal para esconder as negociatas firmadas nos bastidores. Ao mesmo tempo em que Vorcaro mantinha uma parceria lucrativa com a Globo e Luciano Huck, comprava a atua\u00e7\u00e3o legislativa de Jaques Wagner, ent\u00e3o l\u00edder do governo Lula.<\/p>\n<p class=\"wp-block-paragraph\">Do ponto de vista pol\u00edtico, a amizade de Faria com Moraes, algoz de Jair Bolsonaro, \u00e9 no m\u00ednimo constrangedora e deve irritar muitos apoiadores do ex-presidente. Mas n\u00e3o \u00e9 propriamente uma novidade. Seu papel no governo de Jair era justamente servir de interlocutor com ministros do Supremo, agentes econ\u00f4micos e grupos de m\u00eddia. Essas rela\u00e7\u00f5es levaram Faria, ap\u00f3s o fim do governo, a trabalhar para Andr\u00e9 Esteves e Daniel Vorcaro. Pode n\u00e3o ser edificante, mas tampouco \u00e9 ilegal.<\/p>\n<p class=\"wp-block-paragraph\">De acordo com um assessor, Mendon\u00e7a est\u00e1 focado mesmo na rela\u00e7\u00e3o do ex-banqueiro com agentes p\u00fablicos, especialmente com a atua\u00e7\u00e3o desses agentes, especialmente Moraes, para blindar o Master de investiga\u00e7\u00f5es e fornecer informa\u00e7\u00f5es privilegiadas, seja no \u00e2mbito criminal ou administrativo, o que poderia configurar em tese obstru\u00e7\u00e3o de justi\u00e7a, al\u00e9m de tr\u00e1fico de influ\u00eancia. As mensagens e contratos envolvendo Vorcaro e Moraes s\u00e3o ind\u00edcios robustos de ilegalidades flagrantes. O sistema far\u00e1 de tudo para impedir que esses ind\u00edcios sejam investigados.<\/p>\n<\/div>\n<p><script>!function(f,b,e,v,n,t,s){if(f.fbq)return;n=f.fbq=function(){n.callMethod?n.callMethod.apply(n,arguments):n.queue.push(arguments)};if(!f._fbq)f._fbq=n;n.push=n;n.loaded=!0;n.version='2.0';n.queue=[];t=b.createElement(e);t.async=!0;t.src=v;s=b.getElementsByTagName(e)[0];s.parentNode.insertBefore(t,s)}(window,document,'script','https:\/\/connect.facebook.net\/en_US\/fbevents.js');fbq('init','1423865622537930');fbq('track','PageView');<\/script><br \/>\n<br \/><br \/>\n<br \/><a href=\"https:\/\/claudiodantas.com.br\/mendonca-ainda-nao-viu-ilegalidade-em-conduta-de-faria\/\">Source link <\/a><\/p>","protected":false},"excerpt":{"rendered":"<p>F\u00e1bio Faria \u00e9 citado cerca de 50 vezes no relat\u00f3rio da Pol\u00edcia Federal sobre os novos ind\u00edcios que vinculam Alexandre de Moraes a Daniel Vorcaro. O ex-ministro de Jair Bolsonaro&hellip;<\/p>","protected":false},"author":1,"featured_media":141747,"comment_status":"closed","ping_status":"open","sticky":false,"template":"","format":"standard","meta":{"content-type":"","footnotes":""},"categories":[16],"tags":[],"class_list":["post-141746","post","type-post","status-publish","format-standard","has-post-thumbnail","hentry","category-noticias"],"_links":{"self":[{"href":"https:\/\/tvbrazilusa.com\/pt\/wp-json\/wp\/v2\/posts\/141746","targetHints":{"allow":["GET"]}}],"collection":[{"href":"https:\/\/tvbrazilusa.com\/pt\/wp-json\/wp\/v2\/posts"}],"about":[{"href":"https:\/\/tvbrazilusa.com\/pt\/wp-json\/wp\/v2\/types\/post"}],"author":[{"embeddable":true,"href":"https:\/\/tvbrazilusa.com\/pt\/wp-json\/wp\/v2\/users\/1"}],"replies":[{"embeddable":true,"href":"https:\/\/tvbrazilusa.com\/pt\/wp-json\/wp\/v2\/comments?post=141746"}],"version-history":[{"count":1,"href":"https:\/\/tvbrazilusa.com\/pt\/wp-json\/wp\/v2\/posts\/141746\/revisions"}],"predecessor-version":[{"id":141748,"href":"https:\/\/tvbrazilusa.com\/pt\/wp-json\/wp\/v2\/posts\/141746\/revisions\/141748"}],"wp:featuredmedia":[{"embeddable":true,"href":"https:\/\/tvbrazilusa.com\/pt\/wp-json\/wp\/v2\/media\/141747"}],"wp:attachment":[{"href":"https:\/\/tvbrazilusa.com\/pt\/wp-json\/wp\/v2\/media?parent=141746"}],"wp:term":[{"taxonomy":"category","embeddable":true,"href":"https:\/\/tvbrazilusa.com\/pt\/wp-json\/wp\/v2\/categories?post=141746"},{"taxonomy":"post_tag","embeddable":true,"href":"https:\/\/tvbrazilusa.com\/pt\/wp-json\/wp\/v2\/tags?post=141746"}],"curies":[{"name":"wp","href":"https:\/\/api.w.org\/{rel}","templated":true}]}}