{"id":141749,"date":"2026-09-01T23:31:31","date_gmt":"2026-09-01T23:31:31","guid":{"rendered":"https:\/\/tvbrazilusa.com\/2026\/09\/01\/citado-em-mensagens-gonet-quer-anular-investigacao-sobre-moraes-master\/"},"modified":"2026-09-02T00:05:27","modified_gmt":"2026-09-02T00:05:27","slug":"citado-em-mensagens-gonet-quer-anular-investigacao-sobre-moraes-master","status":"publish","type":"post","link":"https:\/\/tvbrazilusa.com\/pt\/2026\/09\/01\/citado-em-mensagens-gonet-quer-anular-investigacao-sobre-moraes-master\/","title":{"rendered":"Citado em mensagens, Gonet quer anular investiga\u00e7\u00e3o sobre Moraes-Master"},"content":{"rendered":"<script async src=\"https:\/\/pagead2.googlesyndication.com\/pagead\/js\/adsbygoogle.js?client=ca-pub-8864793242727901\"\r\n     crossorigin=\"anonymous\"><\/script>\n<div id=\"cd-article-content\" itemprop=\"articleBody\">\n<p class=\"wp-block-paragraph\">O<a href=\"https:\/\/claudiodantas.com.br\/tag\/paulo-gonet\/\" data-type=\"post_tag\" data-id=\"186\"> procurador-geral da Rep\u00fablica, Paulo Gonet,<\/a> pediu nesta ter\u00e7a-feira (1\u00ba) que seja reconhecida a nulidade da investiga\u00e7\u00e3o determinada pelo ministro do <a href=\"https:\/\/portal.stf.jus.br\/\" target=\"_blank\" rel=\"noopener\">Supremo Tribunal Federal (STF)<\/a> Andr\u00e9 Mendon\u00e7a sobre elementos que apontaram uma rela\u00e7\u00e3o entre o ministro Alexandre de Moraes e o banqueiro Daniel Vorcaro.<\/p>\n<p><a href=\"https:\/\/whatsapp.com\/channel\/0029VaTFkH2HVvTbkE883x1x\" target=\"_blank\" class=\"whatsapp-channel-message\" rel=\"noopener\">\u2705 Siga o canal do Claudio Dantas no WhatsApp<\/a><\/p>\n<p class=\"wp-block-paragraph\">A manifesta\u00e7\u00e3o foi apresentada ap\u00f3s a Pol\u00edcia Federal (PF) produzir um relat\u00f3rio sobre as mensagens encontradas no celular de Vorcaro. O documento teve o sigilo retirado por Mendon\u00e7a e re\u00fane di\u00e1logos que indicam proximidade entre o ex-controlador do Banco Master e Moraes, al\u00e9m de conversas nas quais o banqueiro fazia refer\u00eancia a autoridades como Gonet e o diretor-geral da PF, Andrei Rodrigues.<\/p>\n<p class=\"wp-block-paragraph\">Para Gonet, Mendon\u00e7a n\u00e3o poderia ter determinado \u00e0 PF o aprofundamento da apura\u00e7\u00e3o sobre as mensagens envolvendo Moraes. Segundo o procurador, a iniciativa equivaleria a uma investiga\u00e7\u00e3o pr\u00e9-processual conduzida pelo pr\u00f3prio Judici\u00e1rio.<\/p>\n<p class=\"wp-block-paragraph\">\u201cSe a autoridade policial deve interromper as suas investiga\u00e7\u00f5es para que sobre elas delibere o \u00f3rg\u00e3o do Judici\u00e1rio encarregado do julgamento, com maioria de raz\u00e3o n\u00e3o deve o relator admitir e nem determinar que um Colega da Corte seja escrutinado\u201d, escreveu.<\/p>\n<p class=\"wp-block-paragraph\">Na avalia\u00e7\u00e3o do PGR, a condu\u00e7\u00e3o da investiga\u00e7\u00e3o na fase pr\u00e9-processual cabe \u00e0 pol\u00edcia judici\u00e1ria e ao Minist\u00e9rio P\u00fablico. \u201cAo juiz n\u00e3o cabe acusar, menos ainda ao juiz cabe realizar investiga\u00e7\u00f5es pr\u00e9-processuais\u201d, afirmou.<\/p>\n<p class=\"wp-block-paragraph\"><strong>Investiga\u00e7\u00e3o sobre Moraes<\/strong><\/p>\n<p class=\"wp-block-paragraph\">A manifesta\u00e7\u00e3o de Gonet sustenta que Mendon\u00e7a j\u00e1 tinha conhecimento de que o material entregue \u00e0 PF poderia atingir Moraes quando determinou o aprofundamento da apura\u00e7\u00e3o.<\/p>\n<p class=\"wp-block-paragraph\">Segundo o procurador, o relat\u00f3rio policial dedicou 188 das 218 p\u00e1ginas \u00e0 an\u00e1lise de elementos relacionados ao ministro. Gonet afirma que o pr\u00f3prio Mendon\u00e7a havia determinado anteriormente a entrega do dispositivo eletr\u00f4nico que continha os dados posteriormente analisados pela PF.<\/p>\n<p class=\"wp-block-paragraph\">\u201cSabia que entre elas estava o Ministro Alexandre de Moraes. N\u00e3o poderia deixar de o saber\u201d, afirmou o PGR.<\/p>\n<p class=\"wp-block-paragraph\">Gonet tamb\u00e9m questionou a compet\u00eancia de Mendon\u00e7a para determinar que a PF investigasse especificamente um integrante da pr\u00f3pria Corte.<\/p>\n<p class=\"wp-block-paragraph\">\u201cAo pedir que fossem examinados os elementos de investiga\u00e7\u00e3o, n\u00e3o importando quem fosse a autoridade, o Ministro relator imp\u00f4s a investiga\u00e7\u00e3o do Ministro Alexandre de Moraes\u201d, escreveu.<\/p>\n<p class=\"wp-block-paragraph\">A PGR sustenta que eventual apura\u00e7\u00e3o contra um ministro do STF deveria ser submetida ao presidente da Corte para posterior avalia\u00e7\u00e3o do Plen\u00e1rio. A manifesta\u00e7\u00e3o cita o artigo 33 da Lei Org\u00e2nica da Magistratura Nacional (Loman) para defender esse procedimento.<\/p>\n<p class=\"wp-block-paragraph\"><strong>\u201cDupla nulidade\u201d<\/strong><\/p>\n<p class=\"wp-block-paragraph\">Gonet classificou como nulos tanto a ordem de investiga\u00e7\u00e3o quanto os elementos obtidos a partir dela. Para o procurador, Mendon\u00e7a teria ultrapassado os limites de sua atua\u00e7\u00e3o ao determinar a apura\u00e7\u00e3o sem provoca\u00e7\u00e3o do Minist\u00e9rio P\u00fablico ou da pr\u00f3pria Pol\u00edcia Federal.<\/p>\n<p class=\"wp-block-paragraph\">\u201cA ordem para a investiga\u00e7\u00e3o dada pelo Ministro relator e os elementos por ela colhidos sofrem, portanto, de dupla nulidade\u201d, afirmou.<\/p>\n<p class=\"wp-block-paragraph\">O PGR acrescentou que, mesmo diante de eventual ind\u00edcio de crime envolvendo Moraes, Mendon\u00e7a n\u00e3o poderia aprofundar pessoalmente a apura\u00e7\u00e3o.<\/p>\n<p class=\"wp-block-paragraph\">\u201cPor outra causa mais, \u00e9 nula. Mesmo que, casualmente, fosse encontrado algum ind\u00edcio do que o relator entendesse ser irregularidade de interesse penal, n\u00e3o caberia a ele aprofundar as pesquisas sobre o Colega\u201d, escreveu.<\/p>\n<p class=\"wp-block-paragraph\">Na conclus\u00e3o, Gonet pediu que Mendon\u00e7a reconhe\u00e7a a nulidade da ordem e de seus resultados e encerre a peti\u00e7\u00e3o.<\/p>\n<p class=\"wp-block-paragraph\">\u201cSendo nula a ordem e o seu resultado, cabe ao relator reconhec\u00ea-lo e extinguir a Peti\u00e7\u00e3o\u201d, concluiu.<\/p>\n<p class=\"wp-block-paragraph\">A manifesta\u00e7\u00e3o da PGR, por\u00e9m, n\u00e3o afirma se os fatos identificados pela PF nas mensagens de Vorcaro configuram ou n\u00e3o crime. O parecer se concentra na compet\u00eancia para determinar a investiga\u00e7\u00e3o e na validade dos elementos obtidos a partir da ordem de Mendon\u00e7a.<\/p>\n<p class=\"wp-block-paragraph\"><strong>Mensagens de Vorcaro<\/strong><\/p>\n<p class=\"wp-block-paragraph\">Entre os materiais analisados pela PF est\u00e3o conversas que revelam contatos de Vorcaro com Moraes. Os di\u00e1logos tamb\u00e9m fazem refer\u00eancias ao pr\u00f3prio Gonet e a Andrei Rodrigues.<\/p>\n<p class=\"wp-block-paragraph\">Em uma mensagem de outubro de 2025, Vorcaro escreveu: \u201c\u00c9 importante refor\u00e7ar com Andrei [Rodrigues, diretor-geral da Pol\u00edcia Federal] e Paulo [Gonet] pra nao deixar ninguem de baixo fazer uma sacanagem que ai vai tudo pro saco.\u201d<\/p>\n<p class=\"wp-block-paragraph\">Em novembro do mesmo ano, o banqueiro voltou a mencionar os dois em uma conversa com Moraes: \u201cN\u00e3o conseguimos reverter isso com Paulo e Andrei? Muita sacanagem isso. Isso em Bras\u00edlia?\u201d<\/p>\n<p class=\"wp-block-paragraph\">As mensagens tamb\u00e9m mostram que o advogado Ciro Soares fazia a interlocu\u00e7\u00e3o entre Vorcaro e Gonet. Em uma conversa de mar\u00e7o de 2025, Ciro informou ao banqueiro que o PGR havia aceitado um convite para uma viagem a Londres e pretendia levar o filho.<\/p>\n<p class=\"wp-block-paragraph\">A exist\u00eancia desses di\u00e1logos integra o material levado pela PF ao STF. A discuss\u00e3o apresentada por Gonet, neste momento, \u00e9 sobre a legalidade da forma como essa parte da apura\u00e7\u00e3o foi determinada por Mendon\u00e7a.<\/p>\n<\/div>\n<p><script>!function(f,b,e,v,n,t,s){if(f.fbq)return;n=f.fbq=function(){n.callMethod?n.callMethod.apply(n,arguments):n.queue.push(arguments)};if(!f._fbq)f._fbq=n;n.push=n;n.loaded=!0;n.version='2.0';n.queue=[];t=b.createElement(e);t.async=!0;t.src=v;s=b.getElementsByTagName(e)[0];s.parentNode.insertBefore(t,s)}(window,document,'script','https:\/\/connect.facebook.net\/en_US\/fbevents.js');fbq('init','1423865622537930');fbq('track','PageView');<\/script><br \/>\n<br \/><br \/>\n<br \/><a href=\"https:\/\/claudiodantas.com.br\/citado-em-mensagens-gonet-quer-anular-investigacao-sobre-moraes-master\/\">Source link <\/a><\/p>","protected":false},"excerpt":{"rendered":"<p>O procurador-geral da Rep\u00fablica, Paulo Gonet, pediu nesta ter\u00e7a-feira (1\u00ba) que seja reconhecida a nulidade da investiga\u00e7\u00e3o determinada pelo ministro do Supremo Tribunal Federal (STF) Andr\u00e9 Mendon\u00e7a sobre elementos que&hellip;<\/p>","protected":false},"author":1,"featured_media":141744,"comment_status":"closed","ping_status":"open","sticky":false,"template":"","format":"standard","meta":{"content-type":"","footnotes":""},"categories":[16],"tags":[],"class_list":["post-141749","post","type-post","status-publish","format-standard","has-post-thumbnail","hentry","category-noticias"],"_links":{"self":[{"href":"https:\/\/tvbrazilusa.com\/pt\/wp-json\/wp\/v2\/posts\/141749","targetHints":{"allow":["GET"]}}],"collection":[{"href":"https:\/\/tvbrazilusa.com\/pt\/wp-json\/wp\/v2\/posts"}],"about":[{"href":"https:\/\/tvbrazilusa.com\/pt\/wp-json\/wp\/v2\/types\/post"}],"author":[{"embeddable":true,"href":"https:\/\/tvbrazilusa.com\/pt\/wp-json\/wp\/v2\/users\/1"}],"replies":[{"embeddable":true,"href":"https:\/\/tvbrazilusa.com\/pt\/wp-json\/wp\/v2\/comments?post=141749"}],"version-history":[{"count":1,"href":"https:\/\/tvbrazilusa.com\/pt\/wp-json\/wp\/v2\/posts\/141749\/revisions"}],"predecessor-version":[{"id":141750,"href":"https:\/\/tvbrazilusa.com\/pt\/wp-json\/wp\/v2\/posts\/141749\/revisions\/141750"}],"wp:featuredmedia":[{"embeddable":true,"href":"https:\/\/tvbrazilusa.com\/pt\/wp-json\/wp\/v2\/media\/141744"}],"wp:attachment":[{"href":"https:\/\/tvbrazilusa.com\/pt\/wp-json\/wp\/v2\/media?parent=141749"}],"wp:term":[{"taxonomy":"category","embeddable":true,"href":"https:\/\/tvbrazilusa.com\/pt\/wp-json\/wp\/v2\/categories?post=141749"},{"taxonomy":"post_tag","embeddable":true,"href":"https:\/\/tvbrazilusa.com\/pt\/wp-json\/wp\/v2\/tags?post=141749"}],"curies":[{"name":"wp","href":"https:\/\/api.w.org\/{rel}","templated":true}]}}