{"id":141751,"date":"2026-09-02T00:07:23","date_gmt":"2026-09-02T00:07:23","guid":{"rendered":"https:\/\/tvbrazilusa.com\/2026\/09\/02\/senado-federal-aprova-rodrigo-pacheco-para-vaga-no-tcu\/"},"modified":"2026-09-02T00:11:36","modified_gmt":"2026-09-02T00:11:36","slug":"senado-federal-aprova-rodrigo-pacheco-para-vaga-no-tcu","status":"publish","type":"post","link":"https:\/\/tvbrazilusa.com\/pt\/2026\/09\/02\/senado-federal-aprova-rodrigo-pacheco-para-vaga-no-tcu\/","title":{"rendered":"Senado Federal aprova Rodrigo Pacheco para vaga no TCU"},"content":{"rendered":"<script async src=\"https:\/\/pagead2.googlesyndication.com\/pagead\/js\/adsbygoogle.js?client=ca-pub-8864793242727901\"\r\n     crossorigin=\"anonymous\"><\/script>\n<div id=\"cd-article-content\" itemprop=\"articleBody\">\n<p class=\"wp-block-paragraph\">O Senado Federal aprovou nesta ter\u00e7a-feira (1\u00ba), por 63 votos a 4, a indica\u00e7\u00e3o de <a href=\"https:\/\/claudiodantas.com.br\/tag\/rodrigo-pacheco\/\" data-type=\"post_tag\" data-id=\"41\">Rodrigo Pacheco (PSB-MG)<\/a> para o cargo de ministro do <a href=\"https:\/\/portal.tcu.gov.br\/\" target=\"_blank\" rel=\"noopener\">Tribunal de Contas da Uni\u00e3o (TCU)<\/a>. O nome do ex-presidente da Casa segue agora para an\u00e1lise da C\u00e2mara dos Deputados, que deve votar a indica\u00e7\u00e3o nesta quarta-feira (2).<\/p>\n<p><a href=\"https:\/\/whatsapp.com\/channel\/0029VaTFkH2HVvTbkE883x1x\" target=\"_blank\" class=\"whatsapp-channel-message\" rel=\"noopener\">\u2705 Siga o canal do Claudio Dantas no WhatsApp<\/a><\/p>\n<p class=\"wp-block-paragraph\">A vota\u00e7\u00e3o ocorreu ap\u00f3s o plen\u00e1rio aprovar requerimento de urg\u00eancia que levou a an\u00e1lise diretamente ao plen\u00e1rio, sem a tramita\u00e7\u00e3o regular pelas comiss\u00f5es. O presidente do Senado, Davi Alcolumbre (Uni\u00e3o-AP), articulou a indica\u00e7\u00e3o e recebeu apoio de parlamentares de diferentes partidos, incluindo integrantes do governo e da oposi\u00e7\u00e3o.<\/p>\n<p class=\"wp-block-paragraph\">Pacheco foi indicado para ocupar a vaga aberta pela sa\u00edda antecipada de Bruno Dantas. O ex-ministro do TCU renunciou ao cargo nesta segunda-feira (31), antecipando o encerramento do mandato na Corte de Contas.<\/p>\n<p class=\"wp-block-paragraph\">O relator da indica\u00e7\u00e3o, Renan Calheiros (MDB-AL), elogiou a trajet\u00f3ria do senador e afirmou que ele re\u00fane experi\u00eancia jur\u00eddica e pol\u00edtica para exercer a fun\u00e7\u00e3o.<\/p>\n<p class=\"wp-block-paragraph\">A indica\u00e7\u00e3o recebeu 63 votos favor\u00e1veis e apenas quatro contr\u00e1rios. Para assumir o cargo, por\u00e9m, ele ainda precisa obter o aval da C\u00e2mara.<\/p>\n<p class=\"wp-block-paragraph\"><strong>Apoio de Alcolumbre<\/strong><\/p>\n<p class=\"wp-block-paragraph\">A escolha de Pacheco ocorre ap\u00f3s uma articula\u00e7\u00e3o que inicialmente o colocou entre os nomes defendidos por Alcolumbre para uma vaga no Supremo Tribunal Federal (STF), aberta com a aposentadoria de Lu\u00eds Roberto Barroso.<\/p>\n<p class=\"wp-block-paragraph\">O presidente Lula (PT), entretanto, escolheu o advogado-geral da Uni\u00e3o, Jorge Messias, para a vaga. A indica\u00e7\u00e3o acabou rejeitada pelo Senado por 42 votos a 34, em dezembro.<\/p>\n<p class=\"wp-block-paragraph\">Sem espa\u00e7o no STF e ap\u00f3s desistir de disputar o governo de Minas Gerais, Pacheco passou a ser cotado para o TCU. Ele est\u00e1 no \u00faltimo ano do mandato de senador e n\u00e3o disputar\u00e1 a reelei\u00e7\u00e3o.<\/p>\n<p class=\"wp-block-paragraph\"><strong>Pacheco agradece aos senadores<\/strong><\/p>\n<p class=\"wp-block-paragraph\">Ap\u00f3s a aprova\u00e7\u00e3o, Pacheco agradeceu aos colegas e afirmou que pretende levar ao TCU os mesmos princ\u00edpios que, segundo ele, nortearam sua atua\u00e7\u00e3o no Congresso.<\/p>\n<p class=\"wp-block-paragraph\">\u201c\u00c9 um cargo de muita relev\u00e2ncia e eu quero aqui, de pronto, caso a C\u00e2mara dos Deputados aprove a indica\u00e7\u00e3o do Senado Federal, dizer do meu absoluto e fiel compromisso com esta casa e com o Congresso Nacional de desempenhar sob os ausp\u00edcios desses princ\u00edpios de defesa do Estado de Direito, da Democracia, da Rep\u00fablica, o mister de ministro do Tribunal de Contas da Uni\u00e3o\u201d, afirmou.<\/p>\n<p class=\"wp-block-paragraph\">O senador tamb\u00e9m citou Rui Barbosa, patrono do Senado, da Ordem dos Advogados do Brasil (OAB) e do TCU, como refer\u00eancia para a fun\u00e7\u00e3o.<\/p>\n<p class=\"wp-block-paragraph\">\u201cRui Barbosa \u00e9 o patrono das tr\u00eas entidades e n\u00e3o \u00e9 por acaso, porque obedeceu os princ\u00edpios republicanos, cumpriu bem e fielmente a sua fun\u00e7\u00e3o p\u00fablica e haver\u00e1 sempre de ser uma inspira\u00e7\u00e3o para n\u00f3s todos que estamos na vida p\u00fablica\u201d, disse.<\/p>\n<p class=\"wp-block-paragraph\">Pacheco afirmou ainda que pretende se despedir do Senado caso sua indica\u00e7\u00e3o seja aprovada pelos deputados.<\/p>\n<p class=\"wp-block-paragraph\">\u201cEstaremos juntos nos pr\u00f3ximos dias a desempenhar a fun\u00e7\u00e3o no Senado Federal e, no momento oportuno, se a C\u00e2mara dos Deputados me permitir, Deus me permitir de estar no Tribunal de Contas da Uni\u00e3o, a\u00ed sim, me despedirei com um abra\u00e7o fraterno e muito sincero em cada um dos meus colegas senadores e senadoras\u201d, declarou.<\/p>\n<\/div>\n<p><script>!function(f,b,e,v,n,t,s){if(f.fbq)return;n=f.fbq=function(){n.callMethod?n.callMethod.apply(n,arguments):n.queue.push(arguments)};if(!f._fbq)f._fbq=n;n.push=n;n.loaded=!0;n.version='2.0';n.queue=[];t=b.createElement(e);t.async=!0;t.src=v;s=b.getElementsByTagName(e)[0];s.parentNode.insertBefore(t,s)}(window,document,'script','https:\/\/connect.facebook.net\/en_US\/fbevents.js');fbq('init','1423865622537930');fbq('track','PageView');<\/script><br \/>\n<br \/><br \/>\n<br \/><a href=\"https:\/\/claudiodantas.com.br\/senado-aprova-rodrigo-pacheco-para-vaga-tcu\/\">Source link <\/a><\/p>","protected":false},"excerpt":{"rendered":"<p>O Senado Federal aprovou nesta ter\u00e7a-feira (1\u00ba), por 63 votos a 4, a indica\u00e7\u00e3o de Rodrigo Pacheco (PSB-MG) para o cargo de ministro do Tribunal de Contas da Uni\u00e3o (TCU).&hellip;<\/p>","protected":false},"author":1,"featured_media":141752,"comment_status":"closed","ping_status":"open","sticky":false,"template":"","format":"standard","meta":{"content-type":"","footnotes":""},"categories":[16],"tags":[],"class_list":["post-141751","post","type-post","status-publish","format-standard","has-post-thumbnail","hentry","category-noticias"],"_links":{"self":[{"href":"https:\/\/tvbrazilusa.com\/pt\/wp-json\/wp\/v2\/posts\/141751","targetHints":{"allow":["GET"]}}],"collection":[{"href":"https:\/\/tvbrazilusa.com\/pt\/wp-json\/wp\/v2\/posts"}],"about":[{"href":"https:\/\/tvbrazilusa.com\/pt\/wp-json\/wp\/v2\/types\/post"}],"author":[{"embeddable":true,"href":"https:\/\/tvbrazilusa.com\/pt\/wp-json\/wp\/v2\/users\/1"}],"replies":[{"embeddable":true,"href":"https:\/\/tvbrazilusa.com\/pt\/wp-json\/wp\/v2\/comments?post=141751"}],"version-history":[{"count":1,"href":"https:\/\/tvbrazilusa.com\/pt\/wp-json\/wp\/v2\/posts\/141751\/revisions"}],"predecessor-version":[{"id":141753,"href":"https:\/\/tvbrazilusa.com\/pt\/wp-json\/wp\/v2\/posts\/141751\/revisions\/141753"}],"wp:featuredmedia":[{"embeddable":true,"href":"https:\/\/tvbrazilusa.com\/pt\/wp-json\/wp\/v2\/media\/141752"}],"wp:attachment":[{"href":"https:\/\/tvbrazilusa.com\/pt\/wp-json\/wp\/v2\/media?parent=141751"}],"wp:term":[{"taxonomy":"category","embeddable":true,"href":"https:\/\/tvbrazilusa.com\/pt\/wp-json\/wp\/v2\/categories?post=141751"},{"taxonomy":"post_tag","embeddable":true,"href":"https:\/\/tvbrazilusa.com\/pt\/wp-json\/wp\/v2\/tags?post=141751"}],"curies":[{"name":"wp","href":"https:\/\/api.w.org\/{rel}","templated":true}]}}