{"id":14176,"date":"2024-08-01T12:48:59","date_gmt":"2024-08-01T12:48:59","guid":{"rendered":"https:\/\/tvbrazilusa.com\/2024\/08\/01\/o-banco-central-checo-reduz-a-sua-taxa-de-juro-de-referencia-a-medida-que-a-inflacao-cai-e-a-economia-recupera-lentamente\/"},"modified":"2024-08-01T13:08:21","modified_gmt":"2024-08-01T13:08:21","slug":"o-banco-central-checo-reduz-a-sua-taxa-de-juro-de-referencia-a-medida-que-a-inflacao-cai-e-a-economia-recupera-lentamente","status":"publish","type":"post","link":"https:\/\/tvbrazilusa.com\/pt\/2024\/08\/01\/o-banco-central-checo-reduz-a-sua-taxa-de-juro-de-referencia-a-medida-que-a-inflacao-cai-e-a-economia-recupera-lentamente\/","title":{"rendered":"O banco central checo reduz a sua taxa de juro de refer\u00eancia \u00e0 medida que a infla\u00e7\u00e3o cai e a economia recupera lentamente"},"content":{"rendered":"<script async src=\"https:\/\/pagead2.googlesyndication.com\/pagead\/js\/adsbygoogle.js?client=ca-pub-8864793242727901\"\r\n     crossorigin=\"anonymous\"><\/script>\n<div id=\"\">\n<p class=\"dist__Box-sc-1fnzlkn-0 dist__TextBase-sc-1fnzlkn-3 CGHCP htMUPQ article-text\"><strong>PRAGA<\/strong> \u2013 O banco central da Rep\u00fablica Tcheca cortou na quinta-feira sua taxa b\u00e1sica de juros pela sexta vez consecutiva, j\u00e1 que a infla\u00e7\u00e3o est\u00e1 caindo e a economia est\u00e1 se recuperando mais lentamente do que o esperado.<\/p>\n<p class=\"dist__Box-sc-1fnzlkn-0 dist__TextBase-sc-1fnzlkn-3 CGHCP htMUPQ article-text\">O corte, que havia sido previsto por analistas, fez a taxa de juros cair um quarto de ponto percentual, para 4,50%.<\/p>\n<p class=\"dist__Box-sc-1fnzlkn-0 dist__TextBase-sc-1fnzlkn-3 CGHCP htMUPQ article-text\">O banco come\u00e7ou a reduzir os custos dos empr\u00e9stimos em um quarto de ponto <a href=\"https:\/\/apnews.com\/article\/czech-central-bank-cuts-key-interest-rate-dbca334ccdf2d2b4bc8b0a85f376e0bb\">em 21 de dezembro<\/a>o primeiro corte desde 22 de junho de 2022. Outros cortes de meio ponto percentual em cada ocasi\u00e3o ocorreram em 8 de fevereiro, 20 de mar\u00e7o, 2 de maio e 27 de junho.<\/p>\n<p class=\"dist__Box-sc-1fnzlkn-0 dist__TextBase-sc-1fnzlkn-3 CGHCP htMUPQ article-text\">O tamanho da economia tcheca cresceu 0,4% ano a ano no segundo trimestre de 2024 e aumentou 0,3% em compara\u00e7\u00e3o com os tr\u00eas meses anteriores, segundo os n\u00fameros preliminares divulgados pelo Departamento de Estat\u00edsticas na ter\u00e7a-feira.<\/p>\n<p class=\"dist__Box-sc-1fnzlkn-0 dist__TextBase-sc-1fnzlkn-3 CGHCP htMUPQ article-text\">A infla\u00e7\u00e3o caiu para a meta do banco de 2,0% ano a ano em junho, de 2,6% em maio.<\/p>\n<p class=\"dist__Box-sc-1fnzlkn-0 dist__TextBase-sc-1fnzlkn-3 CGHCP htMUPQ article-text\">Os bancos centrais em todo o mundo est\u00e3o inclinados a reduzir os custos dos empr\u00e9stimos, \u00e0 medida que avaliam se <a href=\"https:\/\/apnews.com\/article\/eurozone-inflation-europe-economy-ecb-8c5be53b0e11532f80d05dc432e1bd54\">infla\u00e7\u00e3o t\u00f3xica<\/a> foi suficientemente domesticado.<\/p>\n<p class=\"dist__Box-sc-1fnzlkn-0 dist__TextBase-sc-1fnzlkn-3 CGHCP htMUPQ article-text\"><a href=\"https:\/\/apnews.com\/article\/european-central-bank-interest-rates-inflation-1157f949ed5395c528ae8adc53c7b594\">O Banco Central Europeu<\/a> deixou sua principal taxa de juros inalterada em 18 de julho, em 3,75%, onde permaneceu ap\u00f3s um \u00fanico corte de um quarto de ponto na reuni\u00e3o anterior, em 6 de junho.<\/p>\n<p class=\"dist__Box-sc-1fnzlkn-0 dist__TextBase-sc-1fnzlkn-3 CGHCP htMUPQ article-text\"><a href=\"https:\/\/apnews.com\/article\/inflation-economy-federal-reserve-interest-rates-04d2877f47f3913acc2f992d8ef1581b\">Reserva Federal<\/a> O presidente Jerome Powell preparou o cen\u00e1rio para a decis\u00e3o do banco central na quarta-feira. <a href=\"https:\/\/apnews.com\/article\/inflation-interest-rates-federal-reserve-economy-jobs-f43eff13abf862ac84cd9f3ef89201db\">primeiro corte de taxa em quatro anos<\/a>citando maior progresso em dire\u00e7\u00e3o \u00e0 infla\u00e7\u00e3o mais baixa, bem como um mercado de trabalho mais frio que n\u00e3o amea\u00e7a mais superaquecer a economia.<\/p>\n<p class=\"dist__Box-sc-1fnzlkn-0 dist__TextBase-sc-1fnzlkn-3 CGHCP htMUPQ article-text\">Ainda assim, o Fed manteve sua taxa b\u00e1sica de juros inalterada em uma alta de 23 anos de 5,3%, com o corte da taxa de juros de setembro &#8220;podendo estar na mesa&#8221;.<\/p>\n<\/div>\n<p>Copyright 2024 The Associated Press. Todos os direitos reservados. Este material n\u00e3o pode ser publicado, transmitido, reescrito ou redistribu\u00eddo sem permiss\u00e3o.<\/p>\n<p><br \/>\n<br \/><a href=\"https:\/\/www.clickorlando.com\/business\/2024\/08\/01\/the-czech-central-bank-cuts-its-key-interest-rate-as-inflation-falls-and-the-economy-slowly-recovers\/\">Source link <\/a><\/p>","protected":false},"excerpt":{"rendered":"<p>PRAGA \u2013 O banco central da Rep\u00fablica Tcheca cortou na quinta-feira sua taxa b\u00e1sica de juros pela sexta vez consecutiva, j\u00e1 que a infla\u00e7\u00e3o est\u00e1 caindo e a economia est\u00e1&hellip;<\/p>","protected":false},"author":1,"featured_media":14177,"comment_status":"closed","ping_status":"open","sticky":false,"template":"","format":"standard","meta":{"content-type":"","footnotes":""},"categories":[1],"tags":[1223,1419],"class_list":["post-14176","post","type-post","status-publish","format-standard","has-post-thumbnail","hentry","category-uncategorized","tag-negocios","tag-noticias-do-mundo"],"_links":{"self":[{"href":"https:\/\/tvbrazilusa.com\/pt\/wp-json\/wp\/v2\/posts\/14176","targetHints":{"allow":["GET"]}}],"collection":[{"href":"https:\/\/tvbrazilusa.com\/pt\/wp-json\/wp\/v2\/posts"}],"about":[{"href":"https:\/\/tvbrazilusa.com\/pt\/wp-json\/wp\/v2\/types\/post"}],"author":[{"embeddable":true,"href":"https:\/\/tvbrazilusa.com\/pt\/wp-json\/wp\/v2\/users\/1"}],"replies":[{"embeddable":true,"href":"https:\/\/tvbrazilusa.com\/pt\/wp-json\/wp\/v2\/comments?post=14176"}],"version-history":[{"count":1,"href":"https:\/\/tvbrazilusa.com\/pt\/wp-json\/wp\/v2\/posts\/14176\/revisions"}],"predecessor-version":[{"id":14178,"href":"https:\/\/tvbrazilusa.com\/pt\/wp-json\/wp\/v2\/posts\/14176\/revisions\/14178"}],"wp:featuredmedia":[{"embeddable":true,"href":"https:\/\/tvbrazilusa.com\/pt\/wp-json\/wp\/v2\/media\/14177"}],"wp:attachment":[{"href":"https:\/\/tvbrazilusa.com\/pt\/wp-json\/wp\/v2\/media?parent=14176"}],"wp:term":[{"taxonomy":"category","embeddable":true,"href":"https:\/\/tvbrazilusa.com\/pt\/wp-json\/wp\/v2\/categories?post=14176"},{"taxonomy":"post_tag","embeddable":true,"href":"https:\/\/tvbrazilusa.com\/pt\/wp-json\/wp\/v2\/tags?post=14176"}],"curies":[{"name":"wp","href":"https:\/\/api.w.org\/{rel}","templated":true}]}}