{"id":141783,"date":"2026-09-02T10:40:00","date_gmt":"2026-09-02T10:40:00","guid":{"rendered":"https:\/\/tvbrazilusa.com\/2026\/09\/02\/tse-rejeita-multa-a-flavio-por-bolsonaro-de-ia-em-convencao-do-pl\/"},"modified":"2026-09-02T10:47:26","modified_gmt":"2026-09-02T10:47:26","slug":"tse-rejeita-multa-a-flavio-por-bolsonaro-de-ia-em-convencao-do-pl","status":"publish","type":"post","link":"https:\/\/tvbrazilusa.com\/pt\/2026\/09\/02\/tse-rejeita-multa-a-flavio-por-bolsonaro-de-ia-em-convencao-do-pl\/","title":{"rendered":"TSE rejeita multa a Fl\u00e1vio por &#8216;Bolsonaro de IA&#8217; em conven\u00e7\u00e3o do PL"},"content":{"rendered":"<script async src=\"https:\/\/pagead2.googlesyndication.com\/pagead\/js\/adsbygoogle.js?client=ca-pub-8864793242727901\"\r\n     crossorigin=\"anonymous\"><\/script>\n<div id=\"cd-article-content\" itemprop=\"articleBody\">\n<p class=\"wp-block-paragraph\">O <strong><a href=\"https:\/\/www.tse.jus.br\/\" target=\"_blank\" rel=\"noopener\">Tribunal Superior Eleitoral (TSE)<\/a><\/strong> rejeitou ontem (1\u00ba) a aplica\u00e7\u00e3o de multa ao candidato do PL \u00e0 Presid\u00eancia, <strong><a href=\"https:\/\/claudiodantas.com.br\/tag\/flavio-bolsonaro-3\/\" data-type=\"post_tag\" data-id=\"15126\">Fl\u00e1vio Bolsonaro<\/a><\/strong>, pela exibi\u00e7\u00e3o de um v\u00eddeo gerado por <strong><a href=\"https:\/\/claudiodantas.com.br\/tag\/ia-2\/\" data-type=\"post_tag\" data-id=\"15939\">IA<\/a><\/strong> com a imagem de <strong><a href=\"https:\/\/x.com\/jairbolsonaro\">Jair Bolsonaro (PL)<\/a><\/strong> durante a conven\u00e7\u00e3o partid\u00e1ria que oficializou sua candidatura. A representa\u00e7\u00e3o havia sido apresentada pela <strong><a href=\"https:\/\/claudiodantas.com.br\/tag\/federacao-brasil-da-esperanca\/\" data-type=\"post_tag\" data-id=\"7548\">Federa\u00e7\u00e3o Brasil da Esperan\u00e7a<\/a><\/strong>, do <strong><a href=\"https:\/\/claudiodantas.com.br\/tag\/pt\/\" data-type=\"link\" data-id=\"https:\/\/claudiodantas.com.br\/tag\/pt\/\">PT<\/a><\/strong>, PCdoB e PV.<\/p>\n<p><a href=\"https:\/\/whatsapp.com\/channel\/0029VaTFkH2HVvTbkE883x1x\" target=\"_blank\" class=\"whatsapp-channel-message\" rel=\"noopener\">\u2705 Siga o canal do Claudio Dantas no WhatsApp<\/a><\/p>\n<p class=\"wp-block-paragraph\">O entendimento prevaleceu por maioria, seguindo o voto do presidente do TSE, Nunes Marques. Para os ministros da Corte, a exibi\u00e7\u00e3o do material em uma atividade fechada do PL n\u00e3o configurou viola\u00e7\u00e3o das regras eleitorais.<\/p>\n<p class=\"wp-block-paragraph\">Em seu voto, Nunes Marques diferenciou manifesta\u00e7\u00e3o de apoio pol\u00edtico de pedido de voto. De acordo com o relator, o apoio pol\u00edtico \u00e9 permitido durante a etapa de defini\u00e7\u00e3o e apresenta\u00e7\u00e3o das candidaturas, sobretudo quando direcionado a filiados, dirigentes e convencionais.<\/p>\n<p class=\"wp-block-paragraph\">Por outro lado, a solicita\u00e7\u00e3o antecipada de votos dirigida aos cidad\u00e3os na condi\u00e7\u00e3o de eleitores pode configurar propaganda eleitoral antecipada, caso ocorra fora do per\u00edodo autorizado pela legisla\u00e7\u00e3o.<\/p>\n<p class=\"wp-block-paragraph\">O ministro tamb\u00e9m afirmou que a transmiss\u00e3o do evento pela internet, por si s\u00f3, n\u00e3o determina o car\u00e1ter eleitoral da mensagem. A an\u00e1lise, segundo ele, deve considerar o conte\u00fado, a linguagem utilizada, o p\u00fablico alcan\u00e7ado e as circunst\u00e2ncias de produ\u00e7\u00e3o e divulga\u00e7\u00e3o da comunica\u00e7\u00e3o.\u00a0<\/p>\n<p class=\"wp-block-paragraph\">\u201cNaturalmente, lideran\u00e7as partid\u00e1rias procuram convencer os convencionais acerca das escolhas pol\u00edticas a serem realizadas. Por essa raz\u00e3o, a manifesta\u00e7\u00e3o de apoio pol\u00edtico dirigida aos integrantes da agremia\u00e7\u00e3o n\u00e3o se confunde necessariamente com propaganda dirigida ao eleitorado e o pr\u00f3prio artigo 36A da lei 9504 de 1997 preserva espa\u00e7o para divulga\u00e7\u00e3o de pr\u00e9-candidaturas e para o pedido de apoio pol\u00edtico, desde que ausente pedido expl\u00edcito de voto\u201d, disse o presidente do TSE.<\/p>\n<\/div>\n<p><script>!function(f,b,e,v,n,t,s){if(f.fbq)return;n=f.fbq=function(){n.callMethod?n.callMethod.apply(n,arguments):n.queue.push(arguments)};if(!f._fbq)f._fbq=n;n.push=n;n.loaded=!0;n.version='2.0';n.queue=[];t=b.createElement(e);t.async=!0;t.src=v;s=b.getElementsByTagName(e)[0];s.parentNode.insertBefore(t,s)}(window,document,'script','https:\/\/connect.facebook.net\/en_US\/fbevents.js');fbq('init','1423865622537930');fbq('track','PageView');<\/script><br \/>\n<br \/><br \/>\n<br \/><a href=\"https:\/\/claudiodantas.com.br\/tse-multa-flavio-bolsonaro-ia-convencao-pl\/\">Source link <\/a><\/p>","protected":false},"excerpt":{"rendered":"<p>O Tribunal Superior Eleitoral (TSE) rejeitou ontem (1\u00ba) a aplica\u00e7\u00e3o de multa ao candidato do PL \u00e0 Presid\u00eancia, Fl\u00e1vio Bolsonaro, pela exibi\u00e7\u00e3o de um v\u00eddeo gerado por IA com a&hellip;<\/p>","protected":false},"author":1,"featured_media":139190,"comment_status":"closed","ping_status":"open","sticky":false,"template":"","format":"standard","meta":{"content-type":"","footnotes":""},"categories":[16],"tags":[],"class_list":["post-141783","post","type-post","status-publish","format-standard","has-post-thumbnail","hentry","category-noticias"],"_links":{"self":[{"href":"https:\/\/tvbrazilusa.com\/pt\/wp-json\/wp\/v2\/posts\/141783","targetHints":{"allow":["GET"]}}],"collection":[{"href":"https:\/\/tvbrazilusa.com\/pt\/wp-json\/wp\/v2\/posts"}],"about":[{"href":"https:\/\/tvbrazilusa.com\/pt\/wp-json\/wp\/v2\/types\/post"}],"author":[{"embeddable":true,"href":"https:\/\/tvbrazilusa.com\/pt\/wp-json\/wp\/v2\/users\/1"}],"replies":[{"embeddable":true,"href":"https:\/\/tvbrazilusa.com\/pt\/wp-json\/wp\/v2\/comments?post=141783"}],"version-history":[{"count":1,"href":"https:\/\/tvbrazilusa.com\/pt\/wp-json\/wp\/v2\/posts\/141783\/revisions"}],"predecessor-version":[{"id":141784,"href":"https:\/\/tvbrazilusa.com\/pt\/wp-json\/wp\/v2\/posts\/141783\/revisions\/141784"}],"wp:featuredmedia":[{"embeddable":true,"href":"https:\/\/tvbrazilusa.com\/pt\/wp-json\/wp\/v2\/media\/139190"}],"wp:attachment":[{"href":"https:\/\/tvbrazilusa.com\/pt\/wp-json\/wp\/v2\/media?parent=141783"}],"wp:term":[{"taxonomy":"category","embeddable":true,"href":"https:\/\/tvbrazilusa.com\/pt\/wp-json\/wp\/v2\/categories?post=141783"},{"taxonomy":"post_tag","embeddable":true,"href":"https:\/\/tvbrazilusa.com\/pt\/wp-json\/wp\/v2\/tags?post=141783"}],"curies":[{"name":"wp","href":"https:\/\/api.w.org\/{rel}","templated":true}]}}