{"id":141785,"date":"2026-09-02T11:15:00","date_gmt":"2026-09-02T11:15:00","guid":{"rendered":"https:\/\/tvbrazilusa.com\/2026\/09\/02\/tse-define-regras-para-uso-de-deepfake-nas-eleicoes\/"},"modified":"2026-09-02T11:19:28","modified_gmt":"2026-09-02T11:19:28","slug":"tse-define-regras-para-uso-de-deepfake-nas-eleicoes","status":"publish","type":"post","link":"https:\/\/tvbrazilusa.com\/pt\/2026\/09\/02\/tse-define-regras-para-uso-de-deepfake-nas-eleicoes\/","title":{"rendered":"TSE define regras para uso de deepfake nas elei\u00e7\u00f5es"},"content":{"rendered":"<script async src=\"https:\/\/pagead2.googlesyndication.com\/pagead\/js\/adsbygoogle.js?client=ca-pub-8864793242727901\"\r\n     crossorigin=\"anonymous\"><\/script>\n<div id=\"cd-article-content\" itemprop=\"articleBody\">\n<p class=\"wp-block-paragraph\">O<a href=\"https:\/\/www.tse.jus.br\/\" target=\"_blank\" rel=\"noopener\"> <strong>Tribunal Superior Eleitoral (TSE)<\/strong><\/a> definiu ontem (1\u00ba) os crit\u00e9rios para enquadrar conte\u00fados como <strong><a href=\"https:\/\/claudiodantas.com.br\/tag\/deepfake\/\" data-type=\"post_tag\" data-id=\"4135\">\u201cdeepfake\u201d<\/a><\/strong> nas <strong><a href=\"https:\/\/pt.wikipedia.org\/wiki\/Elei%C3%A7%C3%A3o_presidencial_no_Brasil_em_2026\" target=\"_blank\" rel=\"noopener\">elei\u00e7\u00f5es deste ano<\/a><\/strong>. Por maioria, a Corte tamb\u00e9m estabeleceu que a transmiss\u00e3o de uma conven\u00e7\u00e3o partid\u00e1ria pela internet, isoladamente, n\u00e3o caracteriza propaganda eleitoral antecipada.<\/p>\n<p><a href=\"https:\/\/whatsapp.com\/channel\/0029VaTFkH2HVvTbkE883x1x\" target=\"_blank\" class=\"whatsapp-channel-message\" rel=\"noopener\">\u2705 Siga o canal do Claudio Dantas no WhatsApp<\/a><\/p>\n<p class=\"wp-block-paragraph\">O entendimento foi aplicado no julgamento de uma a\u00e7\u00e3o apresentada por PT, PCdoB e PV contra o candidato do PL \u00e0 Presid\u00eancia, Fl\u00e1vio Bolsonaro, pela exibi\u00e7\u00e3o, durante a conven\u00e7\u00e3o que oficializou sua candidatura, de um v\u00eddeo gerado por IA com a imagem de Jair Bolsonaro (PL).<\/p>\n<p class=\"wp-block-paragraph\">Por 5 votos a 2, os ministros definiram que deepfake \u00e9 o conte\u00fado sint\u00e9tico produzido ou manipulado por intelig\u00eancia artificial ou tecnologia equivalente, com grau de realismo ou verossimilhan\u00e7a, capaz de criar, reproduzir ou modificar a imagem, a voz ou a manifesta\u00e7\u00e3o de pessoa viva, falecida ou fict\u00edcia.<\/p>\n<p class=\"wp-block-paragraph\">A Corte tamb\u00e9m decidiu que a proibi\u00e7\u00e3o prevista para o uso de deepfake nas elei\u00e7\u00f5es depende de o material ser caracterizado como propaganda eleitoral. Villas B\u00f4as Cueva e Floriano de Azevedo Marques ficaram vencidos no julgamento.<\/p>\n<p class=\"wp-block-paragraph\"><strong>A maioria aprovou a seguinte tese, que dever\u00e1 orientar decis\u00f5es de ju\u00edzes eleitorais em casos semelhantes:<\/strong><\/p>\n<ol start=\"1\" class=\"wp-block-list\">\n<li>Para os fins do art. 9\u00ba-C, \u00a7 1\u00ba, da Resolu\u00e7\u00e3o n\u00ba 23.610\/2019\/TSE, a caracteriza\u00e7\u00e3o de deepfake pressup\u00f5e conte\u00fado sint\u00e9tico produzido ou manipulado mediante intelig\u00eancia artificial ou tecnologia equivalente, dotado de grau de realismo ou verossimilhan\u00e7a e destinado a criar, reproduzir ou alterar imagem, voz ou manifesta\u00e7\u00e3o de pessoa viva, falecida ou fict\u00edcia. A incid\u00eancia da veda\u00e7\u00e3o ao emprego de deepfake prevista no art. 9\u00ba-C, \u00a7 1\u00ba, da Resolu\u00e7\u00e3o n\u00ba 23.610\/2019\/TSE pressup\u00f5e a caracteriza\u00e7\u00e3o do conte\u00fado como propaganda eleitoral.<\/li>\n<li>A transmiss\u00e3o de conven\u00e7\u00e3o partid\u00e1ria em plataforma digital n\u00e3o converte, por si s\u00f3, manifesta\u00e7\u00e3o de apoio pol\u00edtico dirigida aos convencionais em propaganda eleitoral antecipada, devendo a natureza do ato comunicativo ser aferida a partir de seu conte\u00fado, sua linguagem, seus destinat\u00e1rios e seu contexto.<\/li>\n<\/ol>\n<figure class=\"wp-block-embed is-type-wp-embed is-provider-claudio-dantas wp-block-embed-claudio-dantas\"\/>\n<\/div>\n<p><script>!function(f,b,e,v,n,t,s){if(f.fbq)return;n=f.fbq=function(){n.callMethod?n.callMethod.apply(n,arguments):n.queue.push(arguments)};if(!f._fbq)f._fbq=n;n.push=n;n.loaded=!0;n.version='2.0';n.queue=[];t=b.createElement(e);t.async=!0;t.src=v;s=b.getElementsByTagName(e)[0];s.parentNode.insertBefore(t,s)}(window,document,'script','https:\/\/connect.facebook.net\/en_US\/fbevents.js');fbq('init','1423865622537930');fbq('track','PageView');<\/script><br \/>\n<br \/><br \/>\n<br \/><a href=\"https:\/\/claudiodantas.com.br\/tse-regras-deepfake-eleicoes-2026\/\">Source link <\/a><\/p>","protected":false},"excerpt":{"rendered":"<p>O Tribunal Superior Eleitoral (TSE) definiu ontem (1\u00ba) os crit\u00e9rios para enquadrar conte\u00fados como \u201cdeepfake\u201d nas elei\u00e7\u00f5es deste ano. Por maioria, a Corte tamb\u00e9m estabeleceu que a transmiss\u00e3o de uma&hellip;<\/p>","protected":false},"author":1,"featured_media":141786,"comment_status":"closed","ping_status":"open","sticky":false,"template":"","format":"standard","meta":{"content-type":"","footnotes":""},"categories":[16],"tags":[],"class_list":["post-141785","post","type-post","status-publish","format-standard","has-post-thumbnail","hentry","category-noticias"],"_links":{"self":[{"href":"https:\/\/tvbrazilusa.com\/pt\/wp-json\/wp\/v2\/posts\/141785","targetHints":{"allow":["GET"]}}],"collection":[{"href":"https:\/\/tvbrazilusa.com\/pt\/wp-json\/wp\/v2\/posts"}],"about":[{"href":"https:\/\/tvbrazilusa.com\/pt\/wp-json\/wp\/v2\/types\/post"}],"author":[{"embeddable":true,"href":"https:\/\/tvbrazilusa.com\/pt\/wp-json\/wp\/v2\/users\/1"}],"replies":[{"embeddable":true,"href":"https:\/\/tvbrazilusa.com\/pt\/wp-json\/wp\/v2\/comments?post=141785"}],"version-history":[{"count":1,"href":"https:\/\/tvbrazilusa.com\/pt\/wp-json\/wp\/v2\/posts\/141785\/revisions"}],"predecessor-version":[{"id":141787,"href":"https:\/\/tvbrazilusa.com\/pt\/wp-json\/wp\/v2\/posts\/141785\/revisions\/141787"}],"wp:featuredmedia":[{"embeddable":true,"href":"https:\/\/tvbrazilusa.com\/pt\/wp-json\/wp\/v2\/media\/141786"}],"wp:attachment":[{"href":"https:\/\/tvbrazilusa.com\/pt\/wp-json\/wp\/v2\/media?parent=141785"}],"wp:term":[{"taxonomy":"category","embeddable":true,"href":"https:\/\/tvbrazilusa.com\/pt\/wp-json\/wp\/v2\/categories?post=141785"},{"taxonomy":"post_tag","embeddable":true,"href":"https:\/\/tvbrazilusa.com\/pt\/wp-json\/wp\/v2\/tags?post=141785"}],"curies":[{"name":"wp","href":"https:\/\/api.w.org\/{rel}","templated":true}]}}