{"id":141788,"date":"2026-09-02T11:40:00","date_gmt":"2026-09-02T11:40:00","guid":{"rendered":"https:\/\/tvbrazilusa.com\/2026\/09\/02\/esquerda-agora-defende-inquerito-contra-moraes\/"},"modified":"2026-09-02T12:02:27","modified_gmt":"2026-09-02T12:02:27","slug":"esquerda-agora-defende-inquerito-contra-moraes","status":"publish","type":"post","link":"https:\/\/tvbrazilusa.com\/pt\/2026\/09\/02\/esquerda-agora-defende-inquerito-contra-moraes\/","title":{"rendered":"Esquerda agora defende inqu\u00e9rito contra Moraes"},"content":{"rendered":"<script async src=\"https:\/\/pagead2.googlesyndication.com\/pagead\/js\/adsbygoogle.js?client=ca-pub-8864793242727901\"\r\n     crossorigin=\"anonymous\"><\/script>\n<div id=\"cd-article-content\" itemprop=\"articleBody\">\n<p class=\"wp-block-paragraph\">Antes visto como \u201csalvador da <strong><a href=\"https:\/\/claudiodantas.com.br\/tag\/democracia\/\" data-type=\"post_tag\" data-id=\"126\">democracia<\/a><\/strong>\u201d pela <strong><a href=\"https:\/\/claudiodantas.com.br\/tag\/esquerda\/\" data-type=\"post_tag\" data-id=\"6\">esquerda<\/a><\/strong>, o ministro <strong><a href=\"https:\/\/claudiodantas.com.br\/tag\/alexandre-de-moraes\/\" data-type=\"post_tag\" data-id=\"29\">Alexandre de Moraes<\/a><\/strong>, do Supremo Tribunal Federal (STF), agora passou a ser alvo de cr\u00edticas de pol\u00edticos e eleitores que anteriormente apoiavam sua persegui\u00e7\u00e3o contra o ex-presidente <strong><a href=\"https:\/\/x.com\/jairbolsonaro\">Jair Bolsonaro (PL)<\/a><\/strong> e seus apoiadores.<\/p>\n<p><a href=\"https:\/\/whatsapp.com\/channel\/0029VaTFkH2HVvTbkE883x1x\" target=\"_blank\" class=\"whatsapp-channel-message\" rel=\"noopener\">\u2705 Siga o canal do Claudio Dantas no WhatsApp<\/a><\/p>\n<p class=\"wp-block-paragraph\">As declara\u00e7\u00f5es ocorreram ap\u00f3s o ministro Andr\u00e9 Mendon\u00e7a tornar p\u00fablicos detalhes da investiga\u00e7\u00e3o da Pol\u00edcia Federal (PF) que envolve Daniel Vorcaro, dono do Banco Master, e sua rela\u00e7\u00e3o com Moraes e a esposa do ministro, a advogada Viviane Barci de Moraes. O material re\u00fane mensagens sobre contratos milion\u00e1rios e negocia\u00e7\u00f5es que tiveram participa\u00e7\u00e3o do ministro.<\/p>\n<p class=\"wp-block-paragraph\">Pol\u00edticos que anteriormente respaldaram a atua\u00e7\u00e3o ilegal de Moraes passaram a defender o avan\u00e7o das apura\u00e7\u00f5es sobre as rela\u00e7\u00f5es do ministro com Vorcaro.<\/p>\n<p class=\"wp-block-paragraph\">O deputado federal Paulo Pimenta (PT-RS), l\u00edder do governo Lula na C\u00e2mara, defendeu ontem (1\u00ba) que todos os envolvidos nas den\u00fancias relacionadas ao Master sejam investigados: \u201cEm uma democracia s\u00f3lida, nenhuma den\u00fancia, por mais grave que ela seja, deve deixar de ser apurada. N\u00e3o importa quem s\u00e3o os personagens, n\u00e3o importa que n\u00f3s estamos \u00e0 v\u00e9spera de uma elei\u00e7\u00e3o\u201d.<\/p>\n<p class=\"wp-block-paragraph\">Candidata ao Senado por S\u00e3o Paulo, a ex-ministra de Lula Simone Tebet (PSB) tamb\u00e9m passou a defender a apura\u00e7\u00e3o das den\u00fancias envolvendo Moraes e Vorcaro. Em aceno ao eleitorado lulista, Tebet defendeu ainda que o STF torne p\u00fablico o material da investiga\u00e7\u00e3o que envolve Vorcaro com o filme Dark Horse, sobre Jair Bolsonaro.<\/p>\n<p class=\"wp-block-paragraph\">\u201cN\u00e3o \u00e9 poss\u00edvel ter dois pesos e duas medidas. Ningu\u00e9m est\u00e1 acima da lei. A lei, ela deve ser aplicada a qualquer pessoa. Doa a quem doer. Gente, eu, assim como voc\u00eas, estou perplexa, estou indignada, estou querendo uma resposta e esclarecimentos sobre essas den\u00fancias que acabaram de sair hoje, que foram tornadas p\u00fablicas envolvendo o ministro Alexandre de Moraes com o Banco Master. N\u00f3s estamos falando de uma den\u00fancia que precisa ser apurada, mas \u00e9 importante colocarmos todas as cartas na mesa. N\u00f3s estamos falando do maior esquema de corrup\u00e7\u00e3o do sistema financeiro da hist\u00f3ria do Brasil. N\u00f3s precisamos saber quem mais est\u00e1 envolvido. Em nome da estabilidade pol\u00edtica para evitarmos uma crise institucional\u201d, disse a lulista em v\u00eddeo publicado nas redes sociais.<\/p>\n<p class=\"wp-block-paragraph\">O candidato ao governo de S\u00e3o Paulo Fernando Haddad (PT) defendeu, nesta ter\u00e7a-feira (2\/9), que as investiga\u00e7\u00f5es sobre a rela\u00e7\u00e3o entre Moraes e Vorcaro avancem e esclare\u00e7am todos os fatos. Para o petista, o caso deve ser apurado independentemente de quem esteja envolvido.<\/p>\n<blockquote class=\"wp-block-quote is-layout-flow wp-block-quote-is-layout-flow\">\n<p class=\"wp-block-paragraph\">\u201cAs coisas precisam ser apuradas, a verdade precisa ser conhecida e os respons\u00e1veis precisam ser punidos para que isso nunca volte a acontecer\u201d, afirmou Haddad durante agenda de campanha em Hortol\u00e2ndia, no interior de S\u00e3o Paulo.<\/p>\n<\/blockquote>\n<p class=\"wp-block-paragraph\">A candidata ao Senado pelo Paran\u00e1 Gleisi Hoffmann (PT) chegou a afirmar, em entrevista dada ontem, ser favor\u00e1vel \u00e0 abertura de processos de impeachment contra ministros do STF quando houver irregularidades que justifiquem a medida.<\/p>\n<p class=\"wp-block-paragraph\">\u201cEu n\u00e3o vejo problema nenhum em fazer o impeachment e o julgamento de ministro do Supremo. At\u00e9 porque isso \u00e9 fun\u00e7\u00e3o do Senado. Est\u00e1 no nosso regimento interno que \u00e9 fun\u00e7\u00e3o do Senado julgar e processar ministros do Supremo, dos tribunais superiores e o presidente da Rep\u00fablica. Ent\u00e3o, tendo um processo instaurado, eu tenho clareza e tranquilidade para sentar, discutir e julgar. Para mim, isso n\u00e3o \u00e9 nenhum problema, nenhum tabu. Se tiver crime, tem que ter\u201d, declarou.<\/p>\n<\/div>\n<p><script>!function(f,b,e,v,n,t,s){if(f.fbq)return;n=f.fbq=function(){n.callMethod?n.callMethod.apply(n,arguments):n.queue.push(arguments)};if(!f._fbq)f._fbq=n;n.push=n;n.loaded=!0;n.version='2.0';n.queue=[];t=b.createElement(e);t.async=!0;t.src=v;s=b.getElementsByTagName(e)[0];s.parentNode.insertBefore(t,s)}(window,document,'script','https:\/\/connect.facebook.net\/en_US\/fbevents.js');fbq('init','1423865622537930');fbq('track','PageView');<\/script><br \/>\n<br \/><br \/>\n<br \/><a href=\"https:\/\/claudiodantas.com.br\/esquerda-defende-inquerito-moraes\/\">Source link <\/a><\/p>","protected":false},"excerpt":{"rendered":"<p>Antes visto como \u201csalvador da democracia\u201d pela esquerda, o ministro Alexandre de Moraes, do Supremo Tribunal Federal (STF), agora passou a ser alvo de cr\u00edticas de pol\u00edticos e eleitores que&hellip;<\/p>","protected":false},"author":1,"featured_media":141668,"comment_status":"closed","ping_status":"open","sticky":false,"template":"","format":"standard","meta":{"content-type":"","footnotes":""},"categories":[16],"tags":[],"class_list":["post-141788","post","type-post","status-publish","format-standard","has-post-thumbnail","hentry","category-noticias"],"_links":{"self":[{"href":"https:\/\/tvbrazilusa.com\/pt\/wp-json\/wp\/v2\/posts\/141788","targetHints":{"allow":["GET"]}}],"collection":[{"href":"https:\/\/tvbrazilusa.com\/pt\/wp-json\/wp\/v2\/posts"}],"about":[{"href":"https:\/\/tvbrazilusa.com\/pt\/wp-json\/wp\/v2\/types\/post"}],"author":[{"embeddable":true,"href":"https:\/\/tvbrazilusa.com\/pt\/wp-json\/wp\/v2\/users\/1"}],"replies":[{"embeddable":true,"href":"https:\/\/tvbrazilusa.com\/pt\/wp-json\/wp\/v2\/comments?post=141788"}],"version-history":[{"count":1,"href":"https:\/\/tvbrazilusa.com\/pt\/wp-json\/wp\/v2\/posts\/141788\/revisions"}],"predecessor-version":[{"id":141789,"href":"https:\/\/tvbrazilusa.com\/pt\/wp-json\/wp\/v2\/posts\/141788\/revisions\/141789"}],"wp:featuredmedia":[{"embeddable":true,"href":"https:\/\/tvbrazilusa.com\/pt\/wp-json\/wp\/v2\/media\/141668"}],"wp:attachment":[{"href":"https:\/\/tvbrazilusa.com\/pt\/wp-json\/wp\/v2\/media?parent=141788"}],"wp:term":[{"taxonomy":"category","embeddable":true,"href":"https:\/\/tvbrazilusa.com\/pt\/wp-json\/wp\/v2\/categories?post=141788"},{"taxonomy":"post_tag","embeddable":true,"href":"https:\/\/tvbrazilusa.com\/pt\/wp-json\/wp\/v2\/tags?post=141788"}],"curies":[{"name":"wp","href":"https:\/\/api.w.org\/{rel}","templated":true}]}}