{"id":141810,"date":"2026-09-02T14:20:00","date_gmt":"2026-09-02T14:20:00","guid":{"rendered":"https:\/\/tvbrazilusa.com\/2026\/09\/02\/einstein-afasta-lottenberg-apos-anuncio-como-futuro-ministro-de-flavio\/"},"modified":"2026-09-02T14:27:31","modified_gmt":"2026-09-02T14:27:31","slug":"einstein-afasta-lottenberg-apos-anuncio-como-futuro-ministro-de-flavio","status":"publish","type":"post","link":"https:\/\/tvbrazilusa.com\/pt\/2026\/09\/02\/einstein-afasta-lottenberg-apos-anuncio-como-futuro-ministro-de-flavio\/","title":{"rendered":"Einstein afasta Lottenberg ap\u00f3s an\u00fancio como futuro ministro de Fl\u00e1vio"},"content":{"rendered":"<script async src=\"https:\/\/pagead2.googlesyndication.com\/pagead\/js\/adsbygoogle.js?client=ca-pub-8864793242727901\"\r\n     crossorigin=\"anonymous\"><\/script>\n<div id=\"cd-article-content\" itemprop=\"articleBody\">\n<p class=\"wp-block-paragraph\">O presidente do Conselho Deliberativo do <strong><a href=\"https:\/\/www.einstein.br\/n\" target=\"_blank\" rel=\"noopener\">Einstein<\/a><\/strong> Hospital Israelita, <strong><a href=\"https:\/\/claudiodantas.com.br\/tag\/claudio-lottenberg\/\" data-type=\"post_tag\" data-id=\"17383\">Cl\u00e1udio Lottenberg<\/a>,<\/strong> ficar\u00e1 afastado das fun\u00e7\u00f5es de <strong>governan\u00e7a<\/strong> da Sociedade Beneficente Israelita Brasileira Albert Einstein durante o <strong><a href=\"https:\/\/www.tse.jus.br\/eleicoes\/calendario-eleitoral\" target=\"_blank\" rel=\"noopener\">per\u00edodo eleitoral<\/a><\/strong>. A \u201clicen\u00e7a\u201d come\u00e7ou ontem (1\u00ba).<\/p>\n<p><a href=\"https:\/\/whatsapp.com\/channel\/0029VaTFkH2HVvTbkE883x1x\" target=\"_blank\" class=\"whatsapp-channel-message\" rel=\"noopener\">\u2705 Siga o canal do Claudio Dantas no WhatsApp<\/a><\/p>\n<p class=\"wp-block-paragraph\">A decis\u00e3o ocorre ap\u00f3s Lottenberg ser anunciado pelo candidato \u00e0 Presid\u00eancia Fl\u00e1vio Bolsonaro (PL) como seu ministro da Sa\u00fade em um eventual governo, caso seja eleito.<\/p>\n<p class=\"wp-block-paragraph\">Em nota divulgada, o hospital informou que o afastamento segue o C\u00f3digo de \u00c9tica do Einstein, que determina neutralidade pol\u00edtica e pro\u00edbe o uso de bens e recursos da institui\u00e7\u00e3o para fins pol\u00edticos.<\/p>\n<p class=\"wp-block-paragraph\">Lottenberg, de 65 anos, foi apresentado por Fl\u00e1vio na \u00faltima sexta (28), durante sabatina da TV Globo. O m\u00e9dico \u00e9 mestre e doutor em oftalmologia pela Unifesp. Em 2005, ocupou o cargo de secret\u00e1rio municipal de Sa\u00fade de S\u00e3o Paulo na gest\u00e3o do ent\u00e3o prefeito Jos\u00e9 Serra. Atualmente, tamb\u00e9m preside o Instituto Coaliz\u00e3o Sa\u00fade.<\/p>\n<p class=\"wp-block-paragraph\">O m\u00e9dico tamb\u00e9m deixou temporariamente a presid\u00eancia da Conib (Confedera\u00e7\u00e3o Israelita do Brasil) ap\u00f3s o an\u00fancio. Em 2020, seu nome chegou a ser cotado para o Minist\u00e9rio da Sa\u00fade durante o governo de Jair Bolsonaro.<\/p>\n<\/div>\n<p><script>!function(f,b,e,v,n,t,s){if(f.fbq)return;n=f.fbq=function(){n.callMethod?n.callMethod.apply(n,arguments):n.queue.push(arguments)};if(!f._fbq)f._fbq=n;n.push=n;n.loaded=!0;n.version='2.0';n.queue=[];t=b.createElement(e);t.async=!0;t.src=v;s=b.getElementsByTagName(e)[0];s.parentNode.insertBefore(t,s)}(window,document,'script','https:\/\/connect.facebook.net\/en_US\/fbevents.js');fbq('init','1423865622537930');fbq('track','PageView');<\/script><br \/>\n<br \/><br \/>\n<br \/><a href=\"https:\/\/claudiodantas.com.br\/einstein-afasta-lottenberg-ministro-flavio\/\">Source link <\/a><\/p>","protected":false},"excerpt":{"rendered":"<p>O presidente do Conselho Deliberativo do Einstein Hospital Israelita, Cl\u00e1udio Lottenberg, ficar\u00e1 afastado das fun\u00e7\u00f5es de governan\u00e7a da Sociedade Beneficente Israelita Brasileira Albert Einstein durante o per\u00edodo eleitoral. A \u201clicen\u00e7a\u201d&hellip;<\/p>","protected":false},"author":1,"featured_media":141369,"comment_status":"closed","ping_status":"open","sticky":false,"template":"","format":"standard","meta":{"content-type":"","footnotes":""},"categories":[16],"tags":[],"class_list":["post-141810","post","type-post","status-publish","format-standard","has-post-thumbnail","hentry","category-noticias"],"_links":{"self":[{"href":"https:\/\/tvbrazilusa.com\/pt\/wp-json\/wp\/v2\/posts\/141810","targetHints":{"allow":["GET"]}}],"collection":[{"href":"https:\/\/tvbrazilusa.com\/pt\/wp-json\/wp\/v2\/posts"}],"about":[{"href":"https:\/\/tvbrazilusa.com\/pt\/wp-json\/wp\/v2\/types\/post"}],"author":[{"embeddable":true,"href":"https:\/\/tvbrazilusa.com\/pt\/wp-json\/wp\/v2\/users\/1"}],"replies":[{"embeddable":true,"href":"https:\/\/tvbrazilusa.com\/pt\/wp-json\/wp\/v2\/comments?post=141810"}],"version-history":[{"count":1,"href":"https:\/\/tvbrazilusa.com\/pt\/wp-json\/wp\/v2\/posts\/141810\/revisions"}],"predecessor-version":[{"id":141811,"href":"https:\/\/tvbrazilusa.com\/pt\/wp-json\/wp\/v2\/posts\/141810\/revisions\/141811"}],"wp:featuredmedia":[{"embeddable":true,"href":"https:\/\/tvbrazilusa.com\/pt\/wp-json\/wp\/v2\/media\/141369"}],"wp:attachment":[{"href":"https:\/\/tvbrazilusa.com\/pt\/wp-json\/wp\/v2\/media?parent=141810"}],"wp:term":[{"taxonomy":"category","embeddable":true,"href":"https:\/\/tvbrazilusa.com\/pt\/wp-json\/wp\/v2\/categories?post=141810"},{"taxonomy":"post_tag","embeddable":true,"href":"https:\/\/tvbrazilusa.com\/pt\/wp-json\/wp\/v2\/tags?post=141810"}],"curies":[{"name":"wp","href":"https:\/\/api.w.org\/{rel}","templated":true}]}}