{"id":141817,"date":"2026-09-02T14:51:38","date_gmt":"2026-09-02T14:51:38","guid":{"rendered":"https:\/\/tvbrazilusa.com\/2026\/09\/02\/pf-diz-que-analise-do-celular-de-vorcaro-nao-terminou\/"},"modified":"2026-09-02T14:52:36","modified_gmt":"2026-09-02T14:52:36","slug":"pf-diz-que-analise-do-celular-de-vorcaro-nao-terminou","status":"publish","type":"post","link":"https:\/\/tvbrazilusa.com\/pt\/2026\/09\/02\/pf-diz-que-analise-do-celular-de-vorcaro-nao-terminou\/","title":{"rendered":"PF diz que an\u00e1lise do celular de Vorcaro n\u00e3o terminou"},"content":{"rendered":"<p> <script async src=\"https:\/\/pagead2.googlesyndication.com\/pagead\/js\/adsbygoogle.js?client=ca-pub-8864793242727901\"\r\n     crossorigin=\"anonymous\"><\/script><br \/>\n<\/p>\n<div id=\"cd-article-content\" itemprop=\"articleBody\">\n<p class=\"wp-block-paragraph\">O relat\u00f3rio da Pol\u00edcia Federal que revelou <strong>mensagens e registros envolvendo Daniel Vorcaro e o ministro Alexandre de <a href=\"https:\/\/claudiodantas.com.br\/tag\/alexandre-moraes\/\" data-type=\"post_tag\" data-id=\"13501\">Moraes<\/a><\/strong>, do Supremo Tribunal Federal (<a href=\"https:\/\/portal.stf.jus.br\/\" target=\"_blank\" rel=\"noopener\">STF<\/a>), n\u00e3o encerra a an\u00e1lise do material apreendido com o fundador do Banco Master.<\/p>\n<p><a href=\"https:\/\/whatsapp.com\/channel\/0029VaTFkH2HVvTbkE883x1x\" target=\"_blank\" class=\"whatsapp-channel-message\" rel=\"noopener\">\u2705 Siga o canal do Claudio Dantas no WhatsApp<\/a><\/p>\n<p class=\"wp-block-paragraph\">A pr\u00f3pria corpora\u00e7\u00e3o afirma que o documento, de 218 p\u00e1ginas, entregue ao ministro <a href=\"https:\/\/www.instagram.com\/oficial.andremendonca\/\" target=\"_blank\" rel=\"noopener\">Andr\u00e9 Mendon\u00e7a <\/a>em 27 de agosto, <em>\u201cn\u00e3o possui car\u00e1ter exaustivo\u201d<\/em>. O trabalho foi realizado em 72 horas e analisou um dos celulares apreendidos de Vorcaro durante a Opera\u00e7\u00e3o Compliance Zero.<\/p>\n<p class=\"wp-block-paragraph\">A PF afirma que, nesse per\u00edodo, transcreveu apenas as <em>\u201cmen\u00e7\u00f5es nominais diretamente identificadas\u201d<\/em>. O relat\u00f3rio tamb\u00e9m admite a exist\u00eancia de <em>\u201coutras cita\u00e7\u00f5es ou refer\u00eancias indiretas ainda n\u00e3o detectadas\u201d<\/em> pelos investigadores.<\/p>\n<p class=\"wp-block-paragraph\">O documento registra ainda que os resultados podem ser alterados com o avan\u00e7o das apura\u00e7\u00f5es. Segundo a corpora\u00e7\u00e3o, novos relat\u00f3rios poder\u00e3o ser produzidos caso informa\u00e7\u00f5es inicialmente consideradas sem relev\u00e2ncia ganhem import\u00e2ncia durante a investiga\u00e7\u00e3o.<\/p>\n<h2 class=\"wp-block-heading\">Outros celulares ainda ser\u00e3o analisados<\/h2>\n<p class=\"wp-block-paragraph\">O aparelho examinado pela PF n\u00e3o \u00e9 o \u00fanico celular apreendido com Vorcaro.<\/p>\n<p class=\"wp-block-paragraph\">Em mar\u00e7o, ao analisar a manuten\u00e7\u00e3o da pris\u00e3o do banqueiro, Andr\u00e9 Mendon\u00e7a informou que havia outros oito aparelhos a serem examinados. Cinco foram recolhidos na segunda fase da opera\u00e7\u00e3o e tr\u00eas na terceira.<\/p>\n<p class=\"wp-block-paragraph\">O relat\u00f3rio entregue em agosto n\u00e3o informa quantos desses equipamentos j\u00e1 passaram por per\u00edcia completa.<\/p>\n<p class=\"wp-block-paragraph\">Nas considera\u00e7\u00f5es finais, a PF afirma que duas investiga\u00e7\u00f5es relacionadas ao conte\u00fado encontrado est\u00e3o em <em>\u201cest\u00e1gio avan\u00e7ado\u201d<\/em>. Os trabalhos ainda dependem de an\u00e1lises banc\u00e1rias e do exame de outros materiais apreendidos.<\/p>\n<p class=\"wp-block-paragraph\">As oitivas j\u00e1 come\u00e7aram. A previs\u00e3o \u00e9 de conclus\u00e3o em at\u00e9 60 dias.<\/p>\n<figure class=\"wp-block-image size-large\"><\/figure>\n<h3 class=\"wp-block-heading\">Mensagens tempor\u00e1rias dificultam reconstru\u00e7\u00e3o<\/h3>\n<p class=\"wp-block-paragraph\">Outro fator apontado no relat\u00f3rio \u00e9 o uso de recursos que apagam ou limitam o acesso \u00e0s mensagens.<\/p>\n<p class=\"wp-block-paragraph\">O contato salvo no celular de Vorcaro como <em>\u201cAlexandre de Moraes BRASILIA\u201d<\/em> passou a utilizar, em setembro de 2025, a configura\u00e7\u00e3o de mensagens tempor\u00e1rias, com exclus\u00e3o autom\u00e1tica ap\u00f3s 24 horas.<\/p>\n<p class=\"wp-block-paragraph\">Em novembro daquele ano, Vorcaro enviou cinco mensagens ao contato pelo recurso de visualiza\u00e7\u00e3o \u00fanica. A per\u00edcia conseguiu recuperar os arquivos e associ\u00e1-los aos registros do sistema, mas parte das conversas n\u00e3o p\u00f4de ser reconstru\u00edda integralmente.<\/p>\n<p class=\"wp-block-paragraph\">A PF encontrou ainda 52 notas relacionadas ao m\u00e9todo usado por Vorcaro. Ele escrevia textos no aplicativo Notas, fazia uma captura de tela e enviava a imagem pelo WhatsApp.<\/p>\n<p class=\"wp-block-paragraph\">Cinco dessas notas estavam no chat atribu\u00eddo a Moraes. Outras 47 apresentavam o mesmo padr\u00e3o em diferentes conversas do aparelho.<\/p>\n<p class=\"wp-block-paragraph\">O relat\u00f3rio, por\u00e9m, tamb\u00e9m re\u00fane mensagens digitadas diretamente no WhatsApp, registros de chamadas e conversas com outros interlocutores.<\/p>\n<h3 class=\"wp-block-heading\">PF n\u00e3o aprofundou investiga\u00e7\u00e3o sobre magistrados<\/h3>\n<p class=\"wp-block-paragraph\">A corpora\u00e7\u00e3o tamb\u00e9m fez uma ressalva sobre a an\u00e1lise envolvendo integrantes do Judici\u00e1rio e do Minist\u00e9rio P\u00fablico.<\/p>\n<p class=\"wp-block-paragraph\">Por causa das regras aplic\u00e1veis a magistrados e membros do MP, a PF afirma que n\u00e3o realizou <em>\u201cquaisquer atos de aprofundamento investigativo\u201d<\/em> direcionados a essas autoridades.<\/p>\n<p class=\"wp-block-paragraph\">Segundo os investigadores, o relat\u00f3rio apresenta dados e elementos que j\u00e1 estavam no acervo da Opera\u00e7\u00e3o Compliance Zero.<\/p>\n<p class=\"wp-block-paragraph\">A ressalva alcan\u00e7a Alexandre de Moraes e Paulo Gonet. O documento n\u00e3o permite, por si s\u00f3, concluir que as autoridades mencionadas por Vorcaro tenham atendido a pedidos feitos pelo banqueiro ou cometido irregularidades.<\/p>\n<p class=\"wp-block-paragraph\">Entre os registros est\u00e1 uma nota em que Vorcaro afirma ser necess\u00e1rio <em>\u201crefor\u00e7ar com Andrei e Paulo\u201d<\/em>. Na mesma mensagem, diz que enviaria nomes de pessoas que estariam indo ao Banco Central. Pela an\u00e1lise do contexto, a PF aponta que as refer\u00eancias podem ser ao diretor-geral da PF, Andrei Rodrigues, e ao procurador-geral da Rep\u00fablica, Paulo Gonet.<\/p>\n<h3 class=\"wp-block-heading\">Mendon\u00e7a retirou sigilo do caso<\/h3>\n<p class=\"wp-block-paragraph\">O relat\u00f3rio foi entregue a Mendon\u00e7a em 27 de agosto. Em 1\u00ba de setembro, o ministro retirou o sigilo da Peti\u00e7\u00e3o 16.662, que re\u00fane os novos elementos da investiga\u00e7\u00e3o.<\/p>\n<p class=\"wp-block-paragraph\">O jornalista Paulo Figueiredo chamou aten\u00e7\u00e3o para as limita\u00e7\u00f5es do documento e afirmou que novas informa\u00e7\u00f5es podem aparecer com o avan\u00e7o das per\u00edcias.<\/p>\n<blockquote class=\"wp-block-quote is-layout-flow wp-block-quote-is-layout-flow\">\n<p class=\"wp-block-paragraph\"><em>\u201cH\u00e1 uma boa raz\u00e3o para imaginarmos que Mendon\u00e7a s\u00f3 colocou a cabecinha e vem muito mais por a\u00ed\u201d<\/em><\/p>\n<\/blockquote>\n<p class=\"wp-block-paragraph\">A pr\u00f3pria PF registra no relat\u00f3rio que o trabalho realizado em 72 horas n\u00e3o representa uma an\u00e1lise definitiva de todo o material apreendido com Vorcaro.<\/p>\n<\/div>\n<p><script>!function(f,b,e,v,n,t,s){if(f.fbq)return;n=f.fbq=function(){n.callMethod?n.callMethod.apply(n,arguments):n.queue.push(arguments)};if(!f._fbq)f._fbq=n;n.push=n;n.loaded=!0;n.version='2.0';n.queue=[];t=b.createElement(e);t.async=!0;t.src=v;s=b.getElementsByTagName(e)[0];s.parentNode.insertBefore(t,s)}(window,document,'script','https:\/\/connect.facebook.net\/en_US\/fbevents.js');fbq('init','1423865622537930');fbq('track','PageView');<\/script><script async src=\"\/\/www.instagram.com\/embed.js\"><\/script><br \/>\n<br \/><br \/>\n<br \/><a href=\"https:\/\/claudiodantas.com.br\/pf-diz-que-analise-do-celular-de-vorcaro-nao-terminou\/\">Source link <\/a><\/p>","protected":false},"excerpt":{"rendered":"<p>O relat\u00f3rio da Pol\u00edcia Federal que revelou mensagens e registros envolvendo Daniel Vorcaro e o ministro Alexandre de Moraes, do Supremo Tribunal Federal (STF), n\u00e3o encerra a an\u00e1lise do material&hellip;<\/p>","protected":false},"author":1,"featured_media":141818,"comment_status":"closed","ping_status":"open","sticky":false,"template":"","format":"standard","meta":{"content-type":"","footnotes":""},"categories":[16],"tags":[],"class_list":["post-141817","post","type-post","status-publish","format-standard","has-post-thumbnail","hentry","category-noticias"],"_links":{"self":[{"href":"https:\/\/tvbrazilusa.com\/pt\/wp-json\/wp\/v2\/posts\/141817","targetHints":{"allow":["GET"]}}],"collection":[{"href":"https:\/\/tvbrazilusa.com\/pt\/wp-json\/wp\/v2\/posts"}],"about":[{"href":"https:\/\/tvbrazilusa.com\/pt\/wp-json\/wp\/v2\/types\/post"}],"author":[{"embeddable":true,"href":"https:\/\/tvbrazilusa.com\/pt\/wp-json\/wp\/v2\/users\/1"}],"replies":[{"embeddable":true,"href":"https:\/\/tvbrazilusa.com\/pt\/wp-json\/wp\/v2\/comments?post=141817"}],"version-history":[{"count":1,"href":"https:\/\/tvbrazilusa.com\/pt\/wp-json\/wp\/v2\/posts\/141817\/revisions"}],"predecessor-version":[{"id":141819,"href":"https:\/\/tvbrazilusa.com\/pt\/wp-json\/wp\/v2\/posts\/141817\/revisions\/141819"}],"wp:featuredmedia":[{"embeddable":true,"href":"https:\/\/tvbrazilusa.com\/pt\/wp-json\/wp\/v2\/media\/141818"}],"wp:attachment":[{"href":"https:\/\/tvbrazilusa.com\/pt\/wp-json\/wp\/v2\/media?parent=141817"}],"wp:term":[{"taxonomy":"category","embeddable":true,"href":"https:\/\/tvbrazilusa.com\/pt\/wp-json\/wp\/v2\/categories?post=141817"},{"taxonomy":"post_tag","embeddable":true,"href":"https:\/\/tvbrazilusa.com\/pt\/wp-json\/wp\/v2\/tags?post=141817"}],"curies":[{"name":"wp","href":"https:\/\/api.w.org\/{rel}","templated":true}]}}