{"id":141837,"date":"2026-09-02T16:41:00","date_gmt":"2026-09-02T16:41:00","guid":{"rendered":"https:\/\/tvbrazilusa.com\/2026\/09\/02\/vorcaro-prestou-depoimento-urgente-a-juiz-auxiliar-de-mendonca\/"},"modified":"2026-09-02T16:43:41","modified_gmt":"2026-09-02T16:43:41","slug":"vorcaro-prestou-depoimento-urgente-a-juiz-auxiliar-de-mendonca","status":"publish","type":"post","link":"https:\/\/tvbrazilusa.com\/pt\/2026\/09\/02\/vorcaro-prestou-depoimento-urgente-a-juiz-auxiliar-de-mendonca\/","title":{"rendered":"Vorcaro prestou depoimento urgente a juiz auxiliar de Mendon\u00e7a"},"content":{"rendered":"<script async src=\"https:\/\/pagead2.googlesyndication.com\/pagead\/js\/adsbygoogle.js?client=ca-pub-8864793242727901\"\r\n     crossorigin=\"anonymous\"><\/script>\n<div id=\"cd-article-content\" itemprop=\"articleBody\">\n<p class=\"wp-block-paragraph\">O gabinete do ministro do Supremo Tribunal Federal (STF) <strong><a href=\"https:\/\/claudiodantas.com.br\/tag\/andre-mendonca\/\" data-type=\"post_tag\" data-id=\"4316\">Andr\u00e9 Mendon\u00e7a<\/a><\/strong> confirmou h\u00e1 pouco que <strong><a href=\"https:\/\/claudiodantas.com.br\/tag\/vorcaro\/\" data-type=\"post_tag\" data-id=\"13532\">Daniel Vorcaro<\/a><\/strong> prestou <strong>depoimento<\/strong> em car\u00e1ter de <strong>\u201curg\u00eancia\u201d<\/strong> na semana passada a um <strong>juiz auxiliar<\/strong> do magistrado, ap\u00f3s um pedido dos advogados do dono do <strong><a href=\"https:\/\/pt.wikipedia.org\/wiki\/Esc%C3%A2ndalo_do_Banco_Master\" target=\"_blank\" rel=\"noopener\">Banco Master<\/a><\/strong>.<\/p>\n<p><a href=\"https:\/\/whatsapp.com\/channel\/0029VaTFkH2HVvTbkE883x1x\" target=\"_blank\" class=\"whatsapp-channel-message\" rel=\"noopener\">\u2705 Siga o canal do Claudio Dantas no WhatsApp<\/a><\/p>\n<p class=\"wp-block-paragraph\">A informa\u00e7\u00e3o foi revelada pelo jornal O Globo e posteriormente detalhada em nota divulgada pelo gabinete. Segundo a equipe de Mendon\u00e7a, Vorcaro relatou \u201cestar sofrendo graves intimida\u00e7\u00f5es e solicitou ser ouvido com urg\u00eancia\u201d sobre os epis\u00f3dios.<\/p>\n<p class=\"wp-block-paragraph\">De acordo com a nota, a presen\u00e7a de um representante do Minist\u00e9rio P\u00fablico em audi\u00eancias dessa natureza \u00e9 uma exig\u00eancia legal e foi cumprida. A Pol\u00edcia Federal (PF), por\u00e9m, n\u00e3o participou da oitiva porque as normas do Conselho Nacional de Justi\u00e7a (CNJ) determinam que a equipe respons\u00e1vel pela investiga\u00e7\u00e3o seja afastada desse tipo de depoimento.<\/p>\n<p class=\"wp-block-paragraph\">\u201cTratando-se de depoimento motivado por relato de graves intimida\u00e7\u00f5es, a n\u00e3o convoca\u00e7\u00e3o de agentes policiais seguiu essa mesma diretriz de prote\u00e7\u00e3o, e n\u00e3o qualquer escolha de conveni\u00eancia do gabinete\u201d, diz o comunicado.<\/p>\n<p class=\"wp-block-paragraph\">A nota informa ainda que o conte\u00fado do depoimento \u00e9 \u201cresguardado por sigilo legal\u201d e que n\u00e3o foram tratados assuntos relacionados ao ministro Alexandre de Moraes.<\/p>\n<h3 class=\"wp-block-heading\"><strong>LEIA A \u00cdNTEGRA:<\/strong><\/h3>\n<p class=\"wp-block-paragraph\"><em>\u201cO depoimento foi realizado por requerimento expresso da defesa do depoente, que relatou estar sofrendo graves intimida\u00e7\u00f5es e solicitou ser ouvido com urg\u00eancia. Trata-se de ato processual regular, conduzido por juiz auxiliar.<\/em><\/p>\n<p class=\"wp-block-paragraph\"><em>A presen\u00e7a de representante do Minist\u00e9rio P\u00fablico em audi\u00eancias dessa natureza \u00e9 exig\u00eancia legal, e foi observada. Quanto \u00e0 Pol\u00edcia Federal, as normas do Conselho Nacional de Justi\u00e7a consagram, como garantia de incolumidade f\u00edsica e psicol\u00f3gica do depoente, o afastamento da equipe policial respons\u00e1vel pela investiga\u00e7\u00e3o nos atos em que ele \u00e9 ouvido (Resolu\u00e7\u00e3o CNJ n\u00ba 213\/2015, com as altera\u00e7\u00f5es da Resolu\u00e7\u00e3o n\u00ba 562\/2024). Tratando-se de depoimento motivado por relato de graves intimida\u00e7\u00f5es, a n\u00e3o convoca\u00e7\u00e3o de agentes policiais seguiu essa mesma diretriz de prote\u00e7\u00e3o, e n\u00e3o qualquer escolha de conveni\u00eancia do gabinete.<\/em><\/p>\n<p class=\"wp-block-paragraph\"><em>O conte\u00fado da audi\u00eancia \u00e9 resguardado por sigilo legal. Registre-se, apenas, que a informa\u00e7\u00e3o de que teriam sido abordados temas relacionados ao ministro Alexandre de Moraes n\u00e3o procede\u201d.<\/em><\/p>\n<\/div>\n<p><script>!function(f,b,e,v,n,t,s){if(f.fbq)return;n=f.fbq=function(){n.callMethod?n.callMethod.apply(n,arguments):n.queue.push(arguments)};if(!f._fbq)f._fbq=n;n.push=n;n.loaded=!0;n.version='2.0';n.queue=[];t=b.createElement(e);t.async=!0;t.src=v;s=b.getElementsByTagName(e)[0];s.parentNode.insertBefore(t,s)}(window,document,'script','https:\/\/connect.facebook.net\/en_US\/fbevents.js');fbq('init','1423865622537930');fbq('track','PageView');<\/script><br \/>\n<br \/><br \/>\n<br \/><a href=\"https:\/\/claudiodantas.com.br\/vorcaro-prestou-depoimento-urgente-mendonca\/\">Source link <\/a><\/p>","protected":false},"excerpt":{"rendered":"<p>O gabinete do ministro do Supremo Tribunal Federal (STF) Andr\u00e9 Mendon\u00e7a confirmou h\u00e1 pouco que Daniel Vorcaro prestou depoimento em car\u00e1ter de \u201curg\u00eancia\u201d na semana passada a um juiz auxiliar&hellip;<\/p>","protected":false},"author":1,"featured_media":141838,"comment_status":"closed","ping_status":"open","sticky":false,"template":"","format":"standard","meta":{"content-type":"","footnotes":""},"categories":[16],"tags":[],"class_list":["post-141837","post","type-post","status-publish","format-standard","has-post-thumbnail","hentry","category-noticias"],"_links":{"self":[{"href":"https:\/\/tvbrazilusa.com\/pt\/wp-json\/wp\/v2\/posts\/141837","targetHints":{"allow":["GET"]}}],"collection":[{"href":"https:\/\/tvbrazilusa.com\/pt\/wp-json\/wp\/v2\/posts"}],"about":[{"href":"https:\/\/tvbrazilusa.com\/pt\/wp-json\/wp\/v2\/types\/post"}],"author":[{"embeddable":true,"href":"https:\/\/tvbrazilusa.com\/pt\/wp-json\/wp\/v2\/users\/1"}],"replies":[{"embeddable":true,"href":"https:\/\/tvbrazilusa.com\/pt\/wp-json\/wp\/v2\/comments?post=141837"}],"version-history":[{"count":1,"href":"https:\/\/tvbrazilusa.com\/pt\/wp-json\/wp\/v2\/posts\/141837\/revisions"}],"predecessor-version":[{"id":141839,"href":"https:\/\/tvbrazilusa.com\/pt\/wp-json\/wp\/v2\/posts\/141837\/revisions\/141839"}],"wp:featuredmedia":[{"embeddable":true,"href":"https:\/\/tvbrazilusa.com\/pt\/wp-json\/wp\/v2\/media\/141838"}],"wp:attachment":[{"href":"https:\/\/tvbrazilusa.com\/pt\/wp-json\/wp\/v2\/media?parent=141837"}],"wp:term":[{"taxonomy":"category","embeddable":true,"href":"https:\/\/tvbrazilusa.com\/pt\/wp-json\/wp\/v2\/categories?post=141837"},{"taxonomy":"post_tag","embeddable":true,"href":"https:\/\/tvbrazilusa.com\/pt\/wp-json\/wp\/v2\/tags?post=141837"}],"curies":[{"name":"wp","href":"https:\/\/api.w.org\/{rel}","templated":true}]}}