{"id":141843,"date":"2026-09-02T17:31:43","date_gmt":"2026-09-02T17:31:43","guid":{"rendered":"https:\/\/tvbrazilusa.com\/2026\/09\/02\/documento-reforca-versao-de-mendonca-reuniao-com-vorcaro\/"},"modified":"2026-09-02T17:33:29","modified_gmt":"2026-09-02T17:33:29","slug":"documento-reforca-versao-de-mendonca-reuniao-com-vorcaro","status":"publish","type":"post","link":"https:\/\/tvbrazilusa.com\/pt\/2026\/09\/02\/documento-reforca-versao-de-mendonca-reuniao-com-vorcaro\/","title":{"rendered":"Documento refor\u00e7a vers\u00e3o de Mendon\u00e7a reuni\u00e3o com Vorcaro"},"content":{"rendered":"<p> <script async src=\"https:\/\/pagead2.googlesyndication.com\/pagead\/js\/adsbygoogle.js?client=ca-pub-8864793242727901\"\r\n     crossorigin=\"anonymous\"><\/script><br \/>\n<\/p>\n<div id=\"cd-article-content\" itemprop=\"articleBody\">\n<p class=\"wp-block-paragraph\">Um documento encaminhado ao ministro do <a href=\"https:\/\/portal.stf.jus.br\/\" target=\"_blank\" rel=\"noopener\">Supremo Tribunal Federal (STF)<\/a> Andr\u00e9 Mendon\u00e7a refor\u00e7a a vers\u00e3o apresentada por ele sobre a reuni\u00e3o que manteve com <a href=\"https:\/\/claudiodantas.com.br\/tag\/daniel-vorcaro\/\" data-type=\"post_tag\" data-id=\"10691\">Daniel Vorcaro<\/a>, ex-dono do Banco Master. O encontro ocorreu antes de Mendon\u00e7a assumir a relatoria das investiga\u00e7\u00f5es da Opera\u00e7\u00e3o Compliance Zero na Corte. As informa\u00e7\u00f5es s\u00e3o do portal <em>Metr\u00f3poles<\/em>.<\/p>\n<p><a href=\"https:\/\/whatsapp.com\/channel\/0029VaTFkH2HVvTbkE883x1x\" target=\"_blank\" class=\"whatsapp-channel-message\" rel=\"noopener\">\u2705 Siga o canal do Claudio Dantas no WhatsApp<\/a><\/p>\n<p class=\"wp-block-paragraph\">O documento \u00e9 um memorial apresentado pela Agro Industrial Tabu, usina do setor sucroalcooleiro, em uma a\u00e7\u00e3o relacionada a um precat\u00f3rio milion\u00e1rio. A pe\u00e7a foi assinada pelo advogado Wilson Ramalho Cavalcanti Neto e chegou ao gabinete de Mendon\u00e7a tr\u00eas dias depois da data atribu\u00edda \u00e0 reuni\u00e3o com Vorcaro em S\u00e3o Paulo.<\/p>\n<p class=\"wp-block-paragraph\">O conte\u00fado trata diretamente da Suspens\u00e3o de Tutela Provis\u00f3ria (STP) 976, processo que envolve cr\u00e9ditos de precat\u00f3rios de interesse do Banco Master. A institui\u00e7\u00e3o atuava na antecipa\u00e7\u00e3o desses valores, adquirindo os direitos sobre os cr\u00e9ditos antes do pagamento pela Uni\u00e3o.<\/p>\n<p class=\"wp-block-paragraph\">A exist\u00eancia do memorial d\u00e1 respaldo \u00e0 explica\u00e7\u00e3o de Mendon\u00e7a de que o assunto tratado com Vorcaro estava relacionado a esse processo. Em nota divulgada nesta quarta-feira (2), o ministro afirmou que recebeu o banqueiro uma \u00fanica vez, por iniciativa do pr\u00f3prio empres\u00e1rio, e que tamb\u00e9m recebeu um advogado ligado a ele no mesmo m\u00eas.<\/p>\n<p class=\"wp-block-paragraph\">Segundo Mendon\u00e7a, as conversas tiveram como tema o processo envolvendo os precat\u00f3rios.<\/p>\n<div class=\"dc-owl-gallery owl-carousel\">\n<div class=\"item\"><a class=\"dc-owl-lightbox\" href=\"https:\/\/claudiodantas.com.br\/wp-content\/uploads\/2026\/09\/WhatsApp-Image-2026-09-02-at-14.16.13.jpeg\"><\/a><\/div>\n<div class=\"item\"><a class=\"dc-owl-lightbox\" href=\"https:\/\/claudiodantas.com.br\/wp-content\/uploads\/2026\/09\/WhatsApp-Image-2026-09-02-at-14.16.20.jpeg\" data-rel=\"penci-gallery-image-content\" ><img fetchpriority=\"high\" decoding=\"async\" width=\"717\" height=\"1024\" data-full=\"https:\/\/claudiodantas.com.br\/wp-content\/uploads\/2026\/09\/WhatsApp-Image-2026-09-02-at-14.16.20.jpeg\" data-id=\"115289\" src=\"https:\/\/claudiodantas.com.br\/wp-content\/uploads\/2026\/09\/WhatsApp-Image-2026-09-02-at-14.16.20-717x1024.jpeg\" alt=\"\" class=\"wp-image-115289\" srcset=\"https:\/\/claudiodantas.com.br\/wp-content\/uploads\/2026\/09\/WhatsApp-Image-2026-09-02-at-14.16.20-717x1024.jpeg 717w, https:\/\/claudiodantas.com.br\/wp-content\/uploads\/2026\/09\/WhatsApp-Image-2026-09-02-at-14.16.20-210x300.jpeg 210w, https:\/\/claudiodantas.com.br\/wp-content\/uploads\/2026\/09\/WhatsApp-Image-2026-09-02-at-14.16.20-768x1097.jpeg 768w, https:\/\/claudiodantas.com.br\/wp-content\/uploads\/2026\/09\/WhatsApp-Image-2026-09-02-at-14.16.20-1075x1536.jpeg 1075w, https:\/\/claudiodantas.com.br\/wp-content\/uploads\/2026\/09\/WhatsApp-Image-2026-09-02-at-14.16.20.jpeg 1120w\" sizes=\"(max-width: 717px) 100vw, 717px\" data-pagespeed-url-hash=\"197619177\" onload=\"pagespeed.CriticalImages.checkImageForCriticality(this);\"\/><\/a><\/div>\n<\/div>\n<p class=\"wp-block-paragraph\"><strong>Processo envolve disputa iniciada nos anos 1990<\/strong><\/p>\n<p class=\"wp-block-paragraph\">A origem do caso remonta a uma a\u00e7\u00e3o ajuizada em 1990 pela Tabu e outras 26 usinas contra a Uni\u00e3o. As empresas alegaram preju\u00edzos provocados pela fixa\u00e7\u00e3o de pre\u00e7os do setor abaixo dos custos de produ\u00e7\u00e3o.<\/p>\n<p class=\"wp-block-paragraph\">A Justi\u00e7a Federal reconheceu o direito das empresas, e a decis\u00e3o transitou em julgado em mar\u00e7o de 1999. Anos depois, o processo chegou ao STF e passou a envolver a discuss\u00e3o sobre a validade dos precat\u00f3rios.<\/p>\n<p class=\"wp-block-paragraph\">No memorial, a Tabu contesta a suspens\u00e3o dos pagamentos e pede que o Supremo reveja a decis\u00e3o. A empresa tamb\u00e9m questiona fundamentos utilizados pela Corte em julgamento anterior, que teve voto do ent\u00e3o relator Lu\u00eds Roberto Barroso.<\/p>\n<p class=\"wp-block-paragraph\">Na data do encontro entre Mendon\u00e7a e Vorcaro, o processo estava parado em raz\u00e3o de um pedido de vista feito pelo ministro Alexandre de Moraes em novembro de 2024. Na ocasi\u00e3o, o julgamento tinha placar de 6 a 0.<\/p>\n<p class=\"wp-block-paragraph\"><strong>Vorcaro procurou outros ministros<\/strong><\/p>\n<p class=\"wp-block-paragraph\">Mendon\u00e7a tamb\u00e9m afirmou que, posteriormente, adotou posi\u00e7\u00e3o contr\u00e1ria ao interesse defendido por Vorcaro. O ministro declarou ainda que o banqueiro procurou outros integrantes do Supremo para tratar do mesmo assunto.<\/p>\n<p class=\"wp-block-paragraph\">A movimenta\u00e7\u00e3o de Vorcaro em gabinetes do STF j\u00e1 havia sido relatada anteriormente. Entre os ministros procurados estava Gilmar Mendes, que tamb\u00e9m n\u00e3o acolheu o pedido relacionado aos precat\u00f3rios.<\/p>\n<p class=\"wp-block-paragraph\">O encontro com Mendon\u00e7a ocorreu cerca de um ano antes de o ministro assumir, em fevereiro de 2026, a relatoria das investiga\u00e7\u00f5es da Opera\u00e7\u00e3o Compliance Zero no STF.<\/p>\n<p class=\"wp-block-paragraph\">O documento, portanto, acrescenta um elemento documental \u00e0 explica\u00e7\u00e3o apresentada pelo ministro sobre a pauta da reuni\u00e3o com Vorcaro e sobre a posterior atua\u00e7\u00e3o de seu gabinete no processo.<\/p>\n<\/div>\n<p><script>!function(f,b,e,v,n,t,s){if(f.fbq)return;n=f.fbq=function(){n.callMethod?n.callMethod.apply(n,arguments):n.queue.push(arguments)};if(!f._fbq)f._fbq=n;n.push=n;n.loaded=!0;n.version='2.0';n.queue=[];t=b.createElement(e);t.async=!0;t.src=v;s=b.getElementsByTagName(e)[0];s.parentNode.insertBefore(t,s)}(window,document,'script','https:\/\/connect.facebook.net\/en_US\/fbevents.js');fbq('init','1423865622537930');fbq('track','PageView');<\/script><br \/>\n<br \/><br \/>\n<br \/><a href=\"https:\/\/claudiodantas.com.br\/documento-versao-mendonca-reuniao-com-vorcaro\/\">Source link <\/a><\/p>","protected":false},"excerpt":{"rendered":"<p>Um documento encaminhado ao ministro do Supremo Tribunal Federal (STF) Andr\u00e9 Mendon\u00e7a refor\u00e7a a vers\u00e3o apresentada por ele sobre a reuni\u00e3o que manteve com Daniel Vorcaro, ex-dono do Banco Master.&hellip;<\/p>","protected":false},"author":1,"featured_media":141844,"comment_status":"closed","ping_status":"open","sticky":false,"template":"","format":"standard","meta":{"content-type":"","footnotes":""},"categories":[16],"tags":[],"class_list":["post-141843","post","type-post","status-publish","format-standard","has-post-thumbnail","hentry","category-noticias"],"_links":{"self":[{"href":"https:\/\/tvbrazilusa.com\/pt\/wp-json\/wp\/v2\/posts\/141843","targetHints":{"allow":["GET"]}}],"collection":[{"href":"https:\/\/tvbrazilusa.com\/pt\/wp-json\/wp\/v2\/posts"}],"about":[{"href":"https:\/\/tvbrazilusa.com\/pt\/wp-json\/wp\/v2\/types\/post"}],"author":[{"embeddable":true,"href":"https:\/\/tvbrazilusa.com\/pt\/wp-json\/wp\/v2\/users\/1"}],"replies":[{"embeddable":true,"href":"https:\/\/tvbrazilusa.com\/pt\/wp-json\/wp\/v2\/comments?post=141843"}],"version-history":[{"count":1,"href":"https:\/\/tvbrazilusa.com\/pt\/wp-json\/wp\/v2\/posts\/141843\/revisions"}],"predecessor-version":[{"id":141845,"href":"https:\/\/tvbrazilusa.com\/pt\/wp-json\/wp\/v2\/posts\/141843\/revisions\/141845"}],"wp:featuredmedia":[{"embeddable":true,"href":"https:\/\/tvbrazilusa.com\/pt\/wp-json\/wp\/v2\/media\/141844"}],"wp:attachment":[{"href":"https:\/\/tvbrazilusa.com\/pt\/wp-json\/wp\/v2\/media?parent=141843"}],"wp:term":[{"taxonomy":"category","embeddable":true,"href":"https:\/\/tvbrazilusa.com\/pt\/wp-json\/wp\/v2\/categories?post=141843"},{"taxonomy":"post_tag","embeddable":true,"href":"https:\/\/tvbrazilusa.com\/pt\/wp-json\/wp\/v2\/tags?post=141843"}],"curies":[{"name":"wp","href":"https:\/\/api.w.org\/{rel}","templated":true}]}}