{"id":141846,"date":"2026-09-02T17:46:40","date_gmt":"2026-09-02T17:46:40","guid":{"rendered":"https:\/\/tvbrazilusa.com\/2026\/09\/02\/marinho-pede-vista-e-adia-votacao-da-escala-6x1\/"},"modified":"2026-09-02T17:52:50","modified_gmt":"2026-09-02T17:52:50","slug":"marinho-pede-vista-e-adia-votacao-da-escala-6x1","status":"publish","type":"post","link":"https:\/\/tvbrazilusa.com\/pt\/2026\/09\/02\/marinho-pede-vista-e-adia-votacao-da-escala-6x1\/","title":{"rendered":"Marinho pede vista e adia vota\u00e7\u00e3o da escala 6&#215;1"},"content":{"rendered":"<script async src=\"https:\/\/pagead2.googlesyndication.com\/pagead\/js\/adsbygoogle.js?client=ca-pub-8864793242727901\"\r\n     crossorigin=\"anonymous\"><\/script>\n<div id=\"cd-article-content\" itemprop=\"articleBody\">\n<p class=\"wp-block-paragraph\">A vota\u00e7\u00e3o da Proposta de Emenda \u00e0 Constitui\u00e7\u00e3o (PEC) que acaba com a escala de trabalho 6\u00d71 foi adiada nesta quarta-feira (2) na <a href=\"https:\/\/legis.senado.leg.br\/atividade\/comissoes\/comissao\/34\/\" target=\"_blank\" rel=\"noopener\">Comiss\u00e3o de Constitui\u00e7\u00e3o e Justi\u00e7a (CCJ) do Senado<\/a> ap\u00f3s pedido de vista do <a href=\"https:\/\/claudiodantas.com.br\/tag\/rogerio-marinho\/\" data-type=\"post_tag\" data-id=\"79\">senador Rog\u00e9rio Marinho (PL-RN)<\/a>, coordenador da campanha de Fl\u00e1vio Bolsonaro.<\/p>\n<p><a href=\"https:\/\/whatsapp.com\/channel\/0029VaTFkH2HVvTbkE883x1x\" target=\"_blank\" class=\"whatsapp-channel-message\" rel=\"noopener\">\u2705 Siga o canal do Claudio Dantas no WhatsApp<\/a><\/p>\n<p class=\"wp-block-paragraph\">O pedido interrompeu a an\u00e1lise do parecer apresentado pelo senador Omar Aziz (PSD-AM), relator da proposta. O presidente da CCJ, senador Otto Alencar (PSD-BA), concedeu vista de uma hora.<\/p>\n<p class=\"wp-block-paragraph\">A iniciativa faz parte da estrat\u00e9gia da oposi\u00e7\u00e3o para retardar a tramita\u00e7\u00e3o da PEC e evitar que o texto avance imediatamente para o plen\u00e1rio. O PL ainda n\u00e3o havia definido uma orienta\u00e7\u00e3o sobre como seus senadores deveriam votar a proposta.<\/p>\n<p class=\"wp-block-paragraph\">Marinho tamb\u00e9m defende que a CCJ analise uma alternativa ao texto. A proposta prev\u00ea um regime de pagamento por hora trabalhada. A medida \u00e9 apresentada pela oposi\u00e7\u00e3o como op\u00e7\u00e3o ao modelo que estabelece o fim da escala 6\u00d71.<\/p>\n<p class=\"wp-block-paragraph\"><strong>O que prev\u00ea a PEC<\/strong><\/p>\n<p class=\"wp-block-paragraph\">O parecer de Omar Aziz mant\u00e9m o texto aprovado pela C\u00e2mara dos Deputados. A proposta reduz a jornada m\u00e1xima de 44 para 40 horas semanais, sem redu\u00e7\u00e3o salarial, e garante dois dias de descanso remunerado.<\/p>\n<p class=\"wp-block-paragraph\">O limite di\u00e1rio permanece em oito horas. Uma das folgas deve ocorrer preferencialmente aos domingos.<\/p>\n<p class=\"wp-block-paragraph\">A mudan\u00e7a teria in\u00edcio 60 dias ap\u00f3s a promulga\u00e7\u00e3o da emenda constitucional. A jornada passaria primeiro para 42 horas semanais e, depois de um ano, seria reduzida para 40 horas.<\/p>\n<p class=\"wp-block-paragraph\">Omar Aziz defendeu a altera\u00e7\u00e3o em seu relat\u00f3rio e citou dados do Instituto de Pesquisa Econ\u00f4mica Aplicada (Ipea) sobre a distribui\u00e7\u00e3o das jornadas mais longas entre trabalhadores de menor renda e escolaridade.<\/p>\n<p class=\"wp-block-paragraph\">\u201cA jornada prolongada n\u00e3o \u00e9, portanto, fen\u00f4meno neutramente distribu\u00eddo na estrutura produtiva: recai de modo desproporcional sobre os trabalhadores de menor renda e menor escolaridade. Reduzi-la \u00e9, nessa exata medida, provid\u00eancia de justi\u00e7a distributiva, e n\u00e3o apenas de pol\u00edtica laboral\u201d, afirmou Aziz.<\/p>\n<p class=\"wp-block-paragraph\">A PEC ainda precisa ser aprovada pela CCJ antes de seguir ao plen\u00e1rio. No Senado, uma proposta de emenda \u00e0 Constitui\u00e7\u00e3o precisa de 49 votos favor\u00e1veis em dois turnos para ser aprovada.<\/p>\n<p class=\"wp-block-paragraph\">A oposi\u00e7\u00e3o tamb\u00e9m discutiu a possibilidade de esvaziar sess\u00f5es para dificultar a forma\u00e7\u00e3o de qu\u00f3rum. A estrat\u00e9gia n\u00e3o foi formalizada e enfrenta resist\u00eancia entre senadores que disputar\u00e3o a reelei\u00e7\u00e3o.<\/p>\n<p class=\"wp-block-paragraph\">O debate ocorre em meio \u00e0 campanha presidencial. A redu\u00e7\u00e3o da jornada \u00e9 uma das bandeiras defendidas pelo presidente Lula. Pesquisa Quaest divulgada em julho apontou 69% de apoio \u00e0 medida.<\/p>\n<\/div>\n<p><script>!function(f,b,e,v,n,t,s){if(f.fbq)return;n=f.fbq=function(){n.callMethod?n.callMethod.apply(n,arguments):n.queue.push(arguments)};if(!f._fbq)f._fbq=n;n.push=n;n.loaded=!0;n.version='2.0';n.queue=[];t=b.createElement(e);t.async=!0;t.src=v;s=b.getElementsByTagName(e)[0];s.parentNode.insertBefore(t,s)}(window,document,'script','https:\/\/connect.facebook.net\/en_US\/fbevents.js');fbq('init','1423865622537930');fbq('track','PageView');<\/script><br \/>\n<br \/><br \/>\n<br \/><a href=\"https:\/\/claudiodantas.com.br\/marinho-pede-vista-e-adia-votacao-escala-6x1\/\">Source link <\/a><\/p>","protected":false},"excerpt":{"rendered":"<p>A vota\u00e7\u00e3o da Proposta de Emenda \u00e0 Constitui\u00e7\u00e3o (PEC) que acaba com a escala de trabalho 6\u00d71 foi adiada nesta quarta-feira (2) na Comiss\u00e3o de Constitui\u00e7\u00e3o e Justi\u00e7a (CCJ) do&hellip;<\/p>","protected":false},"author":1,"featured_media":141847,"comment_status":"closed","ping_status":"open","sticky":false,"template":"","format":"standard","meta":{"content-type":"","footnotes":""},"categories":[16],"tags":[],"class_list":["post-141846","post","type-post","status-publish","format-standard","has-post-thumbnail","hentry","category-noticias"],"_links":{"self":[{"href":"https:\/\/tvbrazilusa.com\/pt\/wp-json\/wp\/v2\/posts\/141846","targetHints":{"allow":["GET"]}}],"collection":[{"href":"https:\/\/tvbrazilusa.com\/pt\/wp-json\/wp\/v2\/posts"}],"about":[{"href":"https:\/\/tvbrazilusa.com\/pt\/wp-json\/wp\/v2\/types\/post"}],"author":[{"embeddable":true,"href":"https:\/\/tvbrazilusa.com\/pt\/wp-json\/wp\/v2\/users\/1"}],"replies":[{"embeddable":true,"href":"https:\/\/tvbrazilusa.com\/pt\/wp-json\/wp\/v2\/comments?post=141846"}],"version-history":[{"count":1,"href":"https:\/\/tvbrazilusa.com\/pt\/wp-json\/wp\/v2\/posts\/141846\/revisions"}],"predecessor-version":[{"id":141848,"href":"https:\/\/tvbrazilusa.com\/pt\/wp-json\/wp\/v2\/posts\/141846\/revisions\/141848"}],"wp:featuredmedia":[{"embeddable":true,"href":"https:\/\/tvbrazilusa.com\/pt\/wp-json\/wp\/v2\/media\/141847"}],"wp:attachment":[{"href":"https:\/\/tvbrazilusa.com\/pt\/wp-json\/wp\/v2\/media?parent=141846"}],"wp:term":[{"taxonomy":"category","embeddable":true,"href":"https:\/\/tvbrazilusa.com\/pt\/wp-json\/wp\/v2\/categories?post=141846"},{"taxonomy":"post_tag","embeddable":true,"href":"https:\/\/tvbrazilusa.com\/pt\/wp-json\/wp\/v2\/tags?post=141846"}],"curies":[{"name":"wp","href":"https:\/\/api.w.org\/{rel}","templated":true}]}}