{"id":141849,"date":"2026-09-02T18:02:25","date_gmt":"2026-09-02T18:02:25","guid":{"rendered":"https:\/\/tvbrazilusa.com\/2026\/09\/02\/caso-master-oab-manifesta-extrema-preocupacao-com-crise-no-stf\/"},"modified":"2026-09-02T18:22:26","modified_gmt":"2026-09-02T18:22:26","slug":"caso-master-oab-manifesta-extrema-preocupacao-com-crise-no-stf","status":"publish","type":"post","link":"https:\/\/tvbrazilusa.com\/pt\/2026\/09\/02\/caso-master-oab-manifesta-extrema-preocupacao-com-crise-no-stf\/","title":{"rendered":"Caso Master: OAB manifesta \u201cextrema preocupa\u00e7\u00e3o\u201d com crise no STF"},"content":{"rendered":"<script async src=\"https:\/\/pagead2.googlesyndication.com\/pagead\/js\/adsbygoogle.js?client=ca-pub-8864793242727901\"\r\n     crossorigin=\"anonymous\"><\/script>\n<p class=\"wp-block-paragraph\">A <a href=\"https:\/\/www.oab.org.br\/\" target=\"_blank\" rel=\"noopener\">Ordem dos Advogados do Brasil (OAB)<\/a> afirmou nesta ter\u00e7a-feira (1\u00ba) acompanhar com \u201caten\u00e7\u00e3o e extrema preocupa\u00e7\u00e3o\u201d a crise institucional envolvendo o Supremo Tribunal Federal (STF) ap\u00f3s a divulga\u00e7\u00e3o de mensagens atribu\u00eddas ao ex-dono do <a href=\"https:\/\/claudiodantas.com.br\/tag\/daniel-vorcaro\/\" data-type=\"post_tag\" data-id=\"10691\">Banco Master, Daniel Vorcaro<\/a>.<\/p>\n<p class=\"wp-block-paragraph\">Os di\u00e1logos foram encontrados pela Pol\u00edcia Federal (PF) no celular do empres\u00e1rio e integram um relat\u00f3rio encaminhado ao STF. O documento foi tornado p\u00fablico pelo ministro do Supremo Andr\u00e9 Mendon\u00e7a, relator das investiga\u00e7\u00f5es sobre o caso Master. As mensagens mencionam integrantes da c\u00fapula das institui\u00e7\u00f5es da Rep\u00fablica, entre eles o ministro Alexandre de Moraes e o procurador-geral da Rep\u00fablica, Paulo Gonet.<\/p>\n<p class=\"wp-block-paragraph\">Em nota assinada pelo presidente em exerc\u00edcio do Conselho Federal da OAB, D\u00e9lio Lins e Silva J\u00fanior, a entidade defendeu que os fatos sejam investigados sem distin\u00e7\u00e3o entre os envolvidos.<\/p>\n<p class=\"wp-block-paragraph\">\u201cA OAB defende a apura\u00e7\u00e3o rigorosa e isenta de todos os fatos, em rela\u00e7\u00e3o a quem quer que seja, asseguradas as garantias constitucionais do devido processo legal, da ampla defesa e da presun\u00e7\u00e3o de inoc\u00eancia.\u201d<\/p>\n<p class=\"wp-block-paragraph\">Para a Ordem, o respeito \u00e0s garantias constitucionais \u00e9 necess\u00e1rio para preservar a legitimidade das investiga\u00e7\u00f5es.<\/p>\n<p class=\"wp-block-paragraph\">A entidade tamb\u00e9m chamou aten\u00e7\u00e3o para o momento pol\u00edtico em que o caso ocorre. \u201cA OAB se preocupa com os impactos dessa crise para o Brasil, sobretudo por envolver institui\u00e7\u00f5es essenciais \u00e0 democracia e por ocorrer durante o per\u00edodo eleitoral\u201d, afirmou D\u00e9lio.<\/p>\n<p class=\"wp-block-paragraph\">A nota acrescenta que a Ordem continuar\u00e1 atuando na defesa da Constitui\u00e7\u00e3o.<\/p>\n<p class=\"wp-block-paragraph\"><strong>Relat\u00f3rio da PF provoca tens\u00e3o no STF<\/strong><\/p>\n<p class=\"wp-block-paragraph\">A manifesta\u00e7\u00e3o da OAB ocorre ap\u00f3s Mendon\u00e7a determinar o encaminhamento \u00e0 Procuradoria-Geral da Rep\u00fablica (PGR) de informa\u00e7\u00f5es extra\u00eddas do celular de Vorcaro. O material re\u00fane conversas do empres\u00e1rio com autoridades e outros interlocutores.<\/p>\n<p class=\"wp-block-paragraph\">Segundo a PF, os dados indicam que Vorcaro manteve ao menos seis encontros presenciais com Moraes. O relat\u00f3rio foi protocolado no STF na sexta-feira (28) e direcionado ao gabinete de Mendon\u00e7a.<\/p>\n<p class=\"wp-block-paragraph\">A divulga\u00e7\u00e3o do conte\u00fado provocou tens\u00e3o entre os ministros. Mendon\u00e7a conversou com Moraes e com o presidente do STF, Edson Fachin, antes de decidir pelo encaminhamento do relat\u00f3rio \u00e0 PGR.<\/p>\n<p class=\"wp-block-paragraph\">Na decis\u00e3o, o relator defendeu que a an\u00e1lise do caso seja feita pelo plen\u00e1rio do Supremo, em sess\u00e3o presencial e de forma \u201cp\u00fablica e transparente\u201d.<\/p>\n<p class=\"wp-block-paragraph\">A OAB n\u00e3o apontou culpados nem antecipou conclus\u00f5es sobre os fatos. A entidade se limitou a cobrar que a apura\u00e7\u00e3o alcance todos os envolvidos com os mesmos crit\u00e9rios e dentro das garantias previstas na Constitui\u00e7\u00e3o.<\/p>\n<p><br \/>\n<br \/><a href=\"https:\/\/claudiodantas.com.br\/oab-manifesta-extrema-preocupacao-crise-stf\/\">Source link <\/a><\/p>","protected":false},"excerpt":{"rendered":"<p>A Ordem dos Advogados do Brasil (OAB) afirmou nesta ter\u00e7a-feira (1\u00ba) acompanhar com \u201caten\u00e7\u00e3o e extrema preocupa\u00e7\u00e3o\u201d a crise institucional envolvendo o Supremo Tribunal Federal (STF) ap\u00f3s a divulga\u00e7\u00e3o de&hellip;<\/p>","protected":false},"author":1,"featured_media":141850,"comment_status":"closed","ping_status":"open","sticky":false,"template":"","format":"standard","meta":{"content-type":"","footnotes":""},"categories":[16],"tags":[],"class_list":["post-141849","post","type-post","status-publish","format-standard","has-post-thumbnail","hentry","category-noticias"],"_links":{"self":[{"href":"https:\/\/tvbrazilusa.com\/pt\/wp-json\/wp\/v2\/posts\/141849","targetHints":{"allow":["GET"]}}],"collection":[{"href":"https:\/\/tvbrazilusa.com\/pt\/wp-json\/wp\/v2\/posts"}],"about":[{"href":"https:\/\/tvbrazilusa.com\/pt\/wp-json\/wp\/v2\/types\/post"}],"author":[{"embeddable":true,"href":"https:\/\/tvbrazilusa.com\/pt\/wp-json\/wp\/v2\/users\/1"}],"replies":[{"embeddable":true,"href":"https:\/\/tvbrazilusa.com\/pt\/wp-json\/wp\/v2\/comments?post=141849"}],"version-history":[{"count":1,"href":"https:\/\/tvbrazilusa.com\/pt\/wp-json\/wp\/v2\/posts\/141849\/revisions"}],"predecessor-version":[{"id":141851,"href":"https:\/\/tvbrazilusa.com\/pt\/wp-json\/wp\/v2\/posts\/141849\/revisions\/141851"}],"wp:featuredmedia":[{"embeddable":true,"href":"https:\/\/tvbrazilusa.com\/pt\/wp-json\/wp\/v2\/media\/141850"}],"wp:attachment":[{"href":"https:\/\/tvbrazilusa.com\/pt\/wp-json\/wp\/v2\/media?parent=141849"}],"wp:term":[{"taxonomy":"category","embeddable":true,"href":"https:\/\/tvbrazilusa.com\/pt\/wp-json\/wp\/v2\/categories?post=141849"},{"taxonomy":"post_tag","embeddable":true,"href":"https:\/\/tvbrazilusa.com\/pt\/wp-json\/wp\/v2\/tags?post=141849"}],"curies":[{"name":"wp","href":"https:\/\/api.w.org\/{rel}","templated":true}]}}