{"id":141852,"date":"2026-09-02T18:37:44","date_gmt":"2026-09-02T18:37:44","guid":{"rendered":"https:\/\/tvbrazilusa.com\/2026\/09\/02\/mensagens-moraes-a-67-pedidos-de-impeachment-no-senado\/"},"modified":"2026-09-02T18:56:26","modified_gmt":"2026-09-02T18:56:26","slug":"mensagens-moraes-a-67-pedidos-de-impeachment-no-senado","status":"publish","type":"post","link":"https:\/\/tvbrazilusa.com\/pt\/2026\/09\/02\/mensagens-moraes-a-67-pedidos-de-impeachment-no-senado\/","title":{"rendered":"Mensagens Moraes a 67 pedidos de impeachment no Senado"},"content":{"rendered":"<script async src=\"https:\/\/pagead2.googlesyndication.com\/pagead\/js\/adsbygoogle.js?client=ca-pub-8864793242727901\"\r\n     crossorigin=\"anonymous\"><\/script>\n<div id=\"cd-article-content\" itemprop=\"articleBody\">\n<p class=\"wp-block-paragraph\">O ministro do <a href=\"https:\/\/portal.stf.jus.br\/\" target=\"_blank\" rel=\"noopener\">Supremo Tribunal Federal (STF) <\/a><a href=\"https:\/\/claudiodantas.com.br\/tag\/alexandre-de-moraes\/\" data-type=\"post_tag\" data-id=\"29\">Alexandre de Moraes<\/a> deve se tornar alvo de um novo pedido de impeachment no Senado ap\u00f3s a divulga\u00e7\u00e3o de mensagens trocadas com Daniel Vorcaro, ex-controlador do Banco Master. Com a nova iniciativa, anunciada pela oposi\u00e7\u00e3o, o n\u00famero de representa\u00e7\u00f5es contra Moraes na Casa chegar\u00e1 a 67.<\/p>\n<p><a href=\"https:\/\/whatsapp.com\/channel\/0029VaTFkH2HVvTbkE883x1x\" target=\"_blank\" class=\"whatsapp-channel-message\" rel=\"noopener\">\u2705 Siga o canal do Claudio Dantas no WhatsApp<\/a><\/p>\n<p class=\"wp-block-paragraph\">O levantamento considera as peti\u00e7\u00f5es registradas no Senado desde 2019, incluindo pedidos que foram arquivados, indeferidos ou encerrados. A nova representa\u00e7\u00e3o ainda n\u00e3o havia sido cadastrada oficialmente no sistema da Casa at\u00e9 a publica\u00e7\u00e3o desta mat\u00e9ria.<\/p>\n<p class=\"wp-block-paragraph\">O movimento ocorre ap\u00f3s o ministro Andr\u00e9 Mendon\u00e7a retirar o sigilo de um relat\u00f3rio da Pol\u00edcia Federal (PF) que re\u00fane mensagens extra\u00eddas do celular de Vorcaro. O material registra conversas entre o empres\u00e1rio e Moraes e menciona ainda outras autoridades.<\/p>\n<p class=\"wp-block-paragraph\">Entre os conte\u00fados analisados pelos investigadores est\u00e3o mensagens relacionadas ao contrato firmado entre o Banco Master e o escrit\u00f3rio de advocacia da esposa de Moraes, Viviane Barci. O relat\u00f3rio tamb\u00e9m registra interlocu\u00e7\u00f5es de Vorcaro envolvendo autoridades como o diretor-geral da PF, Andrei Rodrigues, e o procurador-geral da Rep\u00fablica, Paulo Gonet.<\/p>\n<p class=\"wp-block-paragraph\">A divulga\u00e7\u00e3o do material provocou uma nova ofensiva da oposi\u00e7\u00e3o contra Moraes. Al\u00e9m do pedido de impeachment, parlamentares anunciaram que pretendem apresentar uma not\u00edcia-crime \u00e0 PGR e solicitar ao presidente do STF, Edson Fachin, a abertura de uma apura\u00e7\u00e3o interna sobre a conduta do ministro.<\/p>\n<p class=\"wp-block-paragraph\"><strong>Moraes concentra pedidos contra ministros do STF<\/strong><\/p>\n<p class=\"wp-block-paragraph\">O n\u00famero de representa\u00e7\u00f5es coloca Moraes em posi\u00e7\u00e3o distante dos demais ministros da Corte. O levantamento hist\u00f3rico aponta ao menos 25 pedidos contra Gilmar Mendes, 19 contra Dias Toffoli, nove contra Edson Fachin, oito contra C\u00e1rmen L\u00facia, seis contra Fl\u00e1vio Dino, cinco contra Luiz Fux, tr\u00eas contra Cristiano Zanin e dois contra Kassio Nunes Marques e Andr\u00e9 Mendon\u00e7a.<\/p>\n<p class=\"wp-block-paragraph\">Apesar do volume de pedidos, nenhuma representa\u00e7\u00e3o contra Moraes resultou at\u00e9 agora na abertura de um processo de impeachment no Senado.<\/p>\n<p class=\"wp-block-paragraph\">Dos 66 pedidos j\u00e1 registrados antes da nova iniciativa, 32 permaneciam em tramita\u00e7\u00e3o formal e 34 haviam sido encerrados. As representa\u00e7\u00f5es mais recentes ainda passam por etapas administrativas, como an\u00e1lise da Advocacia do Senado ou aguardam despacho da Presid\u00eancia da Casa.<\/p>\n<p class=\"wp-block-paragraph\"><strong>Press\u00e3o cresceu nos \u00faltimos anos<\/strong><\/p>\n<p class=\"wp-block-paragraph\">As primeiras representa\u00e7\u00f5es contra Moraes foram apresentadas em 2019, dois anos depois de sua chegada ao STF. Naquele ano, foram cinco pedidos, inicialmente relacionados principalmente a decis\u00f5es da Corte sobre temas como criminaliza\u00e7\u00e3o da homofobia e da transfobia e ao inqu\u00e9rito das fake news.<\/p>\n<p class=\"wp-block-paragraph\">O n\u00famero aumentou nos anos seguintes. Em 2020, foram 11 pedidos, enquanto 2021 registrou 13. Naquele ano, o ent\u00e3o presidente Jair Bolsonaro tamb\u00e9m apresentou uma representa\u00e7\u00e3o contra Moraes, questionando sua atua\u00e7\u00e3o nos inqu\u00e9ritos das fake news e dos atos antidemocr\u00e1ticos. O pedido acabou arquivado pelo Senado.<\/p>\n<p class=\"wp-block-paragraph\">Em 2022, foram cinco novas peti\u00e7\u00f5es. Depois, houve queda para quatro em 2023 e apenas uma em 2024.<\/p>\n<p class=\"wp-block-paragraph\">A maior concentra\u00e7\u00e3o ocorreu em 2025, quando Moraes recebeu 21 representa\u00e7\u00f5es, segundo o levantamento. Entre os autores estavam parlamentares como Fl\u00e1vio Bolsonaro (PL-RJ), Esperidi\u00e3o Amin (PP-SC) e Damares Alves (Republicanos-DF).<\/p>\n<p class=\"wp-block-paragraph\">Em 2026, antes do novo pedido anunciado ap\u00f3s a divulga\u00e7\u00e3o das mensagens de Vorcaro, seis representa\u00e7\u00f5es haviam sido cadastradas. Uma delas foi apresentada por 33 deputados federais e questionava, entre outros pontos, o contrato do Banco Master com o escrit\u00f3rio de Viviane Barci e contatos de Moraes relacionados ao caso.<\/p>\n<p class=\"wp-block-paragraph\"><strong>O que pode acontecer com os pedidos<\/strong><\/p>\n<p class=\"wp-block-paragraph\">O impeachment de ministros do STF por crime de responsabilidade \u00e9 atribui\u00e7\u00e3o do Senado. Qualquer cidad\u00e3o pode apresentar uma den\u00fancia, mas o protocolo n\u00e3o significa abertura autom\u00e1tica de processo.<\/p>\n<p class=\"wp-block-paragraph\">A decis\u00e3o inicial sobre o andamento cabe ao presidente do Senado. Se houver acolhimento, a representa\u00e7\u00e3o passa por an\u00e1lise t\u00e9cnica da Advocacia da Casa e pelas etapas previstas no regimento antes de eventualmente chegar \u00e0 aprecia\u00e7\u00e3o dos senadores.<\/p>\n<p class=\"wp-block-paragraph\">At\u00e9 hoje, o Senado nunca aprovou um pedido de impeachment contra ministro do Supremo.<\/p>\n<\/div>\n<p><script>!function(f,b,e,v,n,t,s){if(f.fbq)return;n=f.fbq=function(){n.callMethod?n.callMethod.apply(n,arguments):n.queue.push(arguments)};if(!f._fbq)f._fbq=n;n.push=n;n.loaded=!0;n.version='2.0';n.queue=[];t=b.createElement(e);t.async=!0;t.src=v;s=b.getElementsByTagName(e)[0];s.parentNode.insertBefore(t,s)}(window,document,'script','https:\/\/connect.facebook.net\/en_US\/fbevents.js');fbq('init','1423865622537930');fbq('track','PageView');<\/script><br \/>\n<br \/><br \/>\n<br \/><a href=\"https:\/\/claudiodantas.com.br\/moraes-67-pedidos-impeachment-senado\/\">Source link <\/a><\/p>","protected":false},"excerpt":{"rendered":"<p>O ministro do Supremo Tribunal Federal (STF) Alexandre de Moraes deve se tornar alvo de um novo pedido de impeachment no Senado ap\u00f3s a divulga\u00e7\u00e3o de mensagens trocadas com Daniel&hellip;<\/p>","protected":false},"author":1,"featured_media":141853,"comment_status":"closed","ping_status":"open","sticky":false,"template":"","format":"standard","meta":{"content-type":"","footnotes":""},"categories":[16],"tags":[],"class_list":["post-141852","post","type-post","status-publish","format-standard","has-post-thumbnail","hentry","category-noticias"],"_links":{"self":[{"href":"https:\/\/tvbrazilusa.com\/pt\/wp-json\/wp\/v2\/posts\/141852","targetHints":{"allow":["GET"]}}],"collection":[{"href":"https:\/\/tvbrazilusa.com\/pt\/wp-json\/wp\/v2\/posts"}],"about":[{"href":"https:\/\/tvbrazilusa.com\/pt\/wp-json\/wp\/v2\/types\/post"}],"author":[{"embeddable":true,"href":"https:\/\/tvbrazilusa.com\/pt\/wp-json\/wp\/v2\/users\/1"}],"replies":[{"embeddable":true,"href":"https:\/\/tvbrazilusa.com\/pt\/wp-json\/wp\/v2\/comments?post=141852"}],"version-history":[{"count":1,"href":"https:\/\/tvbrazilusa.com\/pt\/wp-json\/wp\/v2\/posts\/141852\/revisions"}],"predecessor-version":[{"id":141854,"href":"https:\/\/tvbrazilusa.com\/pt\/wp-json\/wp\/v2\/posts\/141852\/revisions\/141854"}],"wp:featuredmedia":[{"embeddable":true,"href":"https:\/\/tvbrazilusa.com\/pt\/wp-json\/wp\/v2\/media\/141853"}],"wp:attachment":[{"href":"https:\/\/tvbrazilusa.com\/pt\/wp-json\/wp\/v2\/media?parent=141852"}],"wp:term":[{"taxonomy":"category","embeddable":true,"href":"https:\/\/tvbrazilusa.com\/pt\/wp-json\/wp\/v2\/categories?post=141852"},{"taxonomy":"post_tag","embeddable":true,"href":"https:\/\/tvbrazilusa.com\/pt\/wp-json\/wp\/v2\/tags?post=141852"}],"curies":[{"name":"wp","href":"https:\/\/api.w.org\/{rel}","templated":true}]}}