{"id":141855,"date":"2026-09-02T18:58:55","date_gmt":"2026-09-02T18:58:55","guid":{"rendered":"https:\/\/tvbrazilusa.com\/2026\/09\/02\/viana-da-prazo-ate-quinta-p-alcolumbre-impeachment-de-moraes\/"},"modified":"2026-09-02T19:09:25","modified_gmt":"2026-09-02T19:09:25","slug":"viana-da-prazo-ate-quinta-p-alcolumbre-impeachment-de-moraes","status":"publish","type":"post","link":"https:\/\/tvbrazilusa.com\/pt\/2026\/09\/02\/viana-da-prazo-ate-quinta-p-alcolumbre-impeachment-de-moraes\/","title":{"rendered":"Viana d\u00e1 prazo at\u00e9 quinta p Alcolumbre impeachment de Moraes"},"content":{"rendered":"<script async src=\"https:\/\/pagead2.googlesyndication.com\/pagead\/js\/adsbygoogle.js?client=ca-pub-8864793242727901\"\r\n     crossorigin=\"anonymous\"><\/script>\n<div id=\"cd-article-content\" itemprop=\"articleBody\">\n<p class=\"wp-block-paragraph\">O <a href=\"https:\/\/claudiodantas.com.br\/tag\/carlos-viana\/\" data-type=\"post_tag\" data-id=\"11758\">senador Carlos Viana (Podemos-MG)<\/a> deu prazo at\u00e9 esta quinta-feira (3) para que o presidente do Senado, Davi Alcolumbre (Uni\u00e3o-AP), d\u00ea encaminhamento aos pedidos de impeachment contra o ministro do <a href=\"https:\/\/portal.stf.jus.br\/\" target=\"_blank\" rel=\"noopener\">Supremo Tribunal Federal (STF)<\/a> Alexandre de Moraes. Caso n\u00e3o haja uma resposta efetiva, Viana afirmou que vai apresentar um pedido de impeachment e afastamento de Alcolumbre.<\/p>\n<p><a href=\"https:\/\/whatsapp.com\/channel\/0029VaTFkH2HVvTbkE883x1x\" target=\"_blank\" class=\"whatsapp-channel-message\" rel=\"noopener\">\u2705 Siga o canal do Claudio Dantas no WhatsApp<\/a><\/p>\n<p class=\"wp-block-paragraph\">A cobran\u00e7a foi feita nesta quarta-feira (2), durante coletiva de imprensa em frente \u00e0 Presid\u00eancia do Senado. Segundo Viana, Alcolumbre disse que conversaria com os l\u00edderes e apresentaria uma posi\u00e7\u00e3o sobre o assunto nesta quinta.<\/p>\n<p class=\"wp-block-paragraph\">\u201cEu espero uma resposta do presidente at\u00e9 amanh\u00e3 na quinta-feira, porque ele disse que conversaria com os l\u00edderes e dariam um posicionamento. Ent\u00e3o vamos aguardar com todo o respeito que tenho pela pessoa dele, pelo no cargo da presid\u00eancia do Senado, at\u00e9 amanh\u00e3.<\/p>\n<p class=\"wp-block-paragraph\">Viana afirmou que n\u00e3o pretende recuar mesmo sem apoio de outros parlamentares.<\/p>\n<p class=\"wp-block-paragraph\">\u201cE eu digo mais, se Davi Alcolumbre mais uma vez disser que o Senado n\u00e3o agir\u00e1, eu pedirei o impeachment e o afastamento dele aos colegas do Senado. Mesmo que eu fique isolado, n\u00f3s vamos pedir porque o \u00f4nus pol\u00edtico, tem de ficar l\u00e1.\u201d<\/p>\n<p class=\"wp-block-paragraph\"><strong>Pedido contra Moraes<\/strong><\/p>\n<p class=\"wp-block-paragraph\">O ultimato ocorre um dia depois de Viana protocolar um novo pedido de impeachment contra Moraes. O senador reconheceu que existem outros requerimentos contra o ministro, mas afirmou que os novos elementos reunidos pela Pol\u00edcia Federal no caso Banco Master mudaram o cen\u00e1rio.<\/p>\n<p class=\"wp-block-paragraph\">\u201cOntem, voc\u00eas sabem bem, protocolei o pedido de impeachment do ministro Alexandre de Moraes. Sei que j\u00e1 existem muitos pedidos, mas o momento \u00e9 completamente diferente pelos fatos levantados pela investiga\u00e7\u00e3o e pela Pol\u00edcia Federal.\u201d<\/p>\n<p class=\"wp-block-paragraph\">Viana defendeu que Moraes seja chamado ao Senado para prestar esclarecimentos.<\/p>\n<p class=\"wp-block-paragraph\">\u201c\u00c9 urgente que n\u00f3s convoquemos o ministro Alexandre de Moraes para dar esclarecimentos no plen\u00e1rio do Senado Federal.\u201d<\/p>\n<p class=\"wp-block-paragraph\"><strong>Viana pede afastamento de Gonet<\/strong><\/p>\n<p class=\"wp-block-paragraph\">O senador tamb\u00e9m protocolou no STF um pedido para afastar o procurador-geral da Rep\u00fablica, Paulo Gonet, da atua\u00e7\u00e3o no caso Banco Master.<\/p>\n<p class=\"wp-block-paragraph\">A justificativa \u00e9 a presen\u00e7a do nome de Gonet nas mensagens analisadas pela Pol\u00edcia Federal. Viana afirma que isso comprometeria a isen\u00e7\u00e3o do procurador-geral na condu\u00e7\u00e3o do caso.<\/p>\n<p class=\"wp-block-paragraph\">\u201cTamb\u00e9m ingressei no Supremo Tribunal Federal com um pedido de afastamento do Procurador Geral da Rep\u00fablica, Paulo Gonet, das investiga\u00e7\u00f5es do Banco Master.\u201d<\/p>\n<p class=\"wp-block-paragraph\">Viana citou mensagens envolvendo Gonet e tamb\u00e9m um epis\u00f3dio relacionado ao filho do procurador-geral e a despesas que seriam pagas por Daniel Vorcaro.<\/p>\n<p class=\"wp-block-paragraph\">\u201cPaulo Gonet aparece citado v\u00e1rias vezes. H\u00e1 o caso do filho em que o banqueiro Daniel Vorcaro pagaria as despesas em um evento que n\u00e3o acabou acontecendo, mas o acerto estava feito. Isso, a meu ver, ao nosso ver, compromete a participa\u00e7\u00e3o do Procurador Geral da Rep\u00fablica nas investiga\u00e7\u00f5es.\u201d<\/p>\n<p class=\"wp-block-paragraph\"><strong>Press\u00e3o sobre PF e defesa de Mendon\u00e7a<\/strong><\/p>\n<p class=\"wp-block-paragraph\">Viana tamb\u00e9m defendeu o afastamento do diretor-geral da Pol\u00edcia Federal, Andrei Rodrigues, alegando que ele aparece no material relacionado ao caso.<\/p>\n<p class=\"wp-block-paragraph\">\u201cPenso e defendo aqui que o Presidente da Rep\u00fablica se realmente tem preocupa\u00e7\u00e3o com o pa\u00eds, com a democracia, que ele deve afastar imediatamente o diretor geral da Pol\u00edcia Federal que tamb\u00e9m aparece nas investiga\u00e7\u00f5es.\u201d<\/p>\n<p class=\"wp-block-paragraph\">O senador, por outro lado, saiu em defesa do ministro Andr\u00e9 Mendon\u00e7a, respons\u00e1vel por determinar o aprofundamento da an\u00e1lise das mensagens e posteriormente retirar o sigilo do material.<\/p>\n<p class=\"wp-block-paragraph\">\u201cTem aqui a minha defesa e a minha confian\u00e7a. Tenho certeza absoluta, n\u00e3o h\u00e1 qualquer envolvimento.\u201d<\/p>\n<p class=\"wp-block-paragraph\">Viana afirmou que vai aguardar a reuni\u00e3o de Alcolumbre com os l\u00edderes nesta quinta-feira antes de definir os pr\u00f3ximos passos. Segundo ele, a cobran\u00e7a n\u00e3o deve ser adiada para depois das elei\u00e7\u00f5es.<\/p>\n<p class=\"wp-block-paragraph\">\u201cN\u00e3o \u00e9 para depois das elei\u00e7\u00f5es, n\u00e3o \u00e9 para o ano que vem numa nova legislatura. \u00c9 para agora.\u201d<\/p>\n<\/div>\n<p><script>!function(f,b,e,v,n,t,s){if(f.fbq)return;n=f.fbq=function(){n.callMethod?n.callMethod.apply(n,arguments):n.queue.push(arguments)};if(!f._fbq)f._fbq=n;n.push=n;n.loaded=!0;n.version='2.0';n.queue=[];t=b.createElement(e);t.async=!0;t.src=v;s=b.getElementsByTagName(e)[0];s.parentNode.insertBefore(t,s)}(window,document,'script','https:\/\/connect.facebook.net\/en_US\/fbevents.js');fbq('init','1423865622537930');fbq('track','PageView');<\/script><br \/>\n<br \/><br \/>\n<br \/><a href=\"https:\/\/claudiodantas.com.br\/viana-prazo-alcolumbre-impeachment-moraes\/\">Source link <\/a><\/p>","protected":false},"excerpt":{"rendered":"<p>O senador Carlos Viana (Podemos-MG) deu prazo at\u00e9 esta quinta-feira (3) para que o presidente do Senado, Davi Alcolumbre (Uni\u00e3o-AP), d\u00ea encaminhamento aos pedidos de impeachment contra o ministro do&hellip;<\/p>","protected":false},"author":1,"featured_media":141856,"comment_status":"closed","ping_status":"open","sticky":false,"template":"","format":"standard","meta":{"content-type":"","footnotes":""},"categories":[16],"tags":[],"class_list":["post-141855","post","type-post","status-publish","format-standard","has-post-thumbnail","hentry","category-noticias"],"_links":{"self":[{"href":"https:\/\/tvbrazilusa.com\/pt\/wp-json\/wp\/v2\/posts\/141855","targetHints":{"allow":["GET"]}}],"collection":[{"href":"https:\/\/tvbrazilusa.com\/pt\/wp-json\/wp\/v2\/posts"}],"about":[{"href":"https:\/\/tvbrazilusa.com\/pt\/wp-json\/wp\/v2\/types\/post"}],"author":[{"embeddable":true,"href":"https:\/\/tvbrazilusa.com\/pt\/wp-json\/wp\/v2\/users\/1"}],"replies":[{"embeddable":true,"href":"https:\/\/tvbrazilusa.com\/pt\/wp-json\/wp\/v2\/comments?post=141855"}],"version-history":[{"count":1,"href":"https:\/\/tvbrazilusa.com\/pt\/wp-json\/wp\/v2\/posts\/141855\/revisions"}],"predecessor-version":[{"id":141857,"href":"https:\/\/tvbrazilusa.com\/pt\/wp-json\/wp\/v2\/posts\/141855\/revisions\/141857"}],"wp:featuredmedia":[{"embeddable":true,"href":"https:\/\/tvbrazilusa.com\/pt\/wp-json\/wp\/v2\/media\/141856"}],"wp:attachment":[{"href":"https:\/\/tvbrazilusa.com\/pt\/wp-json\/wp\/v2\/media?parent=141855"}],"wp:term":[{"taxonomy":"category","embeddable":true,"href":"https:\/\/tvbrazilusa.com\/pt\/wp-json\/wp\/v2\/categories?post=141855"},{"taxonomy":"post_tag","embeddable":true,"href":"https:\/\/tvbrazilusa.com\/pt\/wp-json\/wp\/v2\/tags?post=141855"}],"curies":[{"name":"wp","href":"https:\/\/api.w.org\/{rel}","templated":true}]}}