{"id":141860,"date":"2026-09-02T19:55:52","date_gmt":"2026-09-02T19:55:52","guid":{"rendered":"https:\/\/tvbrazilusa.com\/2026\/09\/02\/ccj-do-senado-aprova-pec-da-seguranca\/"},"modified":"2026-09-02T20:08:38","modified_gmt":"2026-09-02T20:08:38","slug":"ccj-do-senado-aprova-pec-da-seguranca","status":"publish","type":"post","link":"https:\/\/tvbrazilusa.com\/pt\/2026\/09\/02\/ccj-do-senado-aprova-pec-da-seguranca\/","title":{"rendered":"CCJ do Senado aprova PEC da Seguran\u00e7a"},"content":{"rendered":"<script async src=\"https:\/\/pagead2.googlesyndication.com\/pagead\/js\/adsbygoogle.js?client=ca-pub-8864793242727901\"\r\n     crossorigin=\"anonymous\"><\/script>\n<div id=\"cd-article-content\" itemprop=\"articleBody\">\n<p class=\"wp-block-paragraph\">A Comiss\u00e3o de Constitui\u00e7\u00e3o e Justi\u00e7a (<a href=\"https:\/\/legis.senado.leg.br\/comissoes\/comissao?codcol=34\" target=\"_blank\" rel=\"noopener\">CCJ<\/a>) do Senado aprovou agora h\u00e1 pouco (2) a PEC (Proposta de Emenda \u00e0 Constitui\u00e7\u00e3o) da Seguran\u00e7a P\u00fablica, enviada pelo governo federal. A vota\u00e7\u00e3o foi simb\u00f3lica, sem registro nominal dos votos. O texto segue agora para o plen\u00e1rio, onde precisa de 49 votos entre os 81 senadores para ser aprovado.<\/p>\n<p><a href=\"https:\/\/whatsapp.com\/channel\/0029VaTFkH2HVvTbkE883x1x\" target=\"_blank\" class=\"whatsapp-channel-message\" rel=\"noopener\">\u2705 Siga o canal do Claudio Dantas no WhatsApp<\/a><\/p>\n<p class=\"wp-block-paragraph\">O relat\u00f3rio do senador Rog\u00e9rio Carvalho (PT-SE) chegou \u00e0 CCJ na ter\u00e7a-feira (1\u00ba) com uma mudan\u00e7a relevante. O parecer retirou do texto o repasse de 30% da arrecada\u00e7\u00e3o das bets para o Fundo Nacional de Seguran\u00e7a P\u00fablica (FNSP) e para o Fundo Penitenci\u00e1rio Nacional (Funpen).<\/p>\n<p class=\"wp-block-paragraph\">A PEC integra um pacote de medidas priorit\u00e1rias do governo <a href=\"https:\/\/claudiodantas.com.br\/tag\/fora-lula\/\" data-type=\"post_tag\" data-id=\"4445\">Lula<\/a>. Fazem parte do mesmo esfor\u00e7o a PEC do fim da escala 6\u00d71 e a queda da chamada \u201ctaxa das blusinhas\u201d. O texto aguardava an\u00e1lise do Senado desde 4 de mar\u00e7o, data em que recebeu aval da C\u00e2mara dos Deputados.<\/p>\n<p class=\"wp-block-paragraph\">O presidente Lula havia condicionado a recria\u00e7\u00e3o do Minist\u00e9rio da Seguran\u00e7a P\u00fablica \u00e0 aprova\u00e7\u00e3o da proposta. Em maio, durante o lan\u00e7amento do programa Brasil Contra o Crime Organizado, o petista declarou: \u201co dia que o Senado aprovar a <a href=\"https:\/\/claudiodantas.com.br\/tag\/pec-seguranca-seguranca-publica\/\" data-type=\"post_tag\" data-id=\"6781\">PEC da Seguran\u00e7<\/a>a, nos pr\u00f3ximos dias, n\u00f3s criaremos o Minist\u00e9rio da Seguran\u00e7a P\u00fablica nesse pa\u00eds\u201d. A pasta est\u00e1 hoje sob comando do ministro Wellington Lima e Silva, que assumiu a Justi\u00e7a e Seguran\u00e7a P\u00fablica em janeiro ap\u00f3s a sa\u00edda de Ricardo Lewandowski.<\/p>\n<p class=\"wp-block-paragraph\">Entre outras mudan\u00e7as, a PEC confere status constitucional ao Sistema \u00danico de Seguran\u00e7a P\u00fablica (Susp) e constitucionaliza o Fundo Nacional de Seguran\u00e7a P\u00fablica e o Fundo Nacional Penitenci\u00e1rio.<\/p>\n<p class=\"wp-block-paragraph\">A proposta enfrentou resist\u00eancia por retirar verbas de outros setores, caso do esporte. Integrantes do movimento ol\u00edmpico estiveram em Bras\u00edlia durante a semana e tamb\u00e9m durante a sess\u00e3o desta quarta para reivindicar a manuten\u00e7\u00e3o do financiamento. O Comit\u00ea Ol\u00edmpico do Brasil estimava perdas em torno de R$ 500 milh\u00f5es.<\/p>\n<p class=\"wp-block-paragraph\">O relator manteve os demais trechos do texto aprovado na C\u00e2mara. Segundo Rog\u00e9rio Carvalho, a proposta preserva os seguintes pontos:<\/p>\n<ul class=\"wp-block-list\">\n<li>Endurecimento da puni\u00e7\u00e3o a integrantes de fac\u00e7\u00f5es criminosas<\/li>\n<li>Moderniza\u00e7\u00e3o e reorganiza\u00e7\u00e3o da estrutura policial<\/li>\n<li>Investimentos no sistema prisional<\/li>\n<li>Fonte fixa de financiamento para o enfrentamento ao crime<\/li>\n<li>Permiss\u00e3o para prefeituras criarem pol\u00edcias municipais<\/li>\n<\/ul>\n<h2 class=\"wp-block-heading\"><strong>Oposi\u00e7\u00e3o e governadores resistem \u00e0 centraliza\u00e7\u00e3o<\/strong><\/h2>\n<p class=\"wp-block-paragraph\">A aprova\u00e7\u00e3o na CCJ n\u00e3o encerra o embate pol\u00edtico em torno da PEC. Governadores de direita e a bancada de oposi\u00e7\u00e3o no Senado seguem no centro da resist\u00eancia ao texto, sob o argumento de que a proposta fere a autonomia dos estados na condu\u00e7\u00e3o da seguran\u00e7a p\u00fablica.<\/p>\n<p class=\"wp-block-paragraph\">O governador de Goi\u00e1s, Ronaldo Caiado (Uni\u00e3o Brasil), \u00e9 a voz mais dura contra o texto. Em declara\u00e7\u00e3o direta, classificou a proposta como uma \u201cproposta fake\u201d. Em outro momento, chamou o projeto de \u201ccortina de fuma\u00e7a\u201d para o avan\u00e7o das fac\u00e7\u00f5es criminosas. De forma indireta, Caiado sustenta que o objetivo do governo federal \u00e9 retirar dos governadores as diretrizes gerais de seguran\u00e7a p\u00fablica e transferi-las ao Minist\u00e9rio da Justi\u00e7a.<\/p>\n<p class=\"wp-block-paragraph\">O governador do Rio de Janeiro, Cl\u00e1udio Castro (PL), tamb\u00e9m resiste \u00e0 proposta. Em aspas diretas, afirmou que \u201cn\u00e3o d\u00e1 para tratar o Rio Grande do Sul igual ao Rio de Janeiro\u201d. De forma indireta, Castro defende a especializa\u00e7\u00e3o das a\u00e7\u00f5es policiais conforme a realidade de cada estado e nega que o embate seja uma disputa entre esquerda e direita.<\/p>\n<p class=\"wp-block-paragraph\">O governador de S\u00e3o Paulo, Tarc\u00edsio de Freitas (Republicanos), classificou a PEC como \u201ccosm\u00e9tica\u201d durante debate na C\u00e2mara. Em fala indireta, ele argumenta que o texto exp\u00f5e o fracasso da lei do Susp e defende medidas de endurecimento penal como alternativa, entre elas a pris\u00e3o a partir da segunda inst\u00e2ncia e o veto \u00e0 liberdade em audi\u00eancias de cust\u00f3dia para reincidentes.<\/p>\n<p class=\"wp-block-paragraph\">No Senado, o l\u00edder da oposi\u00e7\u00e3o, Rog\u00e9rio Marinho (PL-RN), defende a manuten\u00e7\u00e3o integral do texto aprovado pela C\u00e2mara. Em aspas diretas, disse que a Casa trabalha \u201cpara dar ao Estado brasileiro instrumentos reais de enfrentamento ao crime organizado\u201d.<\/p>\n<\/div>\n<p><script>!function(f,b,e,v,n,t,s){if(f.fbq)return;n=f.fbq=function(){n.callMethod?n.callMethod.apply(n,arguments):n.queue.push(arguments)};if(!f._fbq)f._fbq=n;n.push=n;n.loaded=!0;n.version='2.0';n.queue=[];t=b.createElement(e);t.async=!0;t.src=v;s=b.getElementsByTagName(e)[0];s.parentNode.insertBefore(t,s)}(window,document,'script','https:\/\/connect.facebook.net\/en_US\/fbevents.js');fbq('init','1423865622537930');fbq('track','PageView');<\/script><br \/>\n<br \/><br \/>\n<br \/><a href=\"https:\/\/claudiodantas.com.br\/agora-ccj-do-senado-aprova-pec-da-seguranca\/\">Source link <\/a><\/p>","protected":false},"excerpt":{"rendered":"<p>A Comiss\u00e3o de Constitui\u00e7\u00e3o e Justi\u00e7a (CCJ) do Senado aprovou agora h\u00e1 pouco (2) a PEC (Proposta de Emenda \u00e0 Constitui\u00e7\u00e3o) da Seguran\u00e7a P\u00fablica, enviada pelo governo federal. A vota\u00e7\u00e3o&hellip;<\/p>","protected":false},"author":1,"featured_media":141861,"comment_status":"closed","ping_status":"open","sticky":false,"template":"","format":"standard","meta":{"content-type":"","footnotes":""},"categories":[16],"tags":[],"class_list":["post-141860","post","type-post","status-publish","format-standard","has-post-thumbnail","hentry","category-noticias"],"_links":{"self":[{"href":"https:\/\/tvbrazilusa.com\/pt\/wp-json\/wp\/v2\/posts\/141860","targetHints":{"allow":["GET"]}}],"collection":[{"href":"https:\/\/tvbrazilusa.com\/pt\/wp-json\/wp\/v2\/posts"}],"about":[{"href":"https:\/\/tvbrazilusa.com\/pt\/wp-json\/wp\/v2\/types\/post"}],"author":[{"embeddable":true,"href":"https:\/\/tvbrazilusa.com\/pt\/wp-json\/wp\/v2\/users\/1"}],"replies":[{"embeddable":true,"href":"https:\/\/tvbrazilusa.com\/pt\/wp-json\/wp\/v2\/comments?post=141860"}],"version-history":[{"count":1,"href":"https:\/\/tvbrazilusa.com\/pt\/wp-json\/wp\/v2\/posts\/141860\/revisions"}],"predecessor-version":[{"id":141862,"href":"https:\/\/tvbrazilusa.com\/pt\/wp-json\/wp\/v2\/posts\/141860\/revisions\/141862"}],"wp:featuredmedia":[{"embeddable":true,"href":"https:\/\/tvbrazilusa.com\/pt\/wp-json\/wp\/v2\/media\/141861"}],"wp:attachment":[{"href":"https:\/\/tvbrazilusa.com\/pt\/wp-json\/wp\/v2\/media?parent=141860"}],"wp:term":[{"taxonomy":"category","embeddable":true,"href":"https:\/\/tvbrazilusa.com\/pt\/wp-json\/wp\/v2\/categories?post=141860"},{"taxonomy":"post_tag","embeddable":true,"href":"https:\/\/tvbrazilusa.com\/pt\/wp-json\/wp\/v2\/tags?post=141860"}],"curies":[{"name":"wp","href":"https:\/\/api.w.org\/{rel}","templated":true}]}}