{"id":141863,"date":"2026-09-02T18:29:52","date_gmt":"2026-09-02T18:29:52","guid":{"rendered":"https:\/\/tvbrazilusa.com\/2026\/09\/02\/ccj-do-senado-federal-aprova-fim-da-escala-6x1\/"},"modified":"2026-09-02T20:20:13","modified_gmt":"2026-09-02T20:20:13","slug":"ccj-do-senado-federal-aprova-fim-da-escala-6x1","status":"publish","type":"post","link":"https:\/\/tvbrazilusa.com\/pt\/2026\/09\/02\/ccj-do-senado-federal-aprova-fim-da-escala-6x1\/","title":{"rendered":"CCJ do Senado Federal aprova fim da escala 6&#215;1"},"content":{"rendered":"<script async src=\"https:\/\/pagead2.googlesyndication.com\/pagead\/js\/adsbygoogle.js?client=ca-pub-8864793242727901\"\r\n     crossorigin=\"anonymous\"><\/script>\n<div id=\"cd-article-content\" itemprop=\"articleBody\">\n<p class=\"wp-block-paragraph\">A <a href=\"https:\/\/legis.senado.leg.br\/atividade\/comissoes\/comissao\/34\/\" target=\"_blank\" rel=\"noopener\">Comiss\u00e3o de Constitui\u00e7\u00e3o e Justi\u00e7a (CCJ) do Senado<\/a> aprovou, nesta quarta-feira, 2, em vota\u00e7\u00e3o simb\u00f3lica, a Proposta de Emenda \u00e0 Constitui\u00e7\u00e3o (PEC) que acaba com a <a href=\"https:\/\/claudiodantas.com.br\/tag\/escala-6x1\/\" data-type=\"post_tag\" data-id=\"4924\">escala 6\u00d71<\/a> e implementa no Brasil a jornada 5\u00d72, com dois dias de descanso semanal remunerado, e reduz a jornada padr\u00e3o de trabalho no pa\u00eds das atuais 44 horas para 40 horas por semana.<\/p>\n<p><a href=\"https:\/\/whatsapp.com\/channel\/0029VaTFkH2HVvTbkE883x1x\" target=\"_blank\" class=\"whatsapp-channel-message\" rel=\"noopener\">\u2705 Siga o canal do Claudio Dantas no WhatsApp<\/a><\/p>\n<p class=\"wp-block-paragraph\">O texto foi aprovado por 23 votos a 4. Rog\u00e9rio Marinho (PL-RN), Tereza Cristina (PP-MS), Jaime Bagattoli (PL-RO) e Hamilton Mour\u00e3o (Republicanos-RS) votaram contra.<\/p>\n<p class=\"wp-block-paragraph\">Antes da vota\u00e7\u00e3o, Marinho pediu vista da PEC. O presidente da CCJ, Otto Alencar (PSD-BA), concedeu uma hora para an\u00e1lise. No retorno dos trabalhos, a comiss\u00e3o aprovou o parecer do relator, senador Omar Aziz (PSD-AM).<\/p>\n<p class=\"wp-block-paragraph\">Marinho havia apresentado tr\u00eas destaques ao texto. Dois foram retirados. Um permanece em discuss\u00e3o na comiss\u00e3o. Se o destaque for rejeitado, a PEC poder\u00e1 seguir para o plen\u00e1rio do Senado ainda nesta quarta-feira.<\/p>\n<p class=\"wp-block-paragraph\"><strong>Texto mant\u00e9m proposta aprovada pela C\u00e2mara<\/strong><\/p>\n<p class=\"wp-block-paragraph\">Omar Aziz rejeitou as 36 emendas apresentadas \u00e0 PEC 221\/2012. Com isso, o relat\u00f3rio manteve o texto aprovado pela C\u00e2mara dos Deputados em 27 de maio.<\/p>\n<p class=\"wp-block-paragraph\">A proposta reduz a jornada semanal de 44 para 42 horas at\u00e9 60 dias ap\u00f3s a promulga\u00e7\u00e3o. Depois de 12 meses, o limite passa para 40 horas semanais.<\/p>\n<p class=\"wp-block-paragraph\">O texto tamb\u00e9m estabelece dois dias de descanso remunerado por semana. Uma das folgas dever\u00e1 ocorrer \u201cpreferencialmente aos domingos\u201d.<\/p>\n<p class=\"wp-block-paragraph\">A PEC prev\u00ea ainda prazo de 60 dias para adapta\u00e7\u00e3o das conven\u00e7\u00f5es coletivas \u00e0s novas regras.<\/p>\n<p class=\"wp-block-paragraph\">Trabalhadores com remunera\u00e7\u00e3o superior a duas vezes e meia o teto do Regime Geral de Previd\u00eancia Social, atualmente em R$ 21.188,88, ficar\u00e3o dispensados do controle de jornada e do registro de ponto. A regra poder\u00e1 ser afastada por acordo coletivo ou decis\u00e3o das empresas.<\/p>\n<p class=\"wp-block-paragraph\"><strong>Pr\u00f3ximos passos<\/strong><\/p>\n<p class=\"wp-block-paragraph\">A PEC precisa de pelo menos 49 votos favor\u00e1veis entre os 81 senadores em dois turnos de vota\u00e7\u00e3o.<\/p>\n<p class=\"wp-block-paragraph\">O regimento do Senado prev\u00ea intervalo de cinco sess\u00f5es entre o primeiro e o segundo turno. O prazo pode ser dispensado mediante requerimento de calend\u00e1rio especial ou acordo entre os l\u00edderes.<\/p>\n<p class=\"wp-block-paragraph\">A lideran\u00e7a do governo pretende acelerar a tramita\u00e7\u00e3o para tentar votar a proposta ainda nesta semana.<\/p>\n<p class=\"wp-block-paragraph\">O relator defendeu a redu\u00e7\u00e3o da jornada em seu parecer e citou dados do Instituto de Pesquisa Econ\u00f4mica Aplicada (Ipea) sobre a concentra\u00e7\u00e3o das jornadas mais longas entre trabalhadores de menor renda e escolaridade.<\/p>\n<p class=\"wp-block-paragraph\">\u201cA jornada prolongada n\u00e3o \u00e9, portanto, fen\u00f4meno neutramente distribu\u00eddo na estrutura produtiva: recai de modo desproporcional sobre os trabalhadores de menor renda e menor escolaridade. Reduzi-la \u00e9, nessa exata medida, provid\u00eancia de justi\u00e7a distributiva, e n\u00e3o apenas de pol\u00edtica laboral\u201d, afirmou Aziz.<\/p>\n<\/div>\n<p><script>!function(f,b,e,v,n,t,s){if(f.fbq)return;n=f.fbq=function(){n.callMethod?n.callMethod.apply(n,arguments):n.queue.push(arguments)};if(!f._fbq)f._fbq=n;n.push=n;n.loaded=!0;n.version='2.0';n.queue=[];t=b.createElement(e);t.async=!0;t.src=v;s=b.getElementsByTagName(e)[0];s.parentNode.insertBefore(t,s)}(window,document,'script','https:\/\/connect.facebook.net\/en_US\/fbevents.js');fbq('init','1423865622537930');fbq('track','PageView');<\/script><br \/>\n<br \/><br \/>\n<br \/><a href=\"https:\/\/claudiodantas.com.br\/urgente-ccj-senado-aprova-fim-da-escala-6x1\/\">Source link <\/a><\/p>","protected":false},"excerpt":{"rendered":"<p>A Comiss\u00e3o de Constitui\u00e7\u00e3o e Justi\u00e7a (CCJ) do Senado aprovou, nesta quarta-feira, 2, em vota\u00e7\u00e3o simb\u00f3lica, a Proposta de Emenda \u00e0 Constitui\u00e7\u00e3o (PEC) que acaba com a escala 6\u00d71 e&hellip;<\/p>","protected":false},"author":1,"featured_media":141864,"comment_status":"closed","ping_status":"open","sticky":false,"template":"","format":"standard","meta":{"content-type":"","footnotes":""},"categories":[16],"tags":[],"class_list":["post-141863","post","type-post","status-publish","format-standard","has-post-thumbnail","hentry","category-noticias"],"_links":{"self":[{"href":"https:\/\/tvbrazilusa.com\/pt\/wp-json\/wp\/v2\/posts\/141863","targetHints":{"allow":["GET"]}}],"collection":[{"href":"https:\/\/tvbrazilusa.com\/pt\/wp-json\/wp\/v2\/posts"}],"about":[{"href":"https:\/\/tvbrazilusa.com\/pt\/wp-json\/wp\/v2\/types\/post"}],"author":[{"embeddable":true,"href":"https:\/\/tvbrazilusa.com\/pt\/wp-json\/wp\/v2\/users\/1"}],"replies":[{"embeddable":true,"href":"https:\/\/tvbrazilusa.com\/pt\/wp-json\/wp\/v2\/comments?post=141863"}],"version-history":[{"count":1,"href":"https:\/\/tvbrazilusa.com\/pt\/wp-json\/wp\/v2\/posts\/141863\/revisions"}],"predecessor-version":[{"id":141865,"href":"https:\/\/tvbrazilusa.com\/pt\/wp-json\/wp\/v2\/posts\/141863\/revisions\/141865"}],"wp:featuredmedia":[{"embeddable":true,"href":"https:\/\/tvbrazilusa.com\/pt\/wp-json\/wp\/v2\/media\/141864"}],"wp:attachment":[{"href":"https:\/\/tvbrazilusa.com\/pt\/wp-json\/wp\/v2\/media?parent=141863"}],"wp:term":[{"taxonomy":"category","embeddable":true,"href":"https:\/\/tvbrazilusa.com\/pt\/wp-json\/wp\/v2\/categories?post=141863"},{"taxonomy":"post_tag","embeddable":true,"href":"https:\/\/tvbrazilusa.com\/pt\/wp-json\/wp\/v2\/tags?post=141863"}],"curies":[{"name":"wp","href":"https:\/\/api.w.org\/{rel}","templated":true}]}}