{"id":141866,"date":"2026-09-02T20:54:47","date_gmt":"2026-09-02T20:54:47","guid":{"rendered":"https:\/\/tvbrazilusa.com\/2026\/09\/02\/reu-8-1-morre-aos-63-anos-enquanto-aguardava-julgamento-stf\/"},"modified":"2026-09-02T20:55:07","modified_gmt":"2026-09-02T20:55:07","slug":"reu-8-1-morre-aos-63-anos-enquanto-aguardava-julgamento-stf","status":"publish","type":"post","link":"https:\/\/tvbrazilusa.com\/pt\/2026\/09\/02\/reu-8-1-morre-aos-63-anos-enquanto-aguardava-julgamento-stf\/","title":{"rendered":"R\u00e9u 8\/1 morre aos 63 anos enquanto aguardava julgamento STF"},"content":{"rendered":"<script async src=\"https:\/\/pagead2.googlesyndication.com\/pagead\/js\/adsbygoogle.js?client=ca-pub-8864793242727901\"\r\n     crossorigin=\"anonymous\"><\/script>\n<div id=\"cd-article-content\" itemprop=\"articleBody\">\n<p class=\"wp-block-paragraph\">Ronaldo \u00c9dison Richard, r\u00e9u em uma a\u00e7\u00e3o penal relacionada aos atos de 8 de janeiro de 2023, morreu aos 63 anos em Santa Rosa (RS). O \u00f3bito ocorreu em 10 de agosto, em casa, enquanto ele respondia ao processo em liberdade e aguardava o desfecho da a\u00e7\u00e3o no <a href=\"https:\/\/portal.stf.jus.br\/\" target=\"_blank\" rel=\"noopener\">Supremo Tribunal Federal (STF).<\/a><\/p>\n<p><a href=\"https:\/\/whatsapp.com\/channel\/0029VaTFkH2HVvTbkE883x1x\" target=\"_blank\" class=\"whatsapp-channel-message\" rel=\"noopener\">\u2705 Siga o canal do Claudio Dantas no WhatsApp<\/a><\/p>\n<p class=\"wp-block-paragraph\">A <a href=\"https:\/\/claudiodantas.com.br\/tag\/asfav\/\" data-type=\"post_tag\" data-id=\"10152\">Associa\u00e7\u00e3o de Familiares e V\u00edtimas do 8\/1 (Asfav)<\/a> informou que a causa da morte foi um infarto. A defesa comunicou o falecimento ao STF e apresentou a certid\u00e3o de \u00f3bito nos autos.<\/p>\n<p class=\"wp-block-paragraph\">Richard foi denunciado pela Procuradoria-Geral da Rep\u00fablica (PGR) sob acusa\u00e7\u00e3o de envolvimento no financiamento de uma caravana que saiu do Rio Grande do Sul em dire\u00e7\u00e3o a Bras\u00edlia. Segundo a acusa\u00e7\u00e3o, ele teria custeado a viagem de um dos participantes que esteve nos atos contra as sedes dos Tr\u00eas Poderes.<\/p>\n<p class=\"wp-block-paragraph\">A defesa sempre negou que o aposentado tivesse financiado a viagem. Segundo os advogados, Richard apenas assinou documentos necess\u00e1rios para autorizar a sa\u00edda do \u00f4nibus da garagem e n\u00e3o esteve em Bras\u00edlia no dia dos ataques.<\/p>\n<p class=\"wp-block-paragraph\"><strong>Investiga\u00e7\u00e3o <\/strong><\/p>\n<p class=\"wp-block-paragraph\">Richard foi alvo da 23\u00aa fase da Opera\u00e7\u00e3o Lesa P\u00e1tria, da Pol\u00edcia Federal, que investigou o financiamento e a organiza\u00e7\u00e3o de caravanas para Bras\u00edlia.<\/p>\n<p class=\"wp-block-paragraph\">Durante o cumprimento de um mandado de busca e apreens\u00e3o, os agentes encontraram apenas um celular Samsung J5 com a tela quebrada, al\u00e9m de uma arma de fogo e 29 muni\u00e7\u00f5es. Segundo informa\u00e7\u00f5es apresentadas pela defesa, a PF n\u00e3o encontrou no aparelho dados relevantes para a investiga\u00e7\u00e3o.<\/p>\n<p class=\"wp-block-paragraph\">A situa\u00e7\u00e3o financeira de Richard tamb\u00e9m foi analisada. Aposentado e benefici\u00e1rio do BPC\/Loas, ele recebia o equivalente a um sal\u00e1rio m\u00ednimo. A investiga\u00e7\u00e3o concluiu que n\u00e3o seria plaus\u00edvel que ele tivesse desembolsado sozinho os R$ 22 mil referentes ao aluguel do \u00f4nibus.<\/p>\n<p class=\"wp-block-paragraph\">O relat\u00f3rio policial apontou como hip\u00f3tese que o dinheiro tenha sido reunido pelos pr\u00f3prios passageiros.<\/p>\n<p class=\"wp-block-paragraph\">\u201c\u00c9 absolutamente improv\u00e1vel e inveross\u00edmil que Ronaldo tenha arcado com recursos pr\u00f3prios para os R$ 22 mil que pagou \u00e0 empresa de turismo, sendo muito prov\u00e1vel, ante os depoimentos colacionados, que o investigado tenha gerenciado uma arrecada\u00e7\u00e3o\u201d<\/p>\n<p class=\"wp-block-paragraph\">A defesa usou esse ponto para contestar a acusa\u00e7\u00e3o de que Richard teria financiado a caravana com recursos pr\u00f3prios. Os advogados sustentaram que os passageiros teriam dividido os custos e que o cliente apenas participou da libera\u00e7\u00e3o do ve\u00edculo.<\/p>\n<p class=\"wp-block-paragraph\"><strong>Richard n\u00e3o estava entre passageiros<\/strong><\/p>\n<p class=\"wp-block-paragraph\">Outro argumento apresentado pela defesa \u00e9 que Richard n\u00e3o teria viajado para Bras\u00edlia. O \u00f4nibus transportava 35 pessoas, sendo que 30 delas foram presas durante ou ap\u00f3s os atos de 8 de janeiro.<\/p>\n<p class=\"wp-block-paragraph\">O nome de Richard n\u00e3o aparece na lista de passageiros apresentada no processo. Os advogados tamb\u00e9m afirmaram que n\u00e3o h\u00e1 prova de que ele tenha estado na Pra\u00e7a dos Tr\u00eas Poderes naquele dia.<\/p>\n<p class=\"wp-block-paragraph\">Apesar disso, a den\u00fancia apresentada pela PGR atribuiu a ele participa\u00e7\u00e3o no financiamento da caravana e imputou crimes relacionados aos atos de 8 de janeiro.<\/p>\n<p class=\"wp-block-paragraph\">A den\u00fancia foi recebida pelo STF. O processo estava em andamento e, em fevereiro deste ano, o ministro Alexandre de Moraes determinou que as partes apresentassem alega\u00e7\u00f5es finais.<\/p>\n<p class=\"wp-block-paragraph\">Richard era r\u00e9u prim\u00e1rio e n\u00e3o possu\u00eda antecedentes criminais, segundo a defesa.<\/p>\n<\/div>\n<p><script>!function(f,b,e,v,n,t,s){if(f.fbq)return;n=f.fbq=function(){n.callMethod?n.callMethod.apply(n,arguments):n.queue.push(arguments)};if(!f._fbq)f._fbq=n;n.push=n;n.loaded=!0;n.version='2.0';n.queue=[];t=b.createElement(e);t.async=!0;t.src=v;s=b.getElementsByTagName(e)[0];s.parentNode.insertBefore(t,s)}(window,document,'script','https:\/\/connect.facebook.net\/en_US\/fbevents.js');fbq('init','1423865622537930');fbq('track','PageView');<\/script><br \/>\n<br \/><br \/>\n<br \/><a href=\"https:\/\/claudiodantas.com.br\/reu-8-1-morre-aos-63-aguardava-julgamento-stf\/\">Source link <\/a><\/p>","protected":false},"excerpt":{"rendered":"<p>Ronaldo \u00c9dison Richard, r\u00e9u em uma a\u00e7\u00e3o penal relacionada aos atos de 8 de janeiro de 2023, morreu aos 63 anos em Santa Rosa (RS). O \u00f3bito ocorreu em 10&hellip;<\/p>","protected":false},"author":1,"featured_media":141867,"comment_status":"closed","ping_status":"open","sticky":false,"template":"","format":"standard","meta":{"content-type":"","footnotes":""},"categories":[16],"tags":[],"class_list":["post-141866","post","type-post","status-publish","format-standard","has-post-thumbnail","hentry","category-noticias"],"_links":{"self":[{"href":"https:\/\/tvbrazilusa.com\/pt\/wp-json\/wp\/v2\/posts\/141866","targetHints":{"allow":["GET"]}}],"collection":[{"href":"https:\/\/tvbrazilusa.com\/pt\/wp-json\/wp\/v2\/posts"}],"about":[{"href":"https:\/\/tvbrazilusa.com\/pt\/wp-json\/wp\/v2\/types\/post"}],"author":[{"embeddable":true,"href":"https:\/\/tvbrazilusa.com\/pt\/wp-json\/wp\/v2\/users\/1"}],"replies":[{"embeddable":true,"href":"https:\/\/tvbrazilusa.com\/pt\/wp-json\/wp\/v2\/comments?post=141866"}],"version-history":[{"count":1,"href":"https:\/\/tvbrazilusa.com\/pt\/wp-json\/wp\/v2\/posts\/141866\/revisions"}],"predecessor-version":[{"id":141868,"href":"https:\/\/tvbrazilusa.com\/pt\/wp-json\/wp\/v2\/posts\/141866\/revisions\/141868"}],"wp:featuredmedia":[{"embeddable":true,"href":"https:\/\/tvbrazilusa.com\/pt\/wp-json\/wp\/v2\/media\/141867"}],"wp:attachment":[{"href":"https:\/\/tvbrazilusa.com\/pt\/wp-json\/wp\/v2\/media?parent=141866"}],"wp:term":[{"taxonomy":"category","embeddable":true,"href":"https:\/\/tvbrazilusa.com\/pt\/wp-json\/wp\/v2\/categories?post=141866"},{"taxonomy":"post_tag","embeddable":true,"href":"https:\/\/tvbrazilusa.com\/pt\/wp-json\/wp\/v2\/tags?post=141866"}],"curies":[{"name":"wp","href":"https:\/\/api.w.org\/{rel}","templated":true}]}}