{"id":141869,"date":"2026-09-02T21:08:31","date_gmt":"2026-09-02T21:08:31","guid":{"rendered":"https:\/\/tvbrazilusa.com\/2026\/09\/02\/moraes-relata-stf-acao-tem-banco-master-como-interessado\/"},"modified":"2026-09-02T21:08:41","modified_gmt":"2026-09-02T21:08:41","slug":"moraes-relata-stf-acao-tem-banco-master-como-interessado","status":"publish","type":"post","link":"https:\/\/tvbrazilusa.com\/pt\/2026\/09\/02\/moraes-relata-stf-acao-tem-banco-master-como-interessado\/","title":{"rendered":"Moraes relata STF a\u00e7\u00e3o tem Banco Master como interessado"},"content":{"rendered":"<script async src=\"https:\/\/pagead2.googlesyndication.com\/pagead\/js\/adsbygoogle.js?client=ca-pub-8864793242727901\"\r\n     crossorigin=\"anonymous\"><\/script>\n<div id=\"cd-article-content\" itemprop=\"articleBody\">\n<p class=\"wp-block-paragraph\">O<a href=\"https:\/\/claudiodantas.com.br\/tag\/alexandre-de-moraes\/\" data-type=\"post_tag\" data-id=\"29\"> ministro Alexandre de Moraes<\/a> passou a conduzir no <a href=\"https:\/\/portal.stf.jus.br\/\" target=\"_blank\" rel=\"noopener\">Supremo Tribunal Federal (STF)<\/a> uma a\u00e7\u00e3o na qual o Banco Master aparece como interessado. O processo chegou ao gabinete do ministro depois que o presidente da Corte, Edson Fachin, informou sua suspei\u00e7\u00e3o para atuar no caso por motivo de foro \u00edntimo. As informa\u00e7\u00f5es s\u00e3o da revista <em>Veja<\/em>. <\/p>\n<p><a href=\"https:\/\/whatsapp.com\/channel\/0029VaTFkH2HVvTbkE883x1x\" target=\"_blank\" class=\"whatsapp-channel-message\" rel=\"noopener\">\u2705 Siga o canal do Claudio Dantas no WhatsApp<\/a><\/p>\n<p class=\"wp-block-paragraph\">A a\u00e7\u00e3o n\u00e3o tem como objeto a situa\u00e7\u00e3o do banco. O processo foi apresentado por um aposentado que tenta obter na Justi\u00e7a uma revis\u00e3o das condi\u00e7\u00f5es de pagamento de d\u00edvidas acumuladas com diferentes institui\u00e7\u00f5es financeiras. O passivo informado no processo \u00e9 de aproximadamente R$ 921 mil. Desse montante, cerca de R$ 80 mil correspondem a obriga\u00e7\u00f5es com o Master.<\/p>\n<p class=\"wp-block-paragraph\">O aposentado sustenta que os valores cobrados mensalmente comprometem sua renda al\u00e9m do que seria permitido pela legisla\u00e7\u00e3o que trata do superendividamento. O pedido, entretanto, foi rejeitado pelas inst\u00e2ncias inferiores da Justi\u00e7a de Mato Grosso do Sul.<\/p>\n<p class=\"wp-block-paragraph\">No STF, a a\u00e7\u00e3o foi inicialmente encaminhada a Fachin. Com a declara\u00e7\u00e3o de suspei\u00e7\u00e3o do presidente, a relatoria passou a Moraes, na condi\u00e7\u00e3o de vice-presidente do tribunal. At\u00e9 esta quarta-feira (2), o ministro ainda n\u00e3o havia tomado decis\u00e3o no processo.<\/p>\n<p class=\"wp-block-paragraph\">O Banco Master aparece formalmente como interessado, enquanto Daycoval e Digio figuram como recorridos. As d\u00edvidas mencionadas na a\u00e7\u00e3o, por\u00e9m, foram contra\u00eddas junto a oito institui\u00e7\u00f5es financeiras.<\/p>\n<p class=\"wp-block-paragraph\"><strong>Caso chega a Moraes em meio a investiga\u00e7\u00e3o da PF<\/strong><\/p>\n<p class=\"wp-block-paragraph\">A distribui\u00e7\u00e3o do processo ocorre enquanto a PF apura rela\u00e7\u00f5es entre Moraes e Daniel Vorcaro, controlador do Banco Master. Um relat\u00f3rio produzido pela corpora\u00e7\u00e3o e encaminhado ao Supremo reuniu informa\u00e7\u00f5es sobre a rela\u00e7\u00e3o entre o ministro e o banqueiro. O conte\u00fado ainda ser\u00e1 submetido \u00e0 an\u00e1lise da Corte.<\/p>\n<p class=\"wp-block-paragraph\">Entre os pontos levantados pela PF est\u00e1 um contrato de R$ 131 milh\u00f5es celebrado entre o Banco Master e o escrit\u00f3rio da advogada Viviane Barci de Moraes, mulher do ministro. Segundo o relat\u00f3rio policial, Alexandre de Moraes participou da revis\u00e3o do documento antes que ele fosse assinado.<\/p>\n<\/div>\n<p><script>!function(f,b,e,v,n,t,s){if(f.fbq)return;n=f.fbq=function(){n.callMethod?n.callMethod.apply(n,arguments):n.queue.push(arguments)};if(!f._fbq)f._fbq=n;n.push=n;n.loaded=!0;n.version='2.0';n.queue=[];t=b.createElement(e);t.async=!0;t.src=v;s=b.getElementsByTagName(e)[0];s.parentNode.insertBefore(t,s)}(window,document,'script','https:\/\/connect.facebook.net\/en_US\/fbevents.js');fbq('init','1423865622537930');fbq('track','PageView');<\/script><br \/>\n<br \/><br \/>\n<br \/><a href=\"https:\/\/claudiodantas.com.br\/moraes-stf-acao-banco-master-como-interessado\/\">Source link <\/a><\/p>","protected":false},"excerpt":{"rendered":"<p>O ministro Alexandre de Moraes passou a conduzir no Supremo Tribunal Federal (STF) uma a\u00e7\u00e3o na qual o Banco Master aparece como interessado. O processo chegou ao gabinete do ministro&hellip;<\/p>","protected":false},"author":1,"featured_media":139170,"comment_status":"closed","ping_status":"open","sticky":false,"template":"","format":"standard","meta":{"content-type":"","footnotes":""},"categories":[16],"tags":[],"class_list":["post-141869","post","type-post","status-publish","format-standard","has-post-thumbnail","hentry","category-noticias"],"_links":{"self":[{"href":"https:\/\/tvbrazilusa.com\/pt\/wp-json\/wp\/v2\/posts\/141869","targetHints":{"allow":["GET"]}}],"collection":[{"href":"https:\/\/tvbrazilusa.com\/pt\/wp-json\/wp\/v2\/posts"}],"about":[{"href":"https:\/\/tvbrazilusa.com\/pt\/wp-json\/wp\/v2\/types\/post"}],"author":[{"embeddable":true,"href":"https:\/\/tvbrazilusa.com\/pt\/wp-json\/wp\/v2\/users\/1"}],"replies":[{"embeddable":true,"href":"https:\/\/tvbrazilusa.com\/pt\/wp-json\/wp\/v2\/comments?post=141869"}],"version-history":[{"count":1,"href":"https:\/\/tvbrazilusa.com\/pt\/wp-json\/wp\/v2\/posts\/141869\/revisions"}],"predecessor-version":[{"id":141870,"href":"https:\/\/tvbrazilusa.com\/pt\/wp-json\/wp\/v2\/posts\/141869\/revisions\/141870"}],"wp:featuredmedia":[{"embeddable":true,"href":"https:\/\/tvbrazilusa.com\/pt\/wp-json\/wp\/v2\/media\/139170"}],"wp:attachment":[{"href":"https:\/\/tvbrazilusa.com\/pt\/wp-json\/wp\/v2\/media?parent=141869"}],"wp:term":[{"taxonomy":"category","embeddable":true,"href":"https:\/\/tvbrazilusa.com\/pt\/wp-json\/wp\/v2\/categories?post=141869"},{"taxonomy":"post_tag","embeddable":true,"href":"https:\/\/tvbrazilusa.com\/pt\/wp-json\/wp\/v2\/tags?post=141869"}],"curies":[{"name":"wp","href":"https:\/\/api.w.org\/{rel}","templated":true}]}}