{"id":141874,"date":"2026-09-02T21:39:59","date_gmt":"2026-09-02T21:39:59","guid":{"rendered":"https:\/\/tvbrazilusa.com\/2026\/09\/02\/fachin-sessao-stf-sem-citar-mensagens-vorcaro-com-moraes\/"},"modified":"2026-09-02T21:44:25","modified_gmt":"2026-09-02T21:44:25","slug":"fachin-sessao-stf-sem-citar-mensagens-vorcaro-com-moraes","status":"publish","type":"post","link":"https:\/\/tvbrazilusa.com\/pt\/2026\/09\/02\/fachin-sessao-stf-sem-citar-mensagens-vorcaro-com-moraes\/","title":{"rendered":"Fachin sess\u00e3o STF sem citar mensagens Vorcaro com Moraes"},"content":{"rendered":"<script async src=\"https:\/\/pagead2.googlesyndication.com\/pagead\/js\/adsbygoogle.js?client=ca-pub-8864793242727901\"\r\n     crossorigin=\"anonymous\"><\/script>\n<div id=\"cd-article-content\" itemprop=\"articleBody\">\n<p class=\"wp-block-paragraph\">O presidente do <a href=\"https:\/\/portal.stf.jus.br\/\" target=\"_blank\" rel=\"noopener\">Supremo Tribunal Federal (STF)<\/a>, Edson Fachin, abriu nesta quarta-feira (2) a primeira sess\u00e3o plen\u00e1ria da Corte ap\u00f3s a divulga\u00e7\u00e3o das mensagens de Daniel Vorcaro que citam o <a href=\"https:\/\/claudiodantas.com.br\/tag\/alexandre-de-moraes\/\" data-type=\"post_tag\" data-id=\"29\">ministro Alexandre de Moraes<\/a>. Na abertura dos trabalhos, Fachin n\u00e3o fez refer\u00eancia ao epis\u00f3dio.<\/p>\n<p><a href=\"https:\/\/whatsapp.com\/channel\/0029VaTFkH2HVvTbkE883x1x\" target=\"_blank\" class=\"whatsapp-channel-message\" rel=\"noopener\">\u2705 Siga o canal do Claudio Dantas no WhatsApp<\/a><\/p>\n<p class=\"wp-block-paragraph\">A sess\u00e3o come\u00e7ou por volta das 14h20. O presidente cumprimentou os ministros, representantes de institui\u00e7\u00f5es e demais presentes e deu in\u00edcio \u00e0 pauta prevista para o dia. C\u00e1rmen L\u00facia participou por videoconfer\u00eancia.<\/p>\n<p class=\"wp-block-paragraph\">Moraes e Andr\u00e9 Mendon\u00e7a, relator do caso que levou \u00e0 divulga\u00e7\u00e3o das mensagens, compareceram presencialmente ao plen\u00e1rio e ficaram lado a lado. O encontro ocorreu um dia depois de os dois ministros terem discutido o conte\u00fado da investiga\u00e7\u00e3o. Durante a sess\u00e3o, nenhum dos dois fez manifesta\u00e7\u00e3o p\u00fablica sobre o epis\u00f3dio.<\/p>\n<p class=\"wp-block-paragraph\">O procurador-geral da Rep\u00fablica, Paulo Gonet, tamb\u00e9m acompanhou os trabalhos. O nome dele aparece em mensagens recuperadas pela Pol\u00edcia Federal no aparelho de Vorcaro.<\/p>\n<p class=\"wp-block-paragraph\">A aus\u00eancia de coment\u00e1rios ocorreu poucas horas depois de Fachin se manifestar sobre o caso durante um evento no Supremo. Pela manh\u00e3, o presidente afirmou que a Corte adotar\u00e1 as provid\u00eancias cab\u00edveis ap\u00f3s a an\u00e1lise das informa\u00e7\u00f5es e o cumprimento dos procedimentos internos.<\/p>\n<p class=\"wp-block-paragraph\">\u201cNos pr\u00f3ximos dias, conclu\u00edda a an\u00e1lise necess\u00e1ria dos fatos e observados os procedimentos institucionais pertinentes, esta Presid\u00eancia anunciar\u00e1, no tempo devido e sem precipita\u00e7\u00e3o, as medidas que cab\u00edveis e necess\u00e1rias\u201d, afirmou Fachin.<\/p>\n<p class=\"wp-block-paragraph\">O ministro tamb\u00e9m classificou o momento como de \u201cespecial gravidade\u201d e disse que os ind\u00edcios divulgados \u201creclamam o devido encaminhamento institucional\u201d. Segundo ele, as medidas ser\u00e3o conduzidas com \u201cserenidade, responsabilidade e firmeza\u201d.<\/p>\n<p class=\"wp-block-paragraph\">A pauta regular de julgamentos foi mantida. Entre os processos analisados est\u00e1 uma discuss\u00e3o sobre a cobran\u00e7a de ITBI em opera\u00e7\u00f5es de empresas do setor imobili\u00e1rio, al\u00e9m de temas tribut\u00e1rios e trabalhistas.<\/p>\n<p class=\"wp-block-paragraph\"><strong>Relat\u00f3rio da PF est\u00e1 no centro da crise<\/strong><\/p>\n<p class=\"wp-block-paragraph\">As mensagens que provocaram a rea\u00e7\u00e3o foram encontradas no celular de Daniel Vorcaro, apreendido pela Pol\u00edcia Federal durante a investiga\u00e7\u00e3o do Banco Master. O material foi encaminhado ao STF e teve o sigilo retirado por Mendon\u00e7a na ter\u00e7a-feira (1\u00ba).<\/p>\n<p class=\"wp-block-paragraph\">O relat\u00f3rio re\u00fane conversas entre Vorcaro e Moraes, al\u00e9m de refer\u00eancias a outros integrantes de institui\u00e7\u00f5es p\u00fablicas. A PF apontou contatos nos quais o banqueiro buscava informa\u00e7\u00f5es sobre investiga\u00e7\u00f5es que atingiam seus interesses.<\/p>\n<p class=\"wp-block-paragraph\">Mendon\u00e7a determinou que o material fosse submetido \u00e0 an\u00e1lise do plen\u00e1rio do Supremo. A Procuradoria-Geral da Rep\u00fablica (PGR), por outro lado, pediu a nulidade da investiga\u00e7\u00e3o, sob o argumento de que o relator n\u00e3o poderia determinar, por iniciativa pr\u00f3pria, o aprofundamento de dilig\u00eancias para apurar outro ministro da Corte.<\/p>\n<p class=\"wp-block-paragraph\">A manifesta\u00e7\u00e3o de Gonet acrescentou um novo elemento \u00e0 crise porque o pr\u00f3prio procurador-geral \u00e9 citado nas conversas recuperadas pela PF.<\/p>\n<p class=\"wp-block-paragraph\">Fachin dever\u00e1 definir nos pr\u00f3ximos dias quais medidas ser\u00e3o adotadas pela Presid\u00eancia do Supremo. <\/p>\n<\/div>\n<p><script>!function(f,b,e,v,n,t,s){if(f.fbq)return;n=f.fbq=function(){n.callMethod?n.callMethod.apply(n,arguments):n.queue.push(arguments)};if(!f._fbq)f._fbq=n;n.push=n;n.loaded=!0;n.version='2.0';n.queue=[];t=b.createElement(e);t.async=!0;t.src=v;s=b.getElementsByTagName(e)[0];s.parentNode.insertBefore(t,s)}(window,document,'script','https:\/\/connect.facebook.net\/en_US\/fbevents.js');fbq('init','1423865622537930');fbq('track','PageView');<\/script><br \/>\n<br \/><br \/>\n<br \/><a href=\"https:\/\/claudiodantas.com.br\/sessao-stf-sem-citar-mensagens-vorcaro-moraes\/\">Source link <\/a><\/p>","protected":false},"excerpt":{"rendered":"<p>O presidente do Supremo Tribunal Federal (STF), Edson Fachin, abriu nesta quarta-feira (2) a primeira sess\u00e3o plen\u00e1ria da Corte ap\u00f3s a divulga\u00e7\u00e3o das mensagens de Daniel Vorcaro que citam o&hellip;<\/p>","protected":false},"author":1,"featured_media":141875,"comment_status":"closed","ping_status":"open","sticky":false,"template":"","format":"standard","meta":{"content-type":"","footnotes":""},"categories":[16],"tags":[],"class_list":["post-141874","post","type-post","status-publish","format-standard","has-post-thumbnail","hentry","category-noticias"],"_links":{"self":[{"href":"https:\/\/tvbrazilusa.com\/pt\/wp-json\/wp\/v2\/posts\/141874","targetHints":{"allow":["GET"]}}],"collection":[{"href":"https:\/\/tvbrazilusa.com\/pt\/wp-json\/wp\/v2\/posts"}],"about":[{"href":"https:\/\/tvbrazilusa.com\/pt\/wp-json\/wp\/v2\/types\/post"}],"author":[{"embeddable":true,"href":"https:\/\/tvbrazilusa.com\/pt\/wp-json\/wp\/v2\/users\/1"}],"replies":[{"embeddable":true,"href":"https:\/\/tvbrazilusa.com\/pt\/wp-json\/wp\/v2\/comments?post=141874"}],"version-history":[{"count":1,"href":"https:\/\/tvbrazilusa.com\/pt\/wp-json\/wp\/v2\/posts\/141874\/revisions"}],"predecessor-version":[{"id":141876,"href":"https:\/\/tvbrazilusa.com\/pt\/wp-json\/wp\/v2\/posts\/141874\/revisions\/141876"}],"wp:featuredmedia":[{"embeddable":true,"href":"https:\/\/tvbrazilusa.com\/pt\/wp-json\/wp\/v2\/media\/141875"}],"wp:attachment":[{"href":"https:\/\/tvbrazilusa.com\/pt\/wp-json\/wp\/v2\/media?parent=141874"}],"wp:term":[{"taxonomy":"category","embeddable":true,"href":"https:\/\/tvbrazilusa.com\/pt\/wp-json\/wp\/v2\/categories?post=141874"},{"taxonomy":"post_tag","embeddable":true,"href":"https:\/\/tvbrazilusa.com\/pt\/wp-json\/wp\/v2\/tags?post=141874"}],"curies":[{"name":"wp","href":"https:\/\/api.w.org\/{rel}","templated":true}]}}