{"id":141877,"date":"2026-09-02T21:48:38","date_gmt":"2026-09-02T21:48:38","guid":{"rendered":"https:\/\/tvbrazilusa.com\/2026\/09\/02\/lula-se-reune-com-gilmar-mendes-em-meio-a-crise-no-stf\/"},"modified":"2026-09-02T21:51:17","modified_gmt":"2026-09-02T21:51:17","slug":"lula-se-reune-com-gilmar-mendes-em-meio-a-crise-no-stf","status":"publish","type":"post","link":"https:\/\/tvbrazilusa.com\/pt\/2026\/09\/02\/lula-se-reune-com-gilmar-mendes-em-meio-a-crise-no-stf\/","title":{"rendered":"Lula se re\u00fane com Gilmar Mendes em meio \u00e0 crise no STF"},"content":{"rendered":"<script async src=\"https:\/\/pagead2.googlesyndication.com\/pagead\/js\/adsbygoogle.js?client=ca-pub-8864793242727901\"\r\n     crossorigin=\"anonymous\"><\/script>\n<div id=\"cd-article-content\" itemprop=\"articleBody\">\n<p class=\"wp-block-paragraph\">O <a href=\"https:\/\/claudiodantas.com.br\/tag\/lula-pt-2\/\" data-type=\"post_tag\" data-id=\"14303\">presidente Lula (PT)<\/a> recebeu o ministro Gilmar Mendes, do <a href=\"https:\/\/portal.stf.jus.br\/\" target=\"_blank\" rel=\"noopener\">Supremo Tribunal Federal (STF)<\/a>, no Pal\u00e1cio do Planalto na ter\u00e7a-feira (1\u00ba), em meio ao agravamento da crise interna da Corte ap\u00f3s a divulga\u00e7\u00e3o de mensagens trocadas entre o ministro Alexandre de Moraes e o banqueiro Daniel Vorcaro, do Banco Master.<\/p>\n<p><a href=\"https:\/\/whatsapp.com\/channel\/0029VaTFkH2HVvTbkE883x1x\" target=\"_blank\" class=\"whatsapp-channel-message\" rel=\"noopener\">\u2705 Siga o canal do Claudio Dantas no WhatsApp<\/a><\/p>\n<p class=\"wp-block-paragraph\">A reuni\u00e3o n\u00e3o constou da agenda oficial da Presid\u00eancia. Interlocutores de Gilmar classificaram o encontro como uma \u201cvisita de cortesia\u201d. <\/p>\n<p class=\"wp-block-paragraph\">O encontro fez parte de uma s\u00e9rie de conversas mantidas pelo presidente com integrantes do STF diante da repercuss\u00e3o do relat\u00f3rio da Pol\u00edcia Federal (PF). A divulga\u00e7\u00e3o do documento ocorreu depois que o ministro Andr\u00e9 Mendon\u00e7a retirou o sigilo do material, que re\u00fane mensagens, registros de encontros e outros elementos relacionados \u00e0 rela\u00e7\u00e3o entre Moraes e Vorcaro.<\/p>\n<p class=\"wp-block-paragraph\">Entre as mensagens recuperadas pela PF est\u00e1 uma conversa de novembro de 2025, dois dias antes da primeira pris\u00e3o de Vorcaro. Na ocasi\u00e3o, o banqueiro perguntou a Moraes se deveria deixar o Brasil diante da possibilidade de uma opera\u00e7\u00e3o policial. Em outra mensagem, Vorcaro declarou ter \u201cgratid\u00e3o da minha vida\u201d ao ministro.<\/p>\n<p class=\"wp-block-paragraph\">Mendon\u00e7a pretende levar os novos elementos para an\u00e1lise do plen\u00e1rio do Supremo. O ministro tamb\u00e9m sustenta que o material deve ser apreciado institucionalmente pela Corte, independentemente da posi\u00e7\u00e3o apresentada pela Procuradoria-Geral da Rep\u00fablica (PGR).<\/p>\n<p class=\"wp-block-paragraph\">A crise ampliou a divis\u00e3o interna no STF e provocou rea\u00e7\u00e3o de integrantes das duas alas da Corte. Moraes e Mendon\u00e7a tiveram uma conversa na segunda-feira (31), descrita por interlocutores como tensa, ap\u00f3s o relator informar que encaminharia o relat\u00f3rio \u00e0 PGR.<\/p>\n<p class=\"wp-block-paragraph\">No Planalto, a preocupa\u00e7\u00e3o tamb\u00e9m \u00e9 pol\u00edtica. Aliados de Lula avaliam que a crise pode aumentar a press\u00e3o sobre o governo \u00e0s v\u00e9speras das elei\u00e7\u00f5es de 2026, especialmente porque o presidente mant\u00e9m rela\u00e7\u00e3o pr\u00f3xima com ministros do Supremo.<\/p>\n<p class=\"wp-block-paragraph\">At\u00e9 o momento, Lula n\u00e3o se manifestou publicamente sobre as mensagens. <\/p>\n<\/div>\n<p><script>!function(f,b,e,v,n,t,s){if(f.fbq)return;n=f.fbq=function(){n.callMethod?n.callMethod.apply(n,arguments):n.queue.push(arguments)};if(!f._fbq)f._fbq=n;n.push=n;n.loaded=!0;n.version='2.0';n.queue=[];t=b.createElement(e);t.async=!0;t.src=v;s=b.getElementsByTagName(e)[0];s.parentNode.insertBefore(t,s)}(window,document,'script','https:\/\/connect.facebook.net\/en_US\/fbevents.js');fbq('init','1423865622537930');fbq('track','PageView');<\/script><br \/>\n<br \/><br \/>\n<br \/><a href=\"https:\/\/claudiodantas.com.br\/lula-se-reune-com-gilmar-em-meio-a-crise-stf\/\">Source link <\/a><\/p>","protected":false},"excerpt":{"rendered":"<p>O presidente Lula (PT) recebeu o ministro Gilmar Mendes, do Supremo Tribunal Federal (STF), no Pal\u00e1cio do Planalto na ter\u00e7a-feira (1\u00ba), em meio ao agravamento da crise interna da Corte&hellip;<\/p>","protected":false},"author":1,"featured_media":139932,"comment_status":"closed","ping_status":"open","sticky":false,"template":"","format":"standard","meta":{"content-type":"","footnotes":""},"categories":[16],"tags":[],"class_list":["post-141877","post","type-post","status-publish","format-standard","has-post-thumbnail","hentry","category-noticias"],"_links":{"self":[{"href":"https:\/\/tvbrazilusa.com\/pt\/wp-json\/wp\/v2\/posts\/141877","targetHints":{"allow":["GET"]}}],"collection":[{"href":"https:\/\/tvbrazilusa.com\/pt\/wp-json\/wp\/v2\/posts"}],"about":[{"href":"https:\/\/tvbrazilusa.com\/pt\/wp-json\/wp\/v2\/types\/post"}],"author":[{"embeddable":true,"href":"https:\/\/tvbrazilusa.com\/pt\/wp-json\/wp\/v2\/users\/1"}],"replies":[{"embeddable":true,"href":"https:\/\/tvbrazilusa.com\/pt\/wp-json\/wp\/v2\/comments?post=141877"}],"version-history":[{"count":1,"href":"https:\/\/tvbrazilusa.com\/pt\/wp-json\/wp\/v2\/posts\/141877\/revisions"}],"predecessor-version":[{"id":141878,"href":"https:\/\/tvbrazilusa.com\/pt\/wp-json\/wp\/v2\/posts\/141877\/revisions\/141878"}],"wp:featuredmedia":[{"embeddable":true,"href":"https:\/\/tvbrazilusa.com\/pt\/wp-json\/wp\/v2\/media\/139932"}],"wp:attachment":[{"href":"https:\/\/tvbrazilusa.com\/pt\/wp-json\/wp\/v2\/media?parent=141877"}],"wp:term":[{"taxonomy":"category","embeddable":true,"href":"https:\/\/tvbrazilusa.com\/pt\/wp-json\/wp\/v2\/categories?post=141877"},{"taxonomy":"post_tag","embeddable":true,"href":"https:\/\/tvbrazilusa.com\/pt\/wp-json\/wp\/v2\/tags?post=141877"}],"curies":[{"name":"wp","href":"https:\/\/api.w.org\/{rel}","templated":true}]}}