{"id":141879,"date":"2026-09-02T22:37:42","date_gmt":"2026-09-02T22:37:42","guid":{"rendered":"https:\/\/tvbrazilusa.com\/2026\/09\/02\/lula-teria-recebido-recado-em-meio-a-crise-moraes-master\/"},"modified":"2026-09-02T22:37:54","modified_gmt":"2026-09-02T22:37:54","slug":"lula-teria-recebido-recado-em-meio-a-crise-moraes-master","status":"publish","type":"post","link":"https:\/\/tvbrazilusa.com\/pt\/2026\/09\/02\/lula-teria-recebido-recado-em-meio-a-crise-moraes-master\/","title":{"rendered":"Lula teria recebido recado em meio \u00e0 crise Moraes\/Master"},"content":{"rendered":"<script async src=\"https:\/\/pagead2.googlesyndication.com\/pagead\/js\/adsbygoogle.js?client=ca-pub-8864793242727901\"\r\n     crossorigin=\"anonymous\"><\/script>\n<div id=\"cd-article-content\" itemprop=\"articleBody\">\n<p class=\"wp-block-paragraph\">O <a href=\"https:\/\/claudiodantas.com.br\/tag\/lula-pt-2\/\" data-type=\"post_tag\" data-id=\"14303\">presidente Lula (PT)<\/a> teria recebido um recado atribu\u00eddo a integrantes do <a href=\"https:\/\/portal.stf.jus.br\/\" target=\"_blank\" rel=\"noopener\">Supremo Tribunal Federal (STF)<\/a> ap\u00f3s manter sil\u00eancio diante da divulga\u00e7\u00e3o de mensagens entre o ministro Alexandre de Moraes e o banqueiro Daniel Vorcaro, do Banco Master. A mensagem teria sido encaminhada ao marqueteiro do presidente e faria refer\u00eancia \u00e0 influ\u00eancia da Corte sobre setores do PT da Bahia.<\/p>\n<p><a href=\"https:\/\/whatsapp.com\/channel\/0029VaTFkH2HVvTbkE883x1x\" target=\"_blank\" class=\"whatsapp-channel-message\" rel=\"noopener\">\u2705 Siga o canal do Claudio Dantas no WhatsApp<\/a><\/p>\n<p class=\"wp-block-paragraph\">A informa\u00e7\u00e3o foi divulgada pelo jornalista William Waack, da <em>CNN Brasil<\/em>, na ter\u00e7a-feira (1\u00ba). A autoria da mensagem n\u00e3o foi identificada publicamente.<\/p>\n<p class=\"wp-block-paragraph\">Segundo o relato, o conte\u00fado enviado ao marqueteiro foi: \u201cNem pense em se afastar do STF. O PT da Bahia t\u00e1 na nossa m\u00e3o, e voc\u00ea s\u00f3 governa porque o STF te ajuda\u201d.<\/p>\n<p class=\"wp-block-paragraph\">O recado teria sido enviado no momento em que Lula era pressionado por aliados a se posicionar sobre a crise provocada pela divulga\u00e7\u00e3o do relat\u00f3rio da Pol\u00edcia Federal (PF), cujo sigilo foi retirado pelo ministro Andr\u00e9 Mendon\u00e7a.<\/p>\n<p class=\"wp-block-paragraph\">Em seu programa, Waack afirmou que o sil\u00eancio do presidente teria motivado a mensagem. \u201cO grande sil\u00eancio do Lula hoje sobre este caso indica que um peda\u00e7o do STF fez hoje chegar, por meio de um marqueteiro, o seguinte recado: \u2018Nem pense em se afastar do STF; um peda\u00e7o do PT da Bahia t\u00e1 na nossa m\u00e3o, e voc\u00ea s\u00f3 governa porque o STF ajuda\u2019\u201d, disse.<\/p>\n<p class=\"wp-block-paragraph\">A mensagem surge ap\u00f3s a divulga\u00e7\u00e3o do relat\u00f3rio da PF que re\u00fane conversas entre Moraes e Vorcaro. Entre os registros est\u00e1 uma mensagem enviada pelo banqueiro em novembro de 2025, dois dias antes de sua primeira pris\u00e3o, na qual ele perguntou ao ministro se deveria deixar o pa\u00eds.<\/p>\n<p class=\"wp-block-paragraph\">O material tamb\u00e9m registra pedidos de Vorcaro para que fossem acionados o diretor-geral da PF, Andrei Rodrigues, e o procurador-geral da Rep\u00fablica, Paulo Gonet.<\/p>\n<p class=\"wp-block-paragraph\">A divulga\u00e7\u00e3o dos documentos aumentou a press\u00e3o pol\u00edtica sobre Moraes e aprofundou a tens\u00e3o entre integrantes do Supremo. A oposi\u00e7\u00e3o passou a cobrar uma rea\u00e7\u00e3o do Senado, enquanto Lula permanece sem se manifestar publicamente sobre o conte\u00fado.<\/p>\n<p class=\"wp-block-paragraph\">Na ter\u00e7a-feira (1\u00ba), o presidente tamb\u00e9m recebeu o ministro Gilmar Mendes no Pal\u00e1cio do Planalto. O encontro n\u00e3o constou da agenda oficial de Lula e ocorreu no mesmo dia em que Mendon\u00e7a tornou p\u00fablico o relat\u00f3rio da PF.<\/p>\n<\/div>\n<p><script>!function(f,b,e,v,n,t,s){if(f.fbq)return;n=f.fbq=function(){n.callMethod?n.callMethod.apply(n,arguments):n.queue.push(arguments)};if(!f._fbq)f._fbq=n;n.push=n;n.loaded=!0;n.version='2.0';n.queue=[];t=b.createElement(e);t.async=!0;t.src=v;s=b.getElementsByTagName(e)[0];s.parentNode.insertBefore(t,s)}(window,document,'script','https:\/\/connect.facebook.net\/en_US\/fbevents.js');fbq('init','1423865622537930');fbq('track','PageView');<\/script><br \/>\n<br \/><br \/>\n<br \/><a href=\"https:\/\/claudiodantas.com.br\/lula-recebeu-recado-em-crise-moraes-master\/\">Source link <\/a><\/p>","protected":false},"excerpt":{"rendered":"<p>O presidente Lula (PT) teria recebido um recado atribu\u00eddo a integrantes do Supremo Tribunal Federal (STF) ap\u00f3s manter sil\u00eancio diante da divulga\u00e7\u00e3o de mensagens entre o ministro Alexandre de Moraes&hellip;<\/p>","protected":false},"author":1,"featured_media":141611,"comment_status":"closed","ping_status":"open","sticky":false,"template":"","format":"standard","meta":{"content-type":"","footnotes":""},"categories":[16],"tags":[],"class_list":["post-141879","post","type-post","status-publish","format-standard","has-post-thumbnail","hentry","category-noticias"],"_links":{"self":[{"href":"https:\/\/tvbrazilusa.com\/pt\/wp-json\/wp\/v2\/posts\/141879","targetHints":{"allow":["GET"]}}],"collection":[{"href":"https:\/\/tvbrazilusa.com\/pt\/wp-json\/wp\/v2\/posts"}],"about":[{"href":"https:\/\/tvbrazilusa.com\/pt\/wp-json\/wp\/v2\/types\/post"}],"author":[{"embeddable":true,"href":"https:\/\/tvbrazilusa.com\/pt\/wp-json\/wp\/v2\/users\/1"}],"replies":[{"embeddable":true,"href":"https:\/\/tvbrazilusa.com\/pt\/wp-json\/wp\/v2\/comments?post=141879"}],"version-history":[{"count":1,"href":"https:\/\/tvbrazilusa.com\/pt\/wp-json\/wp\/v2\/posts\/141879\/revisions"}],"predecessor-version":[{"id":141880,"href":"https:\/\/tvbrazilusa.com\/pt\/wp-json\/wp\/v2\/posts\/141879\/revisions\/141880"}],"wp:featuredmedia":[{"embeddable":true,"href":"https:\/\/tvbrazilusa.com\/pt\/wp-json\/wp\/v2\/media\/141611"}],"wp:attachment":[{"href":"https:\/\/tvbrazilusa.com\/pt\/wp-json\/wp\/v2\/media?parent=141879"}],"wp:term":[{"taxonomy":"category","embeddable":true,"href":"https:\/\/tvbrazilusa.com\/pt\/wp-json\/wp\/v2\/categories?post=141879"},{"taxonomy":"post_tag","embeddable":true,"href":"https:\/\/tvbrazilusa.com\/pt\/wp-json\/wp\/v2\/tags?post=141879"}],"curies":[{"name":"wp","href":"https:\/\/api.w.org\/{rel}","templated":true}]}}