{"id":141881,"date":"2026-09-02T22:49:36","date_gmt":"2026-09-02T22:49:36","guid":{"rendered":"https:\/\/tvbrazilusa.com\/2026\/09\/02\/sidonio-consulta-gilmar-sobre-impacto-da-crise-do-stf\/"},"modified":"2026-09-02T22:56:01","modified_gmt":"2026-09-02T22:56:01","slug":"sidonio-consulta-gilmar-sobre-impacto-da-crise-do-stf","status":"publish","type":"post","link":"https:\/\/tvbrazilusa.com\/pt\/2026\/09\/02\/sidonio-consulta-gilmar-sobre-impacto-da-crise-do-stf\/","title":{"rendered":"Sid\u00f4nio consulta Gilmar sobre impacto da crise do STF"},"content":{"rendered":"<script async src=\"https:\/\/pagead2.googlesyndication.com\/pagead\/js\/adsbygoogle.js?client=ca-pub-8864793242727901\"\r\n     crossorigin=\"anonymous\"><\/script>\n<div id=\"cd-article-content\" itemprop=\"articleBody\">\n<p class=\"wp-block-paragraph\">O desgaste da imagem do <a href=\"https:\/\/portal.stf.jus.br\/\" target=\"_blank\" rel=\"noopener\">Supremo Tribunal Federal (STF)<\/a> j\u00e1 entrou no radar da campanha presidencial de 2026. Antes de virem a p\u00fablico as mensagens que revelaram a comunica\u00e7\u00e3o entre o ministro Alexandre de Moraes e o banqueiro Daniel Vorcaro, o <a href=\"https:\/\/claudiodantas.com.br\/tag\/sidonio-palmeira\/\" data-type=\"post_tag\" data-id=\"1920\">chefe da Secretaria de Comunica\u00e7\u00e3o Social da Presid\u00eancia (Secom), Sid\u00f4nio Palmeira<\/a>, procurou o ministro Gilmar Mendes para discutir os reflexos pol\u00edticos da crise envolvendo a Corte. As informa\u00e7\u00f5es s\u00e3o do portal <em>CNN<\/em>. <\/p>\n<p><a href=\"https:\/\/whatsapp.com\/channel\/0029VaTFkH2HVvTbkE883x1x\" target=\"_blank\" class=\"whatsapp-channel-message\" rel=\"noopener\">\u2705 Siga o canal do Claudio Dantas no WhatsApp<\/a><\/p>\n<p class=\"wp-block-paragraph\">A conversa, realizada em Bras\u00edlia, foi interpretada por pessoas pr\u00f3ximas aos dois como uma consulta sobre a estrat\u00e9gia que dever\u00e1 ser adotada pelo grupo de Lula diante dos ataques ao STF durante a corrida eleitoral.<\/p>\n<p class=\"wp-block-paragraph\">Sid\u00f4nio teria levado ao ministro informa\u00e7\u00f5es de pesquisas qualitativas acompanhadas pelo governo e pela campanha petista. A avalia\u00e7\u00e3o apresentada era de que a imagem do Supremo poderia se tornar um problema durante a elei\u00e7\u00e3o e de que os ministros seriam submetidos a uma ofensiva pol\u00edtica.<\/p>\n<p class=\"wp-block-paragraph\">Gilmar, por sua vez, teria minimizado o risco institucional e argumentado que o tribunal teria condi\u00e7\u00f5es de suportar a press\u00e3o. O ministro tamb\u00e9m chamou aten\u00e7\u00e3o para o papel que o Supremo poder\u00e1 desempenhar no processo eleitoral, considerando a atual composi\u00e7\u00e3o do Tribunal Superior Eleitoral (TSE), presidido por Kassio Nunes Marques e com Andr\u00e9 Mendon\u00e7a na vice-presid\u00eancia. Os dois chegaram ao STF por indica\u00e7\u00e3o de Jair Bolsonaro (PL).<\/p>\n<p class=\"wp-block-paragraph\">A discuss\u00e3o teria alcan\u00e7ado ainda as rela\u00e7\u00f5es de integrantes do Supremo com Daniel Vorcaro. Sid\u00f4nio teria citado o assunto ao tratar dos ataques que poderiam atingir a Corte. Gilmar respondeu que, na avalia\u00e7\u00e3o dele, havia informa\u00e7\u00f5es distorcidas sobre o caso e mencionou reportagens que apontavam rela\u00e7\u00f5es do banqueiro com integrantes do PT da Bahia.<\/p>\n<figure class=\"wp-block-embed is-type-wp-embed is-provider-claudio-dantas wp-block-embed-claudio-dantas\"\/>\n<figure class=\"wp-block-embed is-type-wp-embed is-provider-claudio-dantas wp-block-embed-claudio-dantas\"\/>\n<\/div>\n<p><script>!function(f,b,e,v,n,t,s){if(f.fbq)return;n=f.fbq=function(){n.callMethod?n.callMethod.apply(n,arguments):n.queue.push(arguments)};if(!f._fbq)f._fbq=n;n.push=n;n.loaded=!0;n.version='2.0';n.queue=[];t=b.createElement(e);t.async=!0;t.src=v;s=b.getElementsByTagName(e)[0];s.parentNode.insertBefore(t,s)}(window,document,'script','https:\/\/connect.facebook.net\/en_US\/fbevents.js');fbq('init','1423865622537930');fbq('track','PageView');<\/script><br \/>\n<br \/><br \/>\n<br \/><a href=\"https:\/\/claudiodantas.com.br\/sidonio-consulta-gilmar-impacto-crise-stf\/\">Source link <\/a><\/p>","protected":false},"excerpt":{"rendered":"<p>O desgaste da imagem do Supremo Tribunal Federal (STF) j\u00e1 entrou no radar da campanha presidencial de 2026. Antes de virem a p\u00fablico as mensagens que revelaram a comunica\u00e7\u00e3o entre&hellip;<\/p>","protected":false},"author":1,"featured_media":139615,"comment_status":"closed","ping_status":"open","sticky":false,"template":"","format":"standard","meta":{"content-type":"","footnotes":""},"categories":[16],"tags":[],"class_list":["post-141881","post","type-post","status-publish","format-standard","has-post-thumbnail","hentry","category-noticias"],"_links":{"self":[{"href":"https:\/\/tvbrazilusa.com\/pt\/wp-json\/wp\/v2\/posts\/141881","targetHints":{"allow":["GET"]}}],"collection":[{"href":"https:\/\/tvbrazilusa.com\/pt\/wp-json\/wp\/v2\/posts"}],"about":[{"href":"https:\/\/tvbrazilusa.com\/pt\/wp-json\/wp\/v2\/types\/post"}],"author":[{"embeddable":true,"href":"https:\/\/tvbrazilusa.com\/pt\/wp-json\/wp\/v2\/users\/1"}],"replies":[{"embeddable":true,"href":"https:\/\/tvbrazilusa.com\/pt\/wp-json\/wp\/v2\/comments?post=141881"}],"version-history":[{"count":1,"href":"https:\/\/tvbrazilusa.com\/pt\/wp-json\/wp\/v2\/posts\/141881\/revisions"}],"predecessor-version":[{"id":141882,"href":"https:\/\/tvbrazilusa.com\/pt\/wp-json\/wp\/v2\/posts\/141881\/revisions\/141882"}],"wp:featuredmedia":[{"embeddable":true,"href":"https:\/\/tvbrazilusa.com\/pt\/wp-json\/wp\/v2\/media\/139615"}],"wp:attachment":[{"href":"https:\/\/tvbrazilusa.com\/pt\/wp-json\/wp\/v2\/media?parent=141881"}],"wp:term":[{"taxonomy":"category","embeddable":true,"href":"https:\/\/tvbrazilusa.com\/pt\/wp-json\/wp\/v2\/categories?post=141881"},{"taxonomy":"post_tag","embeddable":true,"href":"https:\/\/tvbrazilusa.com\/pt\/wp-json\/wp\/v2\/tags?post=141881"}],"curies":[{"name":"wp","href":"https:\/\/api.w.org\/{rel}","templated":true}]}}