{"id":141883,"date":"2026-09-02T23:07:17","date_gmt":"2026-09-02T23:07:17","guid":{"rendered":"https:\/\/tvbrazilusa.com\/2026\/09\/02\/vorcaro-disse-a-mendonca-que-pf-ameacou-joga-lo-de-aviao\/"},"modified":"2026-09-02T23:08:28","modified_gmt":"2026-09-02T23:08:28","slug":"vorcaro-disse-a-mendonca-que-pf-ameacou-joga-lo-de-aviao","status":"publish","type":"post","link":"https:\/\/tvbrazilusa.com\/pt\/2026\/09\/02\/vorcaro-disse-a-mendonca-que-pf-ameacou-joga-lo-de-aviao\/","title":{"rendered":"Vorcaro disse a Mendon\u00e7a que PF amea\u00e7ou jog\u00e1-lo de avi\u00e3o"},"content":{"rendered":"<script async src=\"https:\/\/pagead2.googlesyndication.com\/pagead\/js\/adsbygoogle.js?client=ca-pub-8864793242727901\"\r\n     crossorigin=\"anonymous\"><\/script>\n<div id=\"cd-article-content\" itemprop=\"articleBody\">\n<p class=\"wp-block-paragraph\">O <a href=\"https:\/\/claudiodantas.com.br\/tag\/daniel-vorcaro\/\" data-type=\"post_tag\" data-id=\"10691\">banqueiro Daniel Vorcaro<\/a> relatou ao gabinete do ministro Andr\u00e9 Mendon\u00e7a, do <a href=\"https:\/\/portal.stf.jus.br\/\" target=\"_blank\" rel=\"noopener\">Supremo Tribunal Federal (STF)<\/a>, que sofreu amea\u00e7as de morte durante a transfer\u00eancia para Bras\u00edlia ap\u00f3s ser preso pela Pol\u00edcia Federal (PF), em mar\u00e7o. Segundo seu depoimento, agentes chegaram a amea\u00e7ar jog\u00e1-lo da aeronave durante o voo. As informa\u00e7\u00f5es s\u00e3o da revista <em>Veja<\/em>. <\/p>\n<p><a href=\"https:\/\/whatsapp.com\/channel\/0029VaTFkH2HVvTbkE883x1x\" target=\"_blank\" class=\"whatsapp-channel-message\" rel=\"noopener\">\u2705 Siga o canal do Claudio Dantas no WhatsApp<\/a><\/p>\n<p class=\"wp-block-paragraph\">De acordo com a vers\u00e3o apresentada por Vorcaro, ele foi colocado em um compartimento durante o transporte e passou a ser alvo de intimida\u00e7\u00f5es. Os agentes teriam batido no local onde o banqueiro estava e afirmado que poderiam abrir a porta do avi\u00e3o e lan\u00e7\u00e1-lo para fora.<\/p>\n<p class=\"wp-block-paragraph\">\u201cA gente pode te jogar daqui de cima. Ningu\u00e9m vai duvidar se a gente disser que voc\u00ea se jogou\u201d, teria dito um dos agentes, conforme o relato apresentado ao gabinete de Mendon\u00e7a.<\/p>\n<p class=\"wp-block-paragraph\">Vorcaro tamb\u00e9m afirmou que foi colocado em uma caixa \u201ccomo bicho\u201d durante a transfer\u00eancia. Os epis\u00f3dios integram o conjunto de elementos reunidos pela defesa para relatar supostos abusos sofridos durante a cust\u00f3dia e embasar uma tentativa de colabora\u00e7\u00e3o premiada.<\/p>\n<p class=\"wp-block-paragraph\">O banqueiro prestou depoimento na semana passada, em interrogat\u00f3rio gravado em v\u00eddeo. Na ocasi\u00e3o, afirmou que tem informa\u00e7\u00f5es que poderiam contribuir com as investiga\u00e7\u00f5es, mas que estaria encontrando resist\u00eancia para apresent\u00e1-las.<\/p>\n<p class=\"wp-block-paragraph\">\u201cTenho muito a contribuir relatando os fatos e a verdade, mas ningu\u00e9m quer me ouvir. Uma loucura\u201d, declarou.<\/p>\n<p class=\"wp-block-paragraph\">Al\u00e9m das acusa\u00e7\u00f5es sobre a transfer\u00eancia, Vorcaro citou o diretor-geral da PF, Andrei Rodrigues. Segundo o banqueiro, Rodrigues teria atuado para dificultar sua tentativa de dela\u00e7\u00e3o e impedir que ele relatasse detalhes sobre sua rela\u00e7\u00e3o com o delegado.<\/p>\n<p class=\"wp-block-paragraph\">A defesa afirma ter procurado o gabinete de Mendon\u00e7a diante da percep\u00e7\u00e3o de que haveria uma articula\u00e7\u00e3o entre institui\u00e7\u00f5es para impedir que Vorcaro revelasse informa\u00e7\u00f5es sobre autoridades e obtivesse benef\u00edcios por meio de um acordo de colabora\u00e7\u00e3o.<\/p>\n<figure class=\"wp-block-embed is-type-wp-embed is-provider-claudio-dantas wp-block-embed-claudio-dantas\"\/>\n<p class=\"wp-block-paragraph\"><strong>PF rejeita acusa\u00e7\u00f5es<\/strong><\/p>\n<p class=\"wp-block-paragraph\">Investigadores da Pol\u00edcia Federal contestaram as declara\u00e7\u00f5es do banqueiro e desqualificaram a vers\u00e3o apresentada por ele. A avalia\u00e7\u00e3o \u00e9 de que, se Vorcaro entendesse que havia impedimento envolvendo a atua\u00e7\u00e3o de Andrei Rodrigues, poderia ter procurado a Procuradoria-Geral da Rep\u00fablica (PGR) para negociar diretamente uma eventual colabora\u00e7\u00e3o.<\/p>\n<p class=\"wp-block-paragraph\">As acusa\u00e7\u00f5es sobre as condutas dos agentes permanecem, at\u00e9 o momento, como relatos apresentados por Vorcaro e sua defesa. N\u00e3o h\u00e1, no material divulgado, conclus\u00e3o judicial que confirme as alega\u00e7\u00f5es.<\/p>\n<\/div>\n<p><script>!function(f,b,e,v,n,t,s){if(f.fbq)return;n=f.fbq=function(){n.callMethod?n.callMethod.apply(n,arguments):n.queue.push(arguments)};if(!f._fbq)f._fbq=n;n.push=n;n.loaded=!0;n.version='2.0';n.queue=[];t=b.createElement(e);t.async=!0;t.src=v;s=b.getElementsByTagName(e)[0];s.parentNode.insertBefore(t,s)}(window,document,'script','https:\/\/connect.facebook.net\/en_US\/fbevents.js');fbq('init','1423865622537930');fbq('track','PageView');<\/script><br \/>\n<br \/><br \/>\n<br \/><a href=\"https:\/\/claudiodantas.com.br\/vorcaro-a-mendonca-pf-ameacou-joga-lo-aviao\/\">Source link <\/a><\/p>","protected":false},"excerpt":{"rendered":"<p>O banqueiro Daniel Vorcaro relatou ao gabinete do ministro Andr\u00e9 Mendon\u00e7a, do Supremo Tribunal Federal (STF), que sofreu amea\u00e7as de morte durante a transfer\u00eancia para Bras\u00edlia ap\u00f3s ser preso pela&hellip;<\/p>","protected":false},"author":1,"featured_media":138200,"comment_status":"closed","ping_status":"open","sticky":false,"template":"","format":"standard","meta":{"content-type":"","footnotes":""},"categories":[16],"tags":[],"class_list":["post-141883","post","type-post","status-publish","format-standard","has-post-thumbnail","hentry","category-noticias"],"_links":{"self":[{"href":"https:\/\/tvbrazilusa.com\/pt\/wp-json\/wp\/v2\/posts\/141883","targetHints":{"allow":["GET"]}}],"collection":[{"href":"https:\/\/tvbrazilusa.com\/pt\/wp-json\/wp\/v2\/posts"}],"about":[{"href":"https:\/\/tvbrazilusa.com\/pt\/wp-json\/wp\/v2\/types\/post"}],"author":[{"embeddable":true,"href":"https:\/\/tvbrazilusa.com\/pt\/wp-json\/wp\/v2\/users\/1"}],"replies":[{"embeddable":true,"href":"https:\/\/tvbrazilusa.com\/pt\/wp-json\/wp\/v2\/comments?post=141883"}],"version-history":[{"count":1,"href":"https:\/\/tvbrazilusa.com\/pt\/wp-json\/wp\/v2\/posts\/141883\/revisions"}],"predecessor-version":[{"id":141884,"href":"https:\/\/tvbrazilusa.com\/pt\/wp-json\/wp\/v2\/posts\/141883\/revisions\/141884"}],"wp:featuredmedia":[{"embeddable":true,"href":"https:\/\/tvbrazilusa.com\/pt\/wp-json\/wp\/v2\/media\/138200"}],"wp:attachment":[{"href":"https:\/\/tvbrazilusa.com\/pt\/wp-json\/wp\/v2\/media?parent=141883"}],"wp:term":[{"taxonomy":"category","embeddable":true,"href":"https:\/\/tvbrazilusa.com\/pt\/wp-json\/wp\/v2\/categories?post=141883"},{"taxonomy":"post_tag","embeddable":true,"href":"https:\/\/tvbrazilusa.com\/pt\/wp-json\/wp\/v2\/tags?post=141883"}],"curies":[{"name":"wp","href":"https:\/\/api.w.org\/{rel}","templated":true}]}}