{"id":141885,"date":"2026-09-02T23:21:52","date_gmt":"2026-09-02T23:21:52","guid":{"rendered":"https:\/\/tvbrazilusa.com\/2026\/09\/02\/vorcaro-diz-a-mendonca-quer-delatar-integrantes-governo-lula\/"},"modified":"2026-09-02T23:23:33","modified_gmt":"2026-09-02T23:23:33","slug":"vorcaro-diz-a-mendonca-quer-delatar-integrantes-governo-lula","status":"publish","type":"post","link":"https:\/\/tvbrazilusa.com\/pt\/2026\/09\/02\/vorcaro-diz-a-mendonca-quer-delatar-integrantes-governo-lula\/","title":{"rendered":"Vorcaro diz a Mendon\u00e7a quer delatar integrantes governo Lula"},"content":{"rendered":"<script async src=\"https:\/\/pagead2.googlesyndication.com\/pagead\/js\/adsbygoogle.js?client=ca-pub-8864793242727901\"\r\n     crossorigin=\"anonymous\"><\/script>\n<div id=\"cd-article-content\" itemprop=\"articleBody\">\n<p class=\"wp-block-paragraph\"><a href=\"https:\/\/claudiodantas.com.br\/tag\/daniel-vorcaro\/\" data-type=\"post_tag\" data-id=\"10691\">O ex-dono do Banco Master, Daniel Vorcaro<\/a>, afirmou ao ministro do <a href=\"https:\/\/portal.stf.jus.br\/\" target=\"_blank\" rel=\"noopener\">Supremo Tribunal Federal (STF)<\/a> Andr\u00e9 Mendon\u00e7a que pretende relatar, em uma eventual colabora\u00e7\u00e3o premiada, informa\u00e7\u00f5es sobre integrantes do atual governo Lula (PT). O banqueiro tamb\u00e9m citou uma rela\u00e7\u00e3o anterior com o diretor-geral da Pol\u00edcia Federal, Andrei Rodrigues, e afirmou que o chefe da corpora\u00e7\u00e3o teria viajado com ele para eventos. As informa\u00e7\u00f5es s\u00e3o do jornal <em>O Estado de S. Paulo<\/em>.<\/p>\n<p><a href=\"https:\/\/whatsapp.com\/channel\/0029VaTFkH2HVvTbkE883x1x\" target=\"_blank\" class=\"whatsapp-channel-message\" rel=\"noopener\">\u2705 Siga o canal do Claudio Dantas no WhatsApp<\/a><\/p>\n<p class=\"wp-block-paragraph\">A declara\u00e7\u00e3o foi dada em depoimento prestado na semana passada ao gabinete de Mendon\u00e7a, ap\u00f3s a defesa de Vorcaro solicitar uma audi\u00eancia para tratar das dificuldades encontradas nas negocia\u00e7\u00f5es de um acordo de dela\u00e7\u00e3o. O banqueiro j\u00e1 teve duas propostas rejeitadas pela PF e pela Procuradoria-Geral da Rep\u00fablica (PGR).<\/p>\n<p class=\"wp-block-paragraph\">Segundo Vorcaro, parte das rela\u00e7\u00f5es que pretende apresentar surgiu enquanto buscava prote\u00e7\u00e3o diante de retalia\u00e7\u00f5es. Ele afirmou, por\u00e9m, que algumas dessas conex\u00f5es teriam ultrapassado limites legais e que deseja esclarecer sua participa\u00e7\u00e3o nos fatos.<\/p>\n<p class=\"wp-block-paragraph\">\u201cToda a minha colabora\u00e7\u00e3o, ela, no que tange a pessoas, s\u00e3o pessoas do n\u00facleo do atual governo, que eu acabei fazendo rela\u00e7\u00e3o para me proteger dos ataques que eu estava sofrendo. E a\u00ed, nesses momentos, teve uns casos que foram cruzadas linhas de moralidade, linhas de ilicitude, que esses eu pretendia relatar. Eu pretendia\u2026. Na minha opini\u00e3o, os fatos est\u00e3o t\u00e3o diferentes da realidade, doutor, que s\u00f3 a verdade hoje vai me libertar. Ent\u00e3o, eu quero muito, desde\u2026 tem alguns meses que eu quero falar a verdade. Eu n\u00e3o sou perfeito, eu errei, eu errei mesmo, eu quero falar no que eu errei. Porque eu n\u00e3o era a pessoa e nem os fatos que est\u00e3o sendo relatados ali. E envolve todo esse n\u00facleo. E eu, desde o come\u00e7o, sempre fui muito resistente, reticente. Fiquei, inclusive, surpreso com a pr\u00f3pria PGR, com a atua\u00e7\u00e3o que foi proativa de tentar saber, entender a realidade. Mas isso n\u00e3o aconteceu, desde o come\u00e7o, com a pol\u00edcia\u201d, afirmou.<\/p>\n<p class=\"wp-block-paragraph\"><strong>Vorcaro menciona Andrei Rodrigues<\/strong><\/p>\n<p class=\"wp-block-paragraph\">A rela\u00e7\u00e3o com Andrei Rodrigues tamb\u00e9m foi citada durante o depoimento. Ao ser questionado sobre o diretor-geral da PF, Vorcaro afirmou que ele teria participado de viagens para eventos antes do avan\u00e7o das investiga\u00e7\u00f5es relacionadas \u00e0 Opera\u00e7\u00e3o Compliance Zero.<\/p>\n<p class=\"wp-block-paragraph\">\u201cAndrei viajou para eventos comigo\u201d, declarou.<\/p>\n<p class=\"wp-block-paragraph\">O banqueiro, no entanto, n\u00e3o apresentou detalhes sobre os deslocamentos nem documentos ou outros elementos que comprovassem a afirma\u00e7\u00e3o. Tamb\u00e9m n\u00e3o informou, durante o depoimento, quem teria financiado as viagens.<\/p>\n<p class=\"wp-block-paragraph\">Andrei admite ter participado de um evento em Londres patrocinado pelo Banco Master, mas interlocutores do diretor-geral negam que ele mantivesse com Vorcaro a rela\u00e7\u00e3o descrita pelo banqueiro.<\/p>\n<p class=\"wp-block-paragraph\">A cita\u00e7\u00e3o ao chefe da PF est\u00e1 ligada \u00e0 pr\u00f3pria tentativa de retomada da dela\u00e7\u00e3o. Vorcaro sustenta que policiais respons\u00e1veis pelas tratativas teriam criado obst\u00e1culos para o acordo e que haveria resist\u00eancia em permitir que ele mencionasse Andrei Rodrigues.<\/p>\n<p class=\"wp-block-paragraph\">A PF e a PGR, entretanto, rejeitaram as duas propostas apresentadas anteriormente. A avalia\u00e7\u00e3o dos investigadores foi de que o banqueiro n\u00e3o havia apresentado informa\u00e7\u00f5es in\u00e9ditas suficientes e teria selecionado os elementos que pretendia entregar.<\/p>\n<p class=\"wp-block-paragraph\"><strong>Cr\u00edticas \u00e0 condu\u00e7\u00e3o da investiga\u00e7\u00e3o<\/strong><\/p>\n<p class=\"wp-block-paragraph\">Vorcaro tamb\u00e9m contestou o modelo utilizado para negociar sua colabora\u00e7\u00e3o. Ele afirmou que a quantidade de autoridades e rela\u00e7\u00f5es pol\u00edticas envolvidas no caso dificultaria um acordo conduzido apenas pelos canais tradicionais.<\/p>\n<p class=\"wp-block-paragraph\">\u201cN\u00e3o estou acusando a Pol\u00edcia Federal. Eu s\u00f3 acho que, pela sensibilidade dos fatos, pelas pessoas que est\u00e3o envolvidas, pelos interesses pol\u00edticos, pelas rela\u00e7\u00f5es do sistema e da pol\u00edtica atual que est\u00e3o envolvidas nesse caso, no modelo tradicional, no modelo atual, as pessoas envolvidas, n\u00e3o vai ser poss\u00edvel fazer a colabora\u00e7\u00e3o\u201d, disse.<\/p>\n<p class=\"wp-block-paragraph\">Em outro trecho, o banqueiro acusou integrantes da PF de direcionarem a investiga\u00e7\u00e3o e utilizarem vazamentos de informa\u00e7\u00f5es para pressionar os envolvidos.<\/p>\n<p class=\"wp-block-paragraph\">\u201cNo meu entendimento, com muita franqueza, a pr\u00f3pria PGR, como o gabinete, como eu, n\u00f3s estamos sendo levados por membros de uma Pol\u00edcia Federal que est\u00e1 levando o caso para um lado e usando a m\u00eddia, com vazamento seletivo desde o come\u00e7o, para intimidar todos\u201d, afirmou.<\/p>\n<\/div>\n<p><script>!function(f,b,e,v,n,t,s){if(f.fbq)return;n=f.fbq=function(){n.callMethod?n.callMethod.apply(n,arguments):n.queue.push(arguments)};if(!f._fbq)f._fbq=n;n.push=n;n.loaded=!0;n.version='2.0';n.queue=[];t=b.createElement(e);t.async=!0;t.src=v;s=b.getElementsByTagName(e)[0];s.parentNode.insertBefore(t,s)}(window,document,'script','https:\/\/connect.facebook.net\/en_US\/fbevents.js');fbq('init','1423865622537930');fbq('track','PageView');<\/script><br \/>\n<br \/><br \/>\n<br \/><a href=\"https:\/\/claudiodantas.com.br\/vorcaro-diz-mendonca-que-quer-delatar-governo\/\">Source link <\/a><\/p>","protected":false},"excerpt":{"rendered":"<p>O ex-dono do Banco Master, Daniel Vorcaro, afirmou ao ministro do Supremo Tribunal Federal (STF) Andr\u00e9 Mendon\u00e7a que pretende relatar, em uma eventual colabora\u00e7\u00e3o premiada, informa\u00e7\u00f5es sobre integrantes do atual&hellip;<\/p>","protected":false},"author":1,"featured_media":141886,"comment_status":"closed","ping_status":"open","sticky":false,"template":"","format":"standard","meta":{"content-type":"","footnotes":""},"categories":[16],"tags":[],"class_list":["post-141885","post","type-post","status-publish","format-standard","has-post-thumbnail","hentry","category-noticias"],"_links":{"self":[{"href":"https:\/\/tvbrazilusa.com\/pt\/wp-json\/wp\/v2\/posts\/141885","targetHints":{"allow":["GET"]}}],"collection":[{"href":"https:\/\/tvbrazilusa.com\/pt\/wp-json\/wp\/v2\/posts"}],"about":[{"href":"https:\/\/tvbrazilusa.com\/pt\/wp-json\/wp\/v2\/types\/post"}],"author":[{"embeddable":true,"href":"https:\/\/tvbrazilusa.com\/pt\/wp-json\/wp\/v2\/users\/1"}],"replies":[{"embeddable":true,"href":"https:\/\/tvbrazilusa.com\/pt\/wp-json\/wp\/v2\/comments?post=141885"}],"version-history":[{"count":1,"href":"https:\/\/tvbrazilusa.com\/pt\/wp-json\/wp\/v2\/posts\/141885\/revisions"}],"predecessor-version":[{"id":141887,"href":"https:\/\/tvbrazilusa.com\/pt\/wp-json\/wp\/v2\/posts\/141885\/revisions\/141887"}],"wp:featuredmedia":[{"embeddable":true,"href":"https:\/\/tvbrazilusa.com\/pt\/wp-json\/wp\/v2\/media\/141886"}],"wp:attachment":[{"href":"https:\/\/tvbrazilusa.com\/pt\/wp-json\/wp\/v2\/media?parent=141885"}],"wp:term":[{"taxonomy":"category","embeddable":true,"href":"https:\/\/tvbrazilusa.com\/pt\/wp-json\/wp\/v2\/categories?post=141885"},{"taxonomy":"post_tag","embeddable":true,"href":"https:\/\/tvbrazilusa.com\/pt\/wp-json\/wp\/v2\/tags?post=141885"}],"curies":[{"name":"wp","href":"https:\/\/api.w.org\/{rel}","templated":true}]}}