{"id":141930,"date":"2026-09-03T11:20:00","date_gmt":"2026-09-03T11:20:00","guid":{"rendered":"https:\/\/tvbrazilusa.com\/2026\/09\/03\/desempenho-de-lula-e-desaprovado-por-50-dos-brasileiros\/"},"modified":"2026-09-03T11:29:37","modified_gmt":"2026-09-03T11:29:37","slug":"desempenho-de-lula-e-desaprovado-por-50-dos-brasileiros","status":"publish","type":"post","link":"https:\/\/tvbrazilusa.com\/pt\/2026\/09\/03\/desempenho-de-lula-e-desaprovado-por-50-dos-brasileiros\/","title":{"rendered":"Desempenho de Lula \u00e9 desaprovado por 50% dos brasileiros"},"content":{"rendered":"<script async src=\"https:\/\/pagead2.googlesyndication.com\/pagead\/js\/adsbygoogle.js?client=ca-pub-8864793242727901\"\r\n     crossorigin=\"anonymous\"><\/script>\n<div id=\"cd-article-content\" itemprop=\"articleBody\">\n<p class=\"wp-block-paragraph\">Pesquisa <strong>PoderData\/Aya<\/strong> divulgada na manh\u00e3 desta quinta-feira (03) aponta que 50% dos <strong><a href=\"https:\/\/claudiodantas.com.br\/tag\/brasileiros\/\" data-type=\"post_tag\" data-id=\"5529\">brasileiros<\/a><\/strong> <strong>desaprovam<\/strong> o desempenho pessoal do <strong><a href=\"https:\/\/claudiodantas.com.br\/tag\/lula\/\" data-type=\"link\" data-id=\"https:\/\/claudiodantas.com.br\/tag\/lula\/\">presidente Luiz In\u00e1cio Lula da Silva (PT)<\/a><\/strong>. Outros 42% aprovam a atua\u00e7\u00e3o do <strong><a href=\"https:\/\/pt.wikipedia.org\/wiki\/Partido_dos_Trabalhadores\" target=\"_blank\" rel=\"noopener\">petista<\/a><\/strong>, enquanto 8% n\u00e3o souberam responder.<\/p>\n<p><a href=\"https:\/\/whatsapp.com\/channel\/0029VaTFkH2HVvTbkE883x1x\" target=\"_blank\" class=\"whatsapp-channel-message\" rel=\"noopener\">\u2705 Siga o canal do Claudio Dantas no WhatsApp<\/a><\/p>\n<p class=\"wp-block-paragraph\">Os \u00edndices permaneceram est\u00e1veis em rela\u00e7\u00e3o ao levantamento anterior, realizado de 23 a 26 de agosto. N\u00e3o houve altera\u00e7\u00e3o nos percentuais de aprova\u00e7\u00e3o ou desaprova\u00e7\u00e3o.<\/p>\n<p class=\"wp-block-paragraph\">O levantamento separou a avalia\u00e7\u00e3o pessoal de Lula da percep\u00e7\u00e3o sobre sua administra\u00e7\u00e3o. Os eleitores responderam \u00e0s perguntas: \u201cPensando no desempenho pessoal do presidente Lula, voc\u00ea aprova ou desaprova?\u201d e \u201cVoc\u00ea aprova ou desaprova o governo do presidente Lula?\u201d.<\/p>\n<p class=\"wp-block-paragraph\">J\u00e1 na avalia\u00e7\u00e3o do governo, a desaprova\u00e7\u00e3o chega a 51%, enquanto 42% aprovam a gest\u00e3o petista. Outros 7% n\u00e3o souberam responder.<\/p>\n<p class=\"wp-block-paragraph\">As entrevistas foram realizadas de 30 de agosto a 2 de setembro de 2026, por meio de liga\u00e7\u00f5es para celulares e telefones fixos. Ao todo, foram ouvidas 3.000 pessoas em 716 munic\u00edpios das 27 unidades da Federa\u00e7\u00e3o.<\/p>\n<p class=\"wp-block-paragraph\">A margem de erro \u00e9 de 1,8 ponto percentual, com intervalo de confian\u00e7a de 95%. A pesquisa est\u00e1 registrada no TSE sob o n\u00ba BR-07561\/2026.<\/p>\n<\/div>\n<p><script>!function(f,b,e,v,n,t,s){if(f.fbq)return;n=f.fbq=function(){n.callMethod?n.callMethod.apply(n,arguments):n.queue.push(arguments)};if(!f._fbq)f._fbq=n;n.push=n;n.loaded=!0;n.version='2.0';n.queue=[];t=b.createElement(e);t.async=!0;t.src=v;s=b.getElementsByTagName(e)[0];s.parentNode.insertBefore(t,s)}(window,document,'script','https:\/\/connect.facebook.net\/en_US\/fbevents.js');fbq('init','1423865622537930');fbq('track','PageView');<\/script><br \/>\n<br \/><br \/>\n<br \/><a href=\"https:\/\/claudiodantas.com.br\/desempenho-lula-desaprovado-50-brasileiros\/\">Source link <\/a><\/p>","protected":false},"excerpt":{"rendered":"<p>Pesquisa PoderData\/Aya divulgada na manh\u00e3 desta quinta-feira (03) aponta que 50% dos brasileiros desaprovam o desempenho pessoal do presidente Luiz In\u00e1cio Lula da Silva (PT). Outros 42% aprovam a atua\u00e7\u00e3o&hellip;<\/p>","protected":false},"author":1,"featured_media":138610,"comment_status":"closed","ping_status":"open","sticky":false,"template":"","format":"standard","meta":{"content-type":"","footnotes":""},"categories":[16],"tags":[],"class_list":["post-141930","post","type-post","status-publish","format-standard","has-post-thumbnail","hentry","category-noticias"],"_links":{"self":[{"href":"https:\/\/tvbrazilusa.com\/pt\/wp-json\/wp\/v2\/posts\/141930","targetHints":{"allow":["GET"]}}],"collection":[{"href":"https:\/\/tvbrazilusa.com\/pt\/wp-json\/wp\/v2\/posts"}],"about":[{"href":"https:\/\/tvbrazilusa.com\/pt\/wp-json\/wp\/v2\/types\/post"}],"author":[{"embeddable":true,"href":"https:\/\/tvbrazilusa.com\/pt\/wp-json\/wp\/v2\/users\/1"}],"replies":[{"embeddable":true,"href":"https:\/\/tvbrazilusa.com\/pt\/wp-json\/wp\/v2\/comments?post=141930"}],"version-history":[{"count":1,"href":"https:\/\/tvbrazilusa.com\/pt\/wp-json\/wp\/v2\/posts\/141930\/revisions"}],"predecessor-version":[{"id":141931,"href":"https:\/\/tvbrazilusa.com\/pt\/wp-json\/wp\/v2\/posts\/141930\/revisions\/141931"}],"wp:featuredmedia":[{"embeddable":true,"href":"https:\/\/tvbrazilusa.com\/pt\/wp-json\/wp\/v2\/media\/138610"}],"wp:attachment":[{"href":"https:\/\/tvbrazilusa.com\/pt\/wp-json\/wp\/v2\/media?parent=141930"}],"wp:term":[{"taxonomy":"category","embeddable":true,"href":"https:\/\/tvbrazilusa.com\/pt\/wp-json\/wp\/v2\/categories?post=141930"},{"taxonomy":"post_tag","embeddable":true,"href":"https:\/\/tvbrazilusa.com\/pt\/wp-json\/wp\/v2\/tags?post=141930"}],"curies":[{"name":"wp","href":"https:\/\/api.w.org\/{rel}","templated":true}]}}