{"id":141950,"date":"2026-09-03T13:55:00","date_gmt":"2026-09-03T13:55:00","guid":{"rendered":"https:\/\/tvbrazilusa.com\/2026\/09\/03\/mendonca-decide-deixar-sociedade-em-instituto-privado\/"},"modified":"2026-09-03T14:05:07","modified_gmt":"2026-09-03T14:05:07","slug":"mendonca-decide-deixar-sociedade-em-instituto-privado","status":"publish","type":"post","link":"https:\/\/tvbrazilusa.com\/pt\/2026\/09\/03\/mendonca-decide-deixar-sociedade-em-instituto-privado\/","title":{"rendered":"Mendon\u00e7a decide deixar sociedade em instituto privado"},"content":{"rendered":"<script async src=\"https:\/\/pagead2.googlesyndication.com\/pagead\/js\/adsbygoogle.js?client=ca-pub-8864793242727901\"\r\n     crossorigin=\"anonymous\"><\/script>\n<div id=\"cd-article-content\" itemprop=\"articleBody\">\n<p class=\"wp-block-paragraph\">O ministro do Supremo Tribunal Federal (STF)\u00a0<strong><a href=\"https:\/\/claudiodantas.com.br\/tag\/andre-mendonca\/\" data-type=\"post_tag\" data-id=\"4316\">Andr\u00e9 Mendon\u00e7a<\/a><\/strong>\u00a0informou nesta manh\u00e3 (03) que decidiu deixar a sociedade do <strong><a href=\"https:\/\/institutoiter.com.br\/\" target=\"_blank\" rel=\"noopener\">Instituto Iter<\/a><\/strong>. Em nota, afirmou que ceder\u00e1 a totalidade de suas cotas e tamb\u00e9m as da esposa, \u201csem qualquer contrapartida financeira\u201d. Frisou ainda que nunca obteve lucro com a entidade<\/p>\n<p><a href=\"https:\/\/whatsapp.com\/channel\/0029VaTFkH2HVvTbkE883x1x\" target=\"_blank\" class=\"whatsapp-channel-message\" rel=\"noopener\">\u2705 Siga o canal do Claudio Dantas no WhatsApp<\/a><\/p>\n<p class=\"wp-block-paragraph\">A institui\u00e7\u00e3o foi criada em 2024 e voltada para atividades educacionais e acad\u00eamicas. A decis\u00e3o da sa\u00edda foi tomada ontem (02) em conversa com o presidente da institui\u00e7\u00e3o, Victor Godoy.<\/p>\n<p class=\"wp-block-paragraph\">Em nota, Mendon\u00e7a afirmou que o instituto vai se transformar em entidade sem fins lucrativos e que nunca recebeu lucro da sociedade. O documento afirma ainda que \u201co ministro permanecer\u00e1 prestando servi\u00e7os exclusivamente acad\u00eamicos, na qualidade de professor\u201d.<\/p>\n<p class=\"wp-block-paragraph\">Nas \u00faltimas semanas, o Instituto Iter foi mencionado em reportagens que repercutiram questionamentos relacionados \u00e0 atua\u00e7\u00e3o da entidade e a contratos firmados com \u00f3rg\u00e3os p\u00fablicos.<\/p>\n<p class=\"wp-block-paragraph\">Em 10 de fevereiro deste ano, o ministro, que tamb\u00e9m \u00e9 pastor presbiteriano, fez uma prega\u00e7\u00e3o em que anunciava mudan\u00e7as na entidade. \u201cDurante a peregrina\u00e7\u00e3o, Abra\u00e3o constru\u00eda tendas, mas tamb\u00e9m constru\u00eda altares. Abra\u00e3o, ao mesmo tempo em que parava e constru\u00eda uma tenda, ele constru\u00eda um altar de adora\u00e7\u00e3o a Deus. Eu, com a minha esposa, e sob as b\u00ean\u00e7\u00e3os dos meus filhos, decidimos que a nossa parte do Instituto Iter ser\u00e1 a consagra\u00e7\u00e3o de um altar a Deus\u201d, afirmou no momento.<\/p>\n<p class=\"wp-block-paragraph\">\u201cTudo o que vier, possivelmente, a dar de lucro e resultado. Eu vou separar 10% por d\u00edzimo e os 90% restante ser\u00e1 investido em obras sociais e em educa\u00e7\u00e3o\u201d, prosseguiu na ocasi\u00e3o.<\/p>\n<h3 class=\"wp-block-heading\"><strong>LEIA A \u00cdNTEGRA:<\/strong><\/h3>\n<p class=\"wp-block-paragraph\"><em>\u201cO ministro Andr\u00e9 Mendon\u00e7a decidiu deixar a sociedade do Instituto Iter, cedendo a totalidade de suas cotas e de sua esposa, sem qualquer contrapartida financeira.<\/em><\/p>\n<p class=\"wp-block-paragraph\"><em>As cotas, e eventuais valores a elas correspondentes, permanecer\u00e3o integralmente destinados a fins sociais e educacionais, conforme o ministro j\u00e1 havia decidido e anunciado no in\u00edcio deste ano.<\/em><\/p>\n<p class=\"wp-block-paragraph\"><em>Criado em 2024, o Instituto Iter ser\u00e1 transformado em entidade sem fins lucrativos, refor\u00e7ando sua voca\u00e7\u00e3o exclusivamente educacional e social. O ministro jamais auferiu lucro do instituto.<\/em><\/p>\n<p class=\"wp-block-paragraph\"><em>A decis\u00e3o foi tomada em 2 de setembro de 2026, quando o ministro, em conversa com o presidente do Instituto, Victor Godoy, orientou que se tomassem as provid\u00eancias necess\u00e1rias nos termos aqui descritos.<\/em><\/p>\n<p class=\"wp-block-paragraph\"><em>Nessas condi\u00e7\u00f5es, o ministro permanecer\u00e1 prestando servi\u00e7os exclusivamente acad\u00eamicos, na qualidade de professor\u201d.<\/em><\/p>\n<\/div>\n<p><script>!function(f,b,e,v,n,t,s){if(f.fbq)return;n=f.fbq=function(){n.callMethod?n.callMethod.apply(n,arguments):n.queue.push(arguments)};if(!f._fbq)f._fbq=n;n.push=n;n.loaded=!0;n.version='2.0';n.queue=[];t=b.createElement(e);t.async=!0;t.src=v;s=b.getElementsByTagName(e)[0];s.parentNode.insertBefore(t,s)}(window,document,'script','https:\/\/connect.facebook.net\/en_US\/fbevents.js');fbq('init','1423865622537930');fbq('track','PageView');<\/script><br \/>\n<br \/><br \/>\n<br \/><a href=\"https:\/\/claudiodantas.com.br\/mendonca-sociedade-instituto-privado\/\">Source link <\/a><\/p>","protected":false},"excerpt":{"rendered":"<p>O ministro do Supremo Tribunal Federal (STF)\u00a0Andr\u00e9 Mendon\u00e7a\u00a0informou nesta manh\u00e3 (03) que decidiu deixar a sociedade do Instituto Iter. Em nota, afirmou que ceder\u00e1 a totalidade de suas cotas e&hellip;<\/p>","protected":false},"author":1,"featured_media":141951,"comment_status":"closed","ping_status":"open","sticky":false,"template":"","format":"standard","meta":{"content-type":"","footnotes":""},"categories":[16],"tags":[],"class_list":["post-141950","post","type-post","status-publish","format-standard","has-post-thumbnail","hentry","category-noticias"],"_links":{"self":[{"href":"https:\/\/tvbrazilusa.com\/pt\/wp-json\/wp\/v2\/posts\/141950","targetHints":{"allow":["GET"]}}],"collection":[{"href":"https:\/\/tvbrazilusa.com\/pt\/wp-json\/wp\/v2\/posts"}],"about":[{"href":"https:\/\/tvbrazilusa.com\/pt\/wp-json\/wp\/v2\/types\/post"}],"author":[{"embeddable":true,"href":"https:\/\/tvbrazilusa.com\/pt\/wp-json\/wp\/v2\/users\/1"}],"replies":[{"embeddable":true,"href":"https:\/\/tvbrazilusa.com\/pt\/wp-json\/wp\/v2\/comments?post=141950"}],"version-history":[{"count":1,"href":"https:\/\/tvbrazilusa.com\/pt\/wp-json\/wp\/v2\/posts\/141950\/revisions"}],"predecessor-version":[{"id":141952,"href":"https:\/\/tvbrazilusa.com\/pt\/wp-json\/wp\/v2\/posts\/141950\/revisions\/141952"}],"wp:featuredmedia":[{"embeddable":true,"href":"https:\/\/tvbrazilusa.com\/pt\/wp-json\/wp\/v2\/media\/141951"}],"wp:attachment":[{"href":"https:\/\/tvbrazilusa.com\/pt\/wp-json\/wp\/v2\/media?parent=141950"}],"wp:term":[{"taxonomy":"category","embeddable":true,"href":"https:\/\/tvbrazilusa.com\/pt\/wp-json\/wp\/v2\/categories?post=141950"},{"taxonomy":"post_tag","embeddable":true,"href":"https:\/\/tvbrazilusa.com\/pt\/wp-json\/wp\/v2\/tags?post=141950"}],"curies":[{"name":"wp","href":"https:\/\/api.w.org\/{rel}","templated":true}]}}