{"id":141953,"date":"2026-09-03T14:10:00","date_gmt":"2026-09-03T14:10:00","guid":{"rendered":"https:\/\/tvbrazilusa.com\/2026\/09\/03\/novo-pede-a-mendonca-prisao-de-andrei-rodrigues\/"},"modified":"2026-09-03T14:18:02","modified_gmt":"2026-09-03T14:18:02","slug":"novo-pede-a-mendonca-prisao-de-andrei-rodrigues","status":"publish","type":"post","link":"https:\/\/tvbrazilusa.com\/pt\/2026\/09\/03\/novo-pede-a-mendonca-prisao-de-andrei-rodrigues\/","title":{"rendered":"Novo pede a Mendon\u00e7a pris\u00e3o de Andrei Rodrigues"},"content":{"rendered":"<script async src=\"https:\/\/pagead2.googlesyndication.com\/pagead\/js\/adsbygoogle.js?client=ca-pub-8864793242727901\"\r\n     crossorigin=\"anonymous\"><\/script>\n<div id=\"cd-article-content\" itemprop=\"articleBody\">\n<p class=\"wp-block-paragraph\">O partido <strong><a href=\"https:\/\/claudiodantas.com.br\/tag\/novo\/\" data-type=\"post_tag\" data-id=\"82\">Novo<\/a><\/strong> pediu nesta manh\u00e3 (03) ao ministro do Supremo Tribunal Federal (STF) <strong><a href=\"https:\/\/claudiodantas.com.br\/tag\/andre-mendonca\/\" data-type=\"post_tag\" data-id=\"4316\">Andr\u00e9 Mendon\u00e7a<\/a><\/strong> a <strong><a href=\"https:\/\/claudiodantas.com.br\/tag\/preventiva\/\" data-type=\"post_tag\" data-id=\"13384\">pris\u00e3o preventiva<\/a><\/strong> do diretor-geral da Pol\u00edcia Federal (PF), <strong><a href=\"https:\/\/claudiodantas.com.br\/tag\/andrei-rodrigues\/\" data-type=\"post_tag\" data-id=\"829\">Andrei Rodrigues<\/a><\/strong>. O pedido tem como base um \u2018depoimento urgente\u2019 do banqueiro <strong><a href=\"https:\/\/pt.wikipedia.org\/wiki\/Daniel_Vorcaro\" target=\"_blank\" rel=\"noopener\">Daniel Vorcaro<\/a><\/strong>, realizado na semana passada, no qual ele relatou ter sofrido amea\u00e7as de policiais federais.<\/p>\n<p><a href=\"https:\/\/whatsapp.com\/channel\/0029VaTFkH2HVvTbkE883x1x\" target=\"_blank\" class=\"whatsapp-channel-message\" rel=\"noopener\">\u2705 Siga o canal do Claudio Dantas no WhatsApp<\/a><\/p>\n<p class=\"wp-block-paragraph\">Ontem (02), a legenda havia solicitado o afastamento de Rodrigues do cargo, ap\u00f3s ele ser citado em mensagens do dono do Master expostas nesta semana. As duas medidas ainda ser\u00e3o analisadas por Mendon\u00e7a.<\/p>\n<p class=\"wp-block-paragraph\">Vorcaro afirmou ainda, em depoimento ao gabinete do ministro, que Rodrigues teria atuado para impedir um acordo de dela\u00e7\u00e3o premiada. O banqueiro disse que o diretor-geral teria interesse em barrar a negocia\u00e7\u00e3o por j\u00e1 ter mantido rela\u00e7\u00f5es com ele. Disse tamb\u00e9m que sua inten\u00e7\u00e3o de delatar o governo Lula tamb\u00e9m teria atrapalhado o andamento do acordo.<\/p>\n<p class=\"wp-block-paragraph\">O Novo aponta poss\u00edveis ind\u00edcios dos crimes de impedimento ou embara\u00e7o de investiga\u00e7\u00e3o criminal que envolva organiza\u00e7\u00e3o criminosa, corrup\u00e7\u00e3o passiva e advocacia administrativa.<\/p>\n<p class=\"wp-block-paragraph\">Vorcaro declarou que possui informa\u00e7\u00f5es que poderiam contribuir com as investiga\u00e7\u00f5es, mas estaria sendo impedido de apresent\u00e1-las. \u201cTenho muito a contribuir relatando os fatos e a verdade, mas ningu\u00e9m quer me ouvir. Uma loucura\u201d, disse o banqueiro.<\/p>\n<p class=\"wp-block-paragraph\">Durante o per\u00edodo em que permaneceu sob cust\u00f3dia da Pol\u00edcia Federal, Vorcaro tamb\u00e9m relatou ter sido alvo de intimida\u00e7\u00f5es, amea\u00e7as e tortura psicol\u00f3gica.<\/p>\n<\/div>\n<p><script>!function(f,b,e,v,n,t,s){if(f.fbq)return;n=f.fbq=function(){n.callMethod?n.callMethod.apply(n,arguments):n.queue.push(arguments)};if(!f._fbq)f._fbq=n;n.push=n;n.loaded=!0;n.version='2.0';n.queue=[];t=b.createElement(e);t.async=!0;t.src=v;s=b.getElementsByTagName(e)[0];s.parentNode.insertBefore(t,s)}(window,document,'script','https:\/\/connect.facebook.net\/en_US\/fbevents.js');fbq('init','1423865622537930');fbq('track','PageView');<\/script><br \/>\n<br \/><br \/>\n<br \/><a href=\"https:\/\/claudiodantas.com.br\/novo-pede-mendonca-prisao-andrei-rodrigues\/\">Source link <\/a><\/p>","protected":false},"excerpt":{"rendered":"<p>O partido Novo pediu nesta manh\u00e3 (03) ao ministro do Supremo Tribunal Federal (STF) Andr\u00e9 Mendon\u00e7a a pris\u00e3o preventiva do diretor-geral da Pol\u00edcia Federal (PF), Andrei Rodrigues. O pedido tem&hellip;<\/p>","protected":false},"author":1,"featured_media":141954,"comment_status":"closed","ping_status":"open","sticky":false,"template":"","format":"standard","meta":{"content-type":"","footnotes":""},"categories":[16],"tags":[],"class_list":["post-141953","post","type-post","status-publish","format-standard","has-post-thumbnail","hentry","category-noticias"],"_links":{"self":[{"href":"https:\/\/tvbrazilusa.com\/pt\/wp-json\/wp\/v2\/posts\/141953","targetHints":{"allow":["GET"]}}],"collection":[{"href":"https:\/\/tvbrazilusa.com\/pt\/wp-json\/wp\/v2\/posts"}],"about":[{"href":"https:\/\/tvbrazilusa.com\/pt\/wp-json\/wp\/v2\/types\/post"}],"author":[{"embeddable":true,"href":"https:\/\/tvbrazilusa.com\/pt\/wp-json\/wp\/v2\/users\/1"}],"replies":[{"embeddable":true,"href":"https:\/\/tvbrazilusa.com\/pt\/wp-json\/wp\/v2\/comments?post=141953"}],"version-history":[{"count":1,"href":"https:\/\/tvbrazilusa.com\/pt\/wp-json\/wp\/v2\/posts\/141953\/revisions"}],"predecessor-version":[{"id":141955,"href":"https:\/\/tvbrazilusa.com\/pt\/wp-json\/wp\/v2\/posts\/141953\/revisions\/141955"}],"wp:featuredmedia":[{"embeddable":true,"href":"https:\/\/tvbrazilusa.com\/pt\/wp-json\/wp\/v2\/media\/141954"}],"wp:attachment":[{"href":"https:\/\/tvbrazilusa.com\/pt\/wp-json\/wp\/v2\/media?parent=141953"}],"wp:term":[{"taxonomy":"category","embeddable":true,"href":"https:\/\/tvbrazilusa.com\/pt\/wp-json\/wp\/v2\/categories?post=141953"},{"taxonomy":"post_tag","embeddable":true,"href":"https:\/\/tvbrazilusa.com\/pt\/wp-json\/wp\/v2\/tags?post=141953"}],"curies":[{"name":"wp","href":"https:\/\/api.w.org\/{rel}","templated":true}]}}