{"id":141956,"date":"2026-09-03T14:40:00","date_gmt":"2026-09-03T14:40:00","guid":{"rendered":"https:\/\/tvbrazilusa.com\/2026\/09\/03\/nikolas-sobre-conversa-com-vorcaro-nada-criminoso\/"},"modified":"2026-09-03T14:42:28","modified_gmt":"2026-09-03T14:42:28","slug":"nikolas-sobre-conversa-com-vorcaro-nada-criminoso","status":"publish","type":"post","link":"https:\/\/tvbrazilusa.com\/pt\/2026\/09\/03\/nikolas-sobre-conversa-com-vorcaro-nada-criminoso\/","title":{"rendered":"Nikolas sobre conversa com Vorcaro: &#8216;Nada criminoso&#8217;"},"content":{"rendered":"<script async src=\"https:\/\/pagead2.googlesyndication.com\/pagead\/js\/adsbygoogle.js?client=ca-pub-8864793242727901\"\r\n     crossorigin=\"anonymous\"><\/script>\n<div id=\"cd-article-content\" itemprop=\"articleBody\">\n<p class=\"wp-block-paragraph\">O deputado federal <strong><a href=\"https:\/\/x.com\/nikolas_dm?lang=pt\">Nikolas Ferreira (PL-MG)<\/a> <\/strong>confirmou nesta manh\u00e3 (03) ter tido conversas com <strong><a href=\"https:\/\/claudiodantas.com.br\/tag\/daniel-vorcaro\/\" data-type=\"post_tag\" data-id=\"10691\">Daniel Vorcaro<\/a><\/strong>, dono do <strong><a href=\"https:\/\/claudiodantas.com.br\/tag\/master\/\" data-type=\"post_tag\" data-id=\"13531\">Banco Master<\/a><\/strong>. O parlamentar, no entanto, negou ter rela\u00e7\u00f5es com o empres\u00e1rio e disse que n\u00e3o recebeu nenhum valor do banqueiro investigado.<\/p>\n<p><a href=\"https:\/\/whatsapp.com\/channel\/0029VaTFkH2HVvTbkE883x1x\" target=\"_blank\" class=\"whatsapp-channel-message\" rel=\"noopener\">\u2705 Siga o canal do Claudio Dantas no WhatsApp<\/a><\/p>\n<p class=\"wp-block-paragraph\">Em entrevista \u00e0 CNN Brasil, Nikolas disse que \u201cpode sair o que for [das conversas], mas nada criminoso, nada imoral\u201d: \u201c\u201cFalei com ele [Vorcaro] algumas vezes, mas tenho zero rela\u00e7\u00e3o. Nunca vi ele pessoalmente, n\u00e3o tenho rela\u00e7\u00e3o. N\u00e3o vai sair absolutamente nada mais que importa\u201d.<\/p>\n<p class=\"wp-block-paragraph\">\u201cN\u00e3o tem mensagem para fumar charuto, nem beber wishky. Nunca recebi nenhum tost\u00e3o de Vorcaro\u201d, completou o deputado federal. No Instagram, Nikolas afirmou h\u00e1 pouco que soltar\u00e1 um v\u00eddeo ao meio-dia, no qual deve abordar o assunto.<\/p>\n<p class=\"wp-block-paragraph\">Mais cedo, o portal de esquerda ICL publicou um \u00e1udio no qual o parlamentar pediu ajuda ao banqueiro para a libera\u00e7\u00e3o de um ativo miner\u00e1rio para seu advogado e ex-assessor de seu gabinete, Thiago Rodrigues de Faria, e afirmou querer \u201cter mais proximidade\u201d com ele.<\/p>\n<p class=\"wp-block-paragraph\">\u201cEi Dani, tudo bom? Como voc\u00ea est\u00e1? Como est\u00e3o as coisas a\u00ed? Desculpa te incomodar num domingo a\u00ed, \u00e9 jogo r\u00e1pido, tamb\u00e9m n\u00e3o quero tomar muito seu tempo. \u00c9 o seguinte, meu amigo, meu advogado, enfim, irm\u00e3o meu aqui, comentou comigo e falou daqui do seu nome. Eu falei: \u2018n\u00e3o conhe\u00e7o o Dani, enfim, n\u00e3o tenho a proximidade assim, at\u00e9 mesmo a que eu queria ter, enfim, de conversar e trocar ideia, mas eu o conhe\u00e7o.\u2019 Ele falou: \u2018cara, t\u00f4 com um ativo miner\u00e1rio l\u00e1, inclusive j\u00e1 passou pela ficha t\u00e9cnica, o pessoal t\u00e9cnico dele, enfim, t\u00e1 pendente l\u00e1, tem algumas pessoas que sabem disso l\u00e1 na empresa.\u2019 E eu falei: \u2018n\u00e3o, u\u00e9, eu posso dar um toque nele\u2019\u201d, diz Nikolas no \u00e1udio.<\/p>\n<p class=\"wp-block-paragraph\">\u201cEnt\u00e3o, assim, n\u00e3o sei nem do que se trata, mas, enfim, como \u00e9 uma pessoa, enfim, que eu confio totalmente, t\u00f4 passando a\u00ed pra voc\u00ea, pra se for do teu interesse, passar o contato dele aqui pra voc\u00eas tocarem isso, beleza? No mais, qualquer coisa t\u00f4 aqui \u00e0 disposi\u00e7\u00e3o\u201d, acrescentou o deputado.<\/p>\n<p class=\"wp-block-paragraph\">Vorcaro respondeu minutos ap\u00f3s o envio da mensagem, com um \u00e1udio de visualiza\u00e7\u00e3o \u00fanica. Nikolas agradeceu e enviou o contato de Thiago, com a mensagem: \u201cDeus te aben\u00e7oe e vamos estar juntos\u201d. Vorcaro responde: \u201cAm\u00e9m, irm\u00e3o\u201d. Em outra mensagem, o banqueiro escreveu: \u201cEstamos na guerra juntos\u201d.<\/p>\n<p class=\"wp-block-paragraph\">Ao site, Thiago disse que \u201cVorcaro \u00e9 de Belo Horizonte e eu sou de Belo Horizonte e a gente conhece todo mundo\u201d: \u201cUma vez eu, enfim, tinha um ativo min\u00e9rio porque eu trabalho nessa \u00e1rea de minera\u00e7\u00e3o e mandei um ativo miner\u00e1rio pra todo mundo de um contrato que todo mundo sabe que j\u00e1 saiu de uma pessoa que teve um problema e ao qual eu nunca fui chamado para depor na PF porque eu n\u00e3o tenho nada a ver com isso\u201d.<\/p>\n<p class=\"wp-block-paragraph\">Ainda de acordo com o ICL, em outro \u00e1udio, Nikolas pediu desculpas a Vorcaro por publica\u00e7\u00f5es que havia feito com cr\u00edticas ao 1\u00ba F\u00f3rum Jur\u00eddico Brasil de Ideias, financiado pelo Master em Londres, que contou com a presen\u00e7a de ministros do Superior Tribunal de Justi\u00e7a (STJ), Supremo Tribunal Federal (STF) e Tribunal Superior Eleitoral (TSE).<\/p>\n<p class=\"wp-block-paragraph\">\u201cTroquei ideia l\u00e1 com o pastor Andr\u00e9 Valad\u00e3o naquela \u00e9poca, l\u00e1 naquela postagem, eu falei: \u2018pastor, eu n\u00e3o fazia ideia que era este o banco do Dani etc. e tudo, se n\u00e3o, obviamente eu n\u00e3o teria postado, j\u00e1 teria conversado anteriormente\u2019, mas enfim, acabou que a palavra dita n\u00e3o tem como voltar, n\u00e9? Mas espero que tenha sido esclarecido, enfim, depois vamos marcar da gente se encontrar tamb\u00e9m, t\u00e1 bem? Um abra\u00e7o, lind\u00e3o\u201d, diz o deputado no \u00e1udio.<\/p>\n<p class=\"wp-block-paragraph\">O ICL Not\u00edcias tamb\u00e9m divulgou uma conversa entre Vorcaro e o empres\u00e1rio Fl\u00e1vio Carneiro, na qual o banqueiro afirma que bancou \u201ctodos os voos\u201d utilizados por Nikolas.<\/p>\n<\/div>\n<p><script>!function(f,b,e,v,n,t,s){if(f.fbq)return;n=f.fbq=function(){n.callMethod?n.callMethod.apply(n,arguments):n.queue.push(arguments)};if(!f._fbq)f._fbq=n;n.push=n;n.loaded=!0;n.version='2.0';n.queue=[];t=b.createElement(e);t.async=!0;t.src=v;s=b.getElementsByTagName(e)[0];s.parentNode.insertBefore(t,s)}(window,document,'script','https:\/\/connect.facebook.net\/en_US\/fbevents.js');fbq('init','1423865622537930');fbq('track','PageView');<\/script><br \/>\n<br \/><br \/>\n<br \/><a href=\"https:\/\/claudiodantas.com.br\/nikolas-conversa-vorcaro-nada-criminoso\/\">Source link <\/a><\/p>","protected":false},"excerpt":{"rendered":"<p>O deputado federal Nikolas Ferreira (PL-MG) confirmou nesta manh\u00e3 (03) ter tido conversas com Daniel Vorcaro, dono do Banco Master. O parlamentar, no entanto, negou ter rela\u00e7\u00f5es com o empres\u00e1rio&hellip;<\/p>","protected":false},"author":1,"featured_media":141957,"comment_status":"closed","ping_status":"open","sticky":false,"template":"","format":"standard","meta":{"content-type":"","footnotes":""},"categories":[16],"tags":[],"class_list":["post-141956","post","type-post","status-publish","format-standard","has-post-thumbnail","hentry","category-noticias"],"_links":{"self":[{"href":"https:\/\/tvbrazilusa.com\/pt\/wp-json\/wp\/v2\/posts\/141956","targetHints":{"allow":["GET"]}}],"collection":[{"href":"https:\/\/tvbrazilusa.com\/pt\/wp-json\/wp\/v2\/posts"}],"about":[{"href":"https:\/\/tvbrazilusa.com\/pt\/wp-json\/wp\/v2\/types\/post"}],"author":[{"embeddable":true,"href":"https:\/\/tvbrazilusa.com\/pt\/wp-json\/wp\/v2\/users\/1"}],"replies":[{"embeddable":true,"href":"https:\/\/tvbrazilusa.com\/pt\/wp-json\/wp\/v2\/comments?post=141956"}],"version-history":[{"count":1,"href":"https:\/\/tvbrazilusa.com\/pt\/wp-json\/wp\/v2\/posts\/141956\/revisions"}],"predecessor-version":[{"id":141958,"href":"https:\/\/tvbrazilusa.com\/pt\/wp-json\/wp\/v2\/posts\/141956\/revisions\/141958"}],"wp:featuredmedia":[{"embeddable":true,"href":"https:\/\/tvbrazilusa.com\/pt\/wp-json\/wp\/v2\/media\/141957"}],"wp:attachment":[{"href":"https:\/\/tvbrazilusa.com\/pt\/wp-json\/wp\/v2\/media?parent=141956"}],"wp:term":[{"taxonomy":"category","embeddable":true,"href":"https:\/\/tvbrazilusa.com\/pt\/wp-json\/wp\/v2\/categories?post=141956"},{"taxonomy":"post_tag","embeddable":true,"href":"https:\/\/tvbrazilusa.com\/pt\/wp-json\/wp\/v2\/tags?post=141956"}],"curies":[{"name":"wp","href":"https:\/\/api.w.org\/{rel}","templated":true}]}}