{"id":141959,"date":"2026-09-03T15:01:10","date_gmt":"2026-09-03T15:01:10","guid":{"rendered":"https:\/\/tvbrazilusa.com\/2026\/09\/03\/ze-trovao-pede-ao-stf-nulidade-de-processos-de-moraes\/"},"modified":"2026-09-03T15:04:20","modified_gmt":"2026-09-03T15:04:20","slug":"ze-trovao-pede-ao-stf-nulidade-de-processos-de-moraes","status":"publish","type":"post","link":"https:\/\/tvbrazilusa.com\/pt\/2026\/09\/03\/ze-trovao-pede-ao-stf-nulidade-de-processos-de-moraes\/","title":{"rendered":"Z\u00e9 Trov\u00e3o pede ao STF nulidade de processos de Moraes"},"content":{"rendered":"<script async src=\"https:\/\/pagead2.googlesyndication.com\/pagead\/js\/adsbygoogle.js?client=ca-pub-8864793242727901\"\r\n     crossorigin=\"anonymous\"><\/script>\n<div id=\"cd-article-content\" itemprop=\"articleBody\">\n<p class=\"wp-block-paragraph\"><a href=\"https:\/\/claudiodantas.com.br\/tag\/ze-trovao-2\/\" data-type=\"post_tag\" data-id=\"14548\">O deputado federal Z\u00e9 Trov\u00e3o (PL-SC)<\/a> protocolou nesta quinta-feira (3), no <a href=\"https:\/\/portal.stf.jus.br\/\" target=\"_blank\" rel=\"noopener\">Supremo Tribunal Federal (STF)<\/a>, uma representa\u00e7\u00e3o para pedir a apura\u00e7\u00e3o de fatos envolvendo o ministro Alexandre de Moraes e o empres\u00e1rio Daniel Vorcaro, controlador do Banco Master.<\/p>\n<p><a href=\"https:\/\/whatsapp.com\/channel\/0029VaTFkH2HVvTbkE883x1x\" target=\"_blank\" class=\"whatsapp-channel-message\" rel=\"noopener\">\u2705 Siga o canal do Claudio Dantas no WhatsApp<\/a><\/p>\n<p class=\"wp-block-paragraph\">A peti\u00e7\u00e3o foi encaminhada ao presidente do STF, ministro Edson Fachin, e pede que os fatos recentemente divulgados sejam analisados para verificar eventual impedimento, suspei\u00e7\u00e3o ou outro v\u00edcio capaz de afetar a atua\u00e7\u00e3o jurisdicional de Moraes.<\/p>\n<p class=\"wp-block-paragraph\">Segundo Trov\u00e3o, os contatos entre Moraes e Vorcaro, revelados a partir de materiais extra\u00eddos do celular do empres\u00e1rio, levantam questionamentos sobre a imparcialidade do ministro.<\/p>\n<p class=\"wp-block-paragraph\">\u201cA gente quer saber se houve ou n\u00e3o houve imparcialidade\u201d, afirmou o deputado.<\/p>\n<p class=\"wp-block-paragraph\">A representa\u00e7\u00e3o menciona mensagens, \u00e1udios, registros digitais, documentos e outros elementos relacionados ao caso Banco Master. O texto pede a preserva\u00e7\u00e3o desses materiais e, se necess\u00e1rio, a realiza\u00e7\u00e3o de per\u00edcias para verificar autenticidade, autoria, integridade e cadeia de cust\u00f3dia.<\/p>\n<p class=\"wp-block-paragraph\">Na entrevista ap\u00f3s o protocolo, Trov\u00e3o defendeu que uma eventual comprova\u00e7\u00e3o de comprometimento da imparcialidade de Moraes poderia levar \u00e0 revis\u00e3o dos processos sob sua atua\u00e7\u00e3o.<\/p>\n<p class=\"wp-block-paragraph\">\u201cSe n\u00e3o h\u00e1 imparcialidade da parte do ministro, que haja anula\u00e7\u00e3o de todos os processos remetidos a ele at\u00e9 esse momento\u201d, declarou.<\/p>\n<p class=\"wp-block-paragraph\"><strong>8 de Janeiro<\/strong><\/p>\n<p class=\"wp-block-paragraph\">O deputado citou os processos relacionados aos atos de 8 de janeiro de 2023 como exemplo da repercuss\u00e3o que pretende questionar. A representa\u00e7\u00e3o tamb\u00e9m menciona Jair Bolsonaro e pede que sejam avaliadas eventuais consequ\u00eancias sobre processos e decis\u00f5es que tenham sido afetados por um poss\u00edvel v\u00edcio.<\/p>\n<p class=\"wp-block-paragraph\">Apesar das declara\u00e7\u00f5es de Trov\u00e3o, a pr\u00f3pria peti\u00e7\u00e3o ressalta que n\u00e3o pede uma nulidade autom\u00e1tica. O documento afirma que eventual repercuss\u00e3o dever\u00e1 ser analisada individualmente, considerando a natureza do poss\u00edvel v\u00edcio, o per\u00edodo em que teria ocorrido e quais atos poderiam ter sido efetivamente atingidos.<\/p>\n<p class=\"wp-block-paragraph\">A representa\u00e7\u00e3o tamb\u00e9m pede um levantamento das decis\u00f5es proferidas por Moraes para identificar o universo de processos que eventualmente poderia ser submetido a reexame.<\/p>\n<p class=\"wp-block-paragraph\">O texto cita dados p\u00fablicos segundo os quais o ministro proferiu 7.680 decis\u00f5es monocr\u00e1ticas ou colegiadas em 2023. A peti\u00e7\u00e3o ressalva que o volume de decis\u00f5es, por si s\u00f3, n\u00e3o caracteriza irregularidade.<\/p>\n<p class=\"wp-block-paragraph\"><strong>\u201cInd\u00edcios de corrup\u00e7\u00e3o\u201d<\/strong><\/p>\n<p class=\"wp-block-paragraph\">Durante a entrevista, Trov\u00e3o afirmou que n\u00e3o estava acusando Moraes diretamente de ser \u201cladr\u00e3o\u201d, mas disse considerar que existem elementos que, na avalia\u00e7\u00e3o dele, justificam a apura\u00e7\u00e3o.<\/p>\n<p class=\"wp-block-paragraph\">\u201cEu estou dizendo que Alexandre de Moraes tem ind\u00edcios de corrup\u00e7\u00e3o junto ao Banco Master\u201d, afirmou.<\/p>\n<p class=\"wp-block-paragraph\">A representa\u00e7\u00e3o, contudo, adota tom mais cauteloso e diz expressamente que n\u00e3o pretende antecipar ju\u00edzo de culpa ou afirmar a ocorr\u00eancia de crime.<\/p>\n<p class=\"wp-block-paragraph\">O deputado quer que os fatos sejam encaminhados ao \u00f3rg\u00e3o competente e que, caso seja identificado algum v\u00edcio juridicamente relevante, sejam adotadas as medidas previstas na legisla\u00e7\u00e3o.<\/p>\n<\/div>\n<p><script>!function(f,b,e,v,n,t,s){if(f.fbq)return;n=f.fbq=function(){n.callMethod?n.callMethod.apply(n,arguments):n.queue.push(arguments)};if(!f._fbq)f._fbq=n;n.push=n;n.loaded=!0;n.version='2.0';n.queue=[];t=b.createElement(e);t.async=!0;t.src=v;s=b.getElementsByTagName(e)[0];s.parentNode.insertBefore(t,s)}(window,document,'script','https:\/\/connect.facebook.net\/en_US\/fbevents.js');fbq('init','1423865622537930');fbq('track','PageView');<\/script><br \/>\n<br \/><br \/>\n<br \/><a href=\"https:\/\/claudiodantas.com.br\/ze-trovao-pede-stf-nulidade-processos-moraes\/\">Source link <\/a><\/p>","protected":false},"excerpt":{"rendered":"<p>O deputado federal Z\u00e9 Trov\u00e3o (PL-SC) protocolou nesta quinta-feira (3), no Supremo Tribunal Federal (STF), uma representa\u00e7\u00e3o para pedir a apura\u00e7\u00e3o de fatos envolvendo o ministro Alexandre de Moraes e&hellip;<\/p>","protected":false},"author":1,"featured_media":141960,"comment_status":"closed","ping_status":"open","sticky":false,"template":"","format":"standard","meta":{"content-type":"","footnotes":""},"categories":[16],"tags":[],"class_list":["post-141959","post","type-post","status-publish","format-standard","has-post-thumbnail","hentry","category-noticias"],"_links":{"self":[{"href":"https:\/\/tvbrazilusa.com\/pt\/wp-json\/wp\/v2\/posts\/141959","targetHints":{"allow":["GET"]}}],"collection":[{"href":"https:\/\/tvbrazilusa.com\/pt\/wp-json\/wp\/v2\/posts"}],"about":[{"href":"https:\/\/tvbrazilusa.com\/pt\/wp-json\/wp\/v2\/types\/post"}],"author":[{"embeddable":true,"href":"https:\/\/tvbrazilusa.com\/pt\/wp-json\/wp\/v2\/users\/1"}],"replies":[{"embeddable":true,"href":"https:\/\/tvbrazilusa.com\/pt\/wp-json\/wp\/v2\/comments?post=141959"}],"version-history":[{"count":1,"href":"https:\/\/tvbrazilusa.com\/pt\/wp-json\/wp\/v2\/posts\/141959\/revisions"}],"predecessor-version":[{"id":141961,"href":"https:\/\/tvbrazilusa.com\/pt\/wp-json\/wp\/v2\/posts\/141959\/revisions\/141961"}],"wp:featuredmedia":[{"embeddable":true,"href":"https:\/\/tvbrazilusa.com\/pt\/wp-json\/wp\/v2\/media\/141960"}],"wp:attachment":[{"href":"https:\/\/tvbrazilusa.com\/pt\/wp-json\/wp\/v2\/media?parent=141959"}],"wp:term":[{"taxonomy":"category","embeddable":true,"href":"https:\/\/tvbrazilusa.com\/pt\/wp-json\/wp\/v2\/categories?post=141959"},{"taxonomy":"post_tag","embeddable":true,"href":"https:\/\/tvbrazilusa.com\/pt\/wp-json\/wp\/v2\/tags?post=141959"}],"curies":[{"name":"wp","href":"https:\/\/api.w.org\/{rel}","templated":true}]}}