{"id":142026,"date":"2026-09-03T19:37:15","date_gmt":"2026-09-03T19:37:15","guid":{"rendered":"https:\/\/tvbrazilusa.com\/2026\/09\/03\/vorcaro-diz-a-pf-que-bc-incentivou-fusao-entre-master-e-brb\/"},"modified":"2026-09-03T19:41:07","modified_gmt":"2026-09-03T19:41:07","slug":"vorcaro-diz-a-pf-que-bc-incentivou-fusao-entre-master-e-brb","status":"publish","type":"post","link":"https:\/\/tvbrazilusa.com\/pt\/2026\/09\/03\/vorcaro-diz-a-pf-que-bc-incentivou-fusao-entre-master-e-brb\/","title":{"rendered":"Vorcaro diz \u00e0 PF que BC incentivou fus\u00e3o entre Master e BRB"},"content":{"rendered":"<script async src=\"https:\/\/pagead2.googlesyndication.com\/pagead\/js\/adsbygoogle.js?client=ca-pub-8864793242727901\"\r\n     crossorigin=\"anonymous\"><\/script>\n<div id=\"cd-article-content\" itemprop=\"articleBody\">\n<p class=\"wp-block-paragraph\">O ex-controlador do Banco <a href=\"https:\/\/claudiodantas.com.br\/tag\/master\/\" data-type=\"post_tag\" data-id=\"13531\">Master<\/a>, Daniel Vorcaro, afirmou em depoimento \u00e0 Pol\u00edcia Federal, em 28 de agosto, que <strong>\u201co <a href=\"https:\/\/www.bcb.gov.br\/\" target=\"_blank\" rel=\"noopener\">Banco Central<\/a> como um todo\u201d<\/strong> mantinha uma <strong>\u201cpostura de concord\u00e2ncia e incentivo \u00e0 conclus\u00e3o da fus\u00e3o\u201d<\/strong> entre o Master e o BRB, banco p\u00fablico de Bras\u00edlia. Segundo Vorcaro, o presidente do Banco Central, Gabriel Gal\u00edpolo, tamb\u00e9m apoiava a opera\u00e7\u00e3o. O depoimento foi obtido pelo <em>Metr\u00f3poles<\/em>.<\/p>\n<p><a href=\"https:\/\/whatsapp.com\/channel\/0029VaTFkH2HVvTbkE883x1x\" target=\"_blank\" class=\"whatsapp-channel-message\" rel=\"noopener\">\u2705 Siga o canal do Claudio Dantas no WhatsApp<\/a><\/p>\n<p class=\"wp-block-paragraph\">Questionado sobre a posi\u00e7\u00e3o do servidor Paulo S\u00e9rgio Neves de Souza, Vorcaro afirmou que a c\u00fapula do BC era favor\u00e1vel \u00e0 opera\u00e7\u00e3o no fim de 2025.<\/p>\n<p class=\"wp-block-paragraph\"><strong>\u201cEu sei qual era a postura do Banco Central como um todo. N\u00e3o somente do Paulo S\u00e9rgio, como do diretor Ailton, como do pr\u00f3prio presidente <a href=\"https:\/\/claudiodantas.com.br\/tag\/galipolo\/\" data-type=\"post_tag\" data-id=\"1335\">Gal\u00edpolo<\/a>. A todo momento, era uma postura de concord\u00e2ncia e incentivo \u00e0 conclus\u00e3o da fus\u00e3o\u201d<\/strong>, disse ao delegado Albert Paulo S\u00e9rvio de Moura.<\/p>\n<p class=\"wp-block-paragraph\">Na sequ\u00eancia, completou: <strong>\u201cE, depois que a gente faz o pedido e o pleito ali, todas as reuni\u00f5es de que a gente participou sempre eram no sentido de organizar, de solucionar alguns pontos do pleito para que pudesse ser aprovado [a fus\u00e3o]\u201d<\/strong>.<\/p>\n<p class=\"wp-block-paragraph\">Apesar do relato de Vorcaro, o Banco Central rejeitou a fus\u00e3o entre Master e BRB em 3 de setembro, ap\u00f3s meses de negocia\u00e7\u00f5es.<\/p>\n<p class=\"wp-block-paragraph\">Antes disso, o BRB havia adquirido carteiras de cr\u00e9ditos do Master por cerca de R$ 12 bilh\u00f5es. Os ativos passaram a representar preju\u00edzo para o banco p\u00fablico, que enfrenta dificuldades financeiras.<\/p>\n<h3 class=\"wp-block-heading\">Consultoria para diretor do BC<\/h3>\n<p class=\"wp-block-paragraph\">No mesmo depoimento, Vorcaro falou sobre a rela\u00e7\u00e3o com Paulo S\u00e9rgio Neves de Souza, ex-diretor de Fiscaliza\u00e7\u00e3o do Banco Central. O banqueiro afirmou que ofereceu, como <strong>\u201cagrado\u201d<\/strong>, uma consultoria de servi\u00e7os de luxo para uma viagem do servidor com a fam\u00edlia a Orlando, nos Estados Unidos.<\/p>\n<p class=\"wp-block-paragraph\">O servi\u00e7o teria inclu\u00eddo assist\u00eancia durante a viagem aos parques da Disney e da Universal. Vorcaro afirmou que j\u00e1 utilizava a consultoria e a oferecia a outras pessoas.<\/p>\n<p class=\"wp-block-paragraph\"><strong>\u201cOfereci como um agrado. Era um servi\u00e7o que oferecia para muitas pessoas. Era uma coisa interessante\u201d<\/strong>, declarou.<\/p>\n<p class=\"wp-block-paragraph\">O depoimento durou cerca de quatro horas e ocorreu por videoconfer\u00eancia, diretamente da Papudinha, onde Vorcaro est\u00e1 preso preventivamente no \u00e2mbito da Opera\u00e7\u00e3o Compliance Zero. Ele estava acompanhado dos advogados S\u00e9rgio Leonardo, Daniel Bialski e Thiago Machado.<\/p>\n<p class=\"wp-block-paragraph\">A consultoria foi mencionada tamb\u00e9m pelo empres\u00e1rio L\u00e9o Serrano, da SL Consulting. Em depoimento \u00e0 PF em 24 de agosto, Serrano afirmou que a viagem ocorreu no in\u00edcio de 2024. Naquele per\u00edodo, Paulo S\u00e9rgio j\u00e1 n\u00e3o era diretor de Fiscaliza\u00e7\u00e3o, mas ocupava o cargo de chefe-adjunto do Departamento de Supervis\u00e3o Banc\u00e1ria do BC.<\/p>\n<p class=\"wp-block-paragraph\">Para a PF, o epis\u00f3dio \u00e9 mais um elemento sob an\u00e1lise na investiga\u00e7\u00e3o sobre a rela\u00e7\u00e3o de Vorcaro com integrantes do Banco Central. Segundo documentos do caso, o banqueiro teria mantido um canal de interlocu\u00e7\u00e3o dentro da institui\u00e7\u00e3o.<\/p>\n<p class=\"wp-block-paragraph\">Em decis\u00e3o no caso Master, Andr\u00e9 Mendon\u00e7a citou o epis\u00f3dio como poss\u00edvel ind\u00edcio de favorecimento a Paulo S\u00e9rgio. O ministro escreveu: <strong>\u201cOutro forte ind\u00edcio de que Vorcaro corrompia Paulo S\u00e9rgio pode ser identificado a partir de troca de mensagens realizadas por Vorcaro ao saber, por meio de mensagem de WhatsApp do pr\u00f3prio Paulo S\u00e9rgio, de uma viagem que o referido servidor do Bacen faria aos parques de divers\u00e3o localizados em Orlando (EUA), dentre eles Parques da Disney e da Universal\u201d<\/strong>.<\/p>\n<\/div>\n<p><script>!function(f,b,e,v,n,t,s){if(f.fbq)return;n=f.fbq=function(){n.callMethod?n.callMethod.apply(n,arguments):n.queue.push(arguments)};if(!f._fbq)f._fbq=n;n.push=n;n.loaded=!0;n.version='2.0';n.queue=[];t=b.createElement(e);t.async=!0;t.src=v;s=b.getElementsByTagName(e)[0];s.parentNode.insertBefore(t,s)}(window,document,'script','https:\/\/connect.facebook.net\/en_US\/fbevents.js');fbq('init','1423865622537930');fbq('track','PageView');<\/script><br \/>\n<br \/><br \/>\n<br \/><a href=\"https:\/\/claudiodantas.com.br\/vorcaro-diz-a-pf-que-bc-incentivou-fusao-entre-master-e-brb\/\">Source link <\/a><\/p>","protected":false},"excerpt":{"rendered":"<p>O ex-controlador do Banco Master, Daniel Vorcaro, afirmou em depoimento \u00e0 Pol\u00edcia Federal, em 28 de agosto, que \u201co Banco Central como um todo\u201d mantinha uma \u201cpostura de concord\u00e2ncia e&hellip;<\/p>","protected":false},"author":1,"featured_media":141838,"comment_status":"closed","ping_status":"open","sticky":false,"template":"","format":"standard","meta":{"content-type":"","footnotes":""},"categories":[16],"tags":[],"class_list":["post-142026","post","type-post","status-publish","format-standard","has-post-thumbnail","hentry","category-noticias"],"_links":{"self":[{"href":"https:\/\/tvbrazilusa.com\/pt\/wp-json\/wp\/v2\/posts\/142026","targetHints":{"allow":["GET"]}}],"collection":[{"href":"https:\/\/tvbrazilusa.com\/pt\/wp-json\/wp\/v2\/posts"}],"about":[{"href":"https:\/\/tvbrazilusa.com\/pt\/wp-json\/wp\/v2\/types\/post"}],"author":[{"embeddable":true,"href":"https:\/\/tvbrazilusa.com\/pt\/wp-json\/wp\/v2\/users\/1"}],"replies":[{"embeddable":true,"href":"https:\/\/tvbrazilusa.com\/pt\/wp-json\/wp\/v2\/comments?post=142026"}],"version-history":[{"count":1,"href":"https:\/\/tvbrazilusa.com\/pt\/wp-json\/wp\/v2\/posts\/142026\/revisions"}],"predecessor-version":[{"id":142027,"href":"https:\/\/tvbrazilusa.com\/pt\/wp-json\/wp\/v2\/posts\/142026\/revisions\/142027"}],"wp:featuredmedia":[{"embeddable":true,"href":"https:\/\/tvbrazilusa.com\/pt\/wp-json\/wp\/v2\/media\/141838"}],"wp:attachment":[{"href":"https:\/\/tvbrazilusa.com\/pt\/wp-json\/wp\/v2\/media?parent=142026"}],"wp:term":[{"taxonomy":"category","embeddable":true,"href":"https:\/\/tvbrazilusa.com\/pt\/wp-json\/wp\/v2\/categories?post=142026"},{"taxonomy":"post_tag","embeddable":true,"href":"https:\/\/tvbrazilusa.com\/pt\/wp-json\/wp\/v2\/tags?post=142026"}],"curies":[{"name":"wp","href":"https:\/\/api.w.org\/{rel}","templated":true}]}}