{"id":142042,"date":"2026-09-03T20:56:13","date_gmt":"2026-09-03T20:56:13","guid":{"rendered":"https:\/\/tvbrazilusa.com\/2026\/09\/03\/entidade-de-advogados-cobra-apuracao-sobre-moraes-e-gonet\/"},"modified":"2026-09-03T20:57:28","modified_gmt":"2026-09-03T20:57:28","slug":"entidade-de-advogados-cobra-apuracao-sobre-moraes-e-gonet","status":"publish","type":"post","link":"https:\/\/tvbrazilusa.com\/pt\/2026\/09\/03\/entidade-de-advogados-cobra-apuracao-sobre-moraes-e-gonet\/","title":{"rendered":"Entidade de advogados cobra apura\u00e7\u00e3o sobre Moraes e Gonet"},"content":{"rendered":"<script async src=\"https:\/\/pagead2.googlesyndication.com\/pagead\/js\/adsbygoogle.js?client=ca-pub-8864793242727901\"\r\n     crossorigin=\"anonymous\"><\/script>\n<div id=\"cd-article-content\" itemprop=\"articleBody\">\n<p class=\"wp-block-paragraph\">O Centro de Estudos das Sociedades de Advogados (<a href=\"https:\/\/cesa.org.br\/\" target=\"_blank\" rel=\"noopener\">CESA<\/a>), diante dos fatos recentemente trazidos a p\u00fablico, considera indispens\u00e1vel reafirmar a import\u00e2ncia do <a href=\"https:\/\/claudiodantas.com.br\/tag\/decisao-stf\/\" data-type=\"post_tag\" data-id=\"1627\">Supremo Tribunal Federal <\/a>e da Procuradoria-Geral da Rep\u00fablica, institui\u00e7\u00f5es fundamentais \u00e0 preserva\u00e7\u00e3o da Constitui\u00e7\u00e3o, do Estado Democr\u00e1tico de Direito e do regular funcionamento do sistema de Justi\u00e7a.<\/p>\n<p><a href=\"https:\/\/whatsapp.com\/channel\/0029VaTFkH2HVvTbkE883x1x\" target=\"_blank\" class=\"whatsapp-channel-message\" rel=\"noopener\">\u2705 Siga o canal do Claudio Dantas no WhatsApp<\/a><\/p>\n<p class=\"wp-block-paragraph\">Em carta aberta ao presidente do STF, Edson Fachin, a entidade que re\u00fane escrit\u00f3rios de advocacia defendeu uma <strong>apura\u00e7\u00e3o ampla, independente, c\u00e9lere e transparente<\/strong> dos fatos revelados nos \u00faltimos dias e que envolvem o ministro Alexandre de Moraes e o procurador-geral da Rep\u00fablica, Paulo <a href=\"https:\/\/claudiodantas.com.br\/tag\/gonet\/\" data-type=\"post_tag\" data-id=\"2233\">Gonet<\/a>.<\/p>\n<p class=\"wp-block-paragraph\">A entidade sustenta que a relev\u00e2ncia institucional do Supremo e da PGR torna ainda maior a responsabilidade de seus integrantes. Segundo o documento, a confian\u00e7a nessas institui\u00e7\u00f5es depende da preserva\u00e7\u00e3o inequ\u00edvoca de sua independ\u00eancia, imparcialidade e integridade.<\/p>\n<p class=\"wp-block-paragraph\">O CESA afirma que as informa\u00e7\u00f5es divulgadas exigem esclarecimento completo, sem que a posi\u00e7\u00e3o ocupada pelos envolvidos sirva de obst\u00e1culo \u00e0 apura\u00e7\u00e3o. A entidade defende que todos os fatos relevantes sejam examinados pelos \u00f3rg\u00e3os competentes, com independ\u00eancia e rigor.<\/p>\n<p class=\"wp-block-paragraph\">A carta tamb\u00e9m separa a discuss\u00e3o sobre a validade jur\u00eddica dos elementos obtidos pela investiga\u00e7\u00e3o da necessidade de esclarecer o conte\u00fado das revela\u00e7\u00f5es. Para a entidade, eventuais questionamentos sobre a obten\u00e7\u00e3o ou incorpora\u00e7\u00e3o de provas devem seguir o devido tratamento jur\u00eddico, mas n\u00e3o podem impedir a apura\u00e7\u00e3o dos fatos.<\/p>\n<p class=\"wp-block-paragraph\"><strong>\u201cS\u00e3o planos distintos, e ambos devem ser enfrentados com o rigor exigido pelo Estado de Direito.\u201d<\/strong><\/p>\n<p class=\"wp-block-paragraph\">O documento ressalta que a investiga\u00e7\u00e3o deve alcan\u00e7ar tudo o que for necess\u00e1rio para esclarecer os fatos. Ao mesmo tempo, cobra respeito ao devido processo legal, \u00e0 ampla defesa, ao contradit\u00f3rio e \u00e0 presun\u00e7\u00e3o de inoc\u00eancia.<\/p>\n<p class=\"wp-block-paragraph\">A manifesta\u00e7\u00e3o ocorre em meio \u00e0s revela\u00e7\u00f5es do caso Banco Master, que colocaram Moraes e Gonet no centro de questionamentos sobre rela\u00e7\u00f5es e condutas que passaram a ser analisadas pelas autoridades. A entidade defende que a apura\u00e7\u00e3o n\u00e3o seja limitada por posi\u00e7\u00f5es institucionais.<\/p>\n<p class=\"wp-block-paragraph\">Para o CESA, preservar o STF e a PGR n\u00e3o significa evitar o enfrentamento das suspeitas. Significa permitir que elas sejam examinadas de forma aberta e independente.<\/p>\n<p class=\"wp-block-paragraph\">A entidade afirma:<\/p>\n<p class=\"wp-block-paragraph\"><strong>\u201cA confian\u00e7a nas institui\u00e7\u00f5es n\u00e3o se protege evitando a apura\u00e7\u00e3o. Protege-se assegurando que ela seja feita com independ\u00eancia, transpar\u00eancia e absoluto rigor.\u201d<\/strong><\/p>\n<\/div>\n<p><script>!function(f,b,e,v,n,t,s){if(f.fbq)return;n=f.fbq=function(){n.callMethod?n.callMethod.apply(n,arguments):n.queue.push(arguments)};if(!f._fbq)f._fbq=n;n.push=n;n.loaded=!0;n.version='2.0';n.queue=[];t=b.createElement(e);t.async=!0;t.src=v;s=b.getElementsByTagName(e)[0];s.parentNode.insertBefore(t,s)}(window,document,'script','https:\/\/connect.facebook.net\/en_US\/fbevents.js');fbq('init','1423865622537930');fbq('track','PageView');<\/script><br \/>\n<br \/><br \/>\n<br \/><a href=\"https:\/\/claudiodantas.com.br\/entidade-de-advogados-cobra-apuracao-sobre-moraes-e-gonet\/\">Source link <\/a><\/p>","protected":false},"excerpt":{"rendered":"<p>O Centro de Estudos das Sociedades de Advogados (CESA), diante dos fatos recentemente trazidos a p\u00fablico, considera indispens\u00e1vel reafirmar a import\u00e2ncia do Supremo Tribunal Federal e da Procuradoria-Geral da Rep\u00fablica,&hellip;<\/p>","protected":false},"author":1,"featured_media":142043,"comment_status":"closed","ping_status":"open","sticky":false,"template":"","format":"standard","meta":{"content-type":"","footnotes":""},"categories":[16],"tags":[],"class_list":["post-142042","post","type-post","status-publish","format-standard","has-post-thumbnail","hentry","category-noticias"],"_links":{"self":[{"href":"https:\/\/tvbrazilusa.com\/pt\/wp-json\/wp\/v2\/posts\/142042","targetHints":{"allow":["GET"]}}],"collection":[{"href":"https:\/\/tvbrazilusa.com\/pt\/wp-json\/wp\/v2\/posts"}],"about":[{"href":"https:\/\/tvbrazilusa.com\/pt\/wp-json\/wp\/v2\/types\/post"}],"author":[{"embeddable":true,"href":"https:\/\/tvbrazilusa.com\/pt\/wp-json\/wp\/v2\/users\/1"}],"replies":[{"embeddable":true,"href":"https:\/\/tvbrazilusa.com\/pt\/wp-json\/wp\/v2\/comments?post=142042"}],"version-history":[{"count":1,"href":"https:\/\/tvbrazilusa.com\/pt\/wp-json\/wp\/v2\/posts\/142042\/revisions"}],"predecessor-version":[{"id":142044,"href":"https:\/\/tvbrazilusa.com\/pt\/wp-json\/wp\/v2\/posts\/142042\/revisions\/142044"}],"wp:featuredmedia":[{"embeddable":true,"href":"https:\/\/tvbrazilusa.com\/pt\/wp-json\/wp\/v2\/media\/142043"}],"wp:attachment":[{"href":"https:\/\/tvbrazilusa.com\/pt\/wp-json\/wp\/v2\/media?parent=142042"}],"wp:term":[{"taxonomy":"category","embeddable":true,"href":"https:\/\/tvbrazilusa.com\/pt\/wp-json\/wp\/v2\/categories?post=142042"},{"taxonomy":"post_tag","embeddable":true,"href":"https:\/\/tvbrazilusa.com\/pt\/wp-json\/wp\/v2\/tags?post=142042"}],"curies":[{"name":"wp","href":"https:\/\/api.w.org\/{rel}","templated":true}]}}