{"id":142049,"date":"2026-09-03T21:13:29","date_gmt":"2026-09-03T21:13:29","guid":{"rendered":"https:\/\/tvbrazilusa.com\/2026\/09\/03\/jornais-defendem-saida-de-moraes-do-stf\/"},"modified":"2026-09-03T21:17:44","modified_gmt":"2026-09-03T21:17:44","slug":"jornais-defendem-saida-de-moraes-do-stf","status":"publish","type":"post","link":"https:\/\/tvbrazilusa.com\/pt\/2026\/09\/03\/jornais-defendem-saida-de-moraes-do-stf\/","title":{"rendered":"Jornais defendem sa\u00edda de Moraes do STF"},"content":{"rendered":"<p> <script async src=\"https:\/\/pagead2.googlesyndication.com\/pagead\/js\/adsbygoogle.js?client=ca-pub-8864793242727901\"\r\n     crossorigin=\"anonymous\"><\/script><br \/>\n<\/p>\n<div id=\"cd-article-content\" itemprop=\"articleBody\">\n<p class=\"wp-block-paragraph\"><em>O Estado de S. Paulo<\/em> e a <em>Folha de S.Paulo<\/em> defenderam, em editoriais publicados nos \u00faltimos dois dias, que o ministro Alexandre de Moraes deixe o <a href=\"https:\/\/portal.stf.jus.br\/\" target=\"_blank\" rel=\"noopener\">Supremo Tribunal Federal<\/a> (STF). J\u00e1 <em>O Globo<\/em> cobrou uma rea\u00e7\u00e3o urgente da Corte e disse que o Senado dever\u00e1 agir caso o tribunal demore a responder.<\/p>\n<p><a href=\"https:\/\/whatsapp.com\/channel\/0029VaTFkH2HVvTbkE883x1x\" target=\"_blank\" class=\"whatsapp-channel-message\" rel=\"noopener\">\u2705 Siga o canal do Claudio Dantas no WhatsApp<\/a><\/p>\n<p class=\"wp-block-paragraph\">As manifesta\u00e7\u00f5es dos tr\u00eas jornais ocorreram ap\u00f3s a divulga\u00e7\u00e3o de novos documentos do caso Banco Master. O material re\u00fane mensagens, contratos e registros de encontros entre o fundador do banco, Daniel <a href=\"https:\/\/claudiodantas.com.br\/tag\/vorcaro\/\" data-type=\"post_tag\" data-id=\"13532\">Vorcaro<\/a>, e Moraes.<\/p>\n<p class=\"wp-block-paragraph\">O relator do caso no STF, <a href=\"https:\/\/claudiodantas.com.br\/tag\/andre-mendonca\/\" data-type=\"post_tag\" data-id=\"4316\">Andr\u00e9 Mendon\u00e7a<\/a>, retirou o sigilo de um relat\u00f3rio de 218 p\u00e1ginas e de outros arquivos produzidos pela Pol\u00edcia Federal na ter\u00e7a-feira (1\u00ba). Os documentos foram extra\u00eddos de um celular apreendido com Vorcaro.<\/p>\n<p class=\"wp-block-paragraph\">Entre as mensagens identificadas pela PF, Vorcaro procurou Moraes para tratar do avan\u00e7o das investiga\u00e7\u00f5es sobre o Banco Master. O banqueiro perguntou sobre a possibilidade de adiar medidas policiais e pediu que o ministro conversasse com o diretor-geral da PF, Andrei Rodrigues, e com o procurador-geral da Rep\u00fablica, Paulo Gonet.<\/p>\n<p class=\"wp-block-paragraph\">Dois dias antes de ser preso, Vorcaro tamb\u00e9m perguntou a Moraes se deveria deixar o Brasil.<\/p>\n<figure class=\"wp-block-image size-large\"><\/figure>\n<h2 class=\"wp-block-heading\">Estad\u00e3o defende sa\u00edda<\/h2>\n<p class=\"wp-block-paragraph\">O <em>Estado de S. Paulo<\/em> afirmou que Moraes n\u00e3o teria mais condi\u00e7\u00f5es de permanecer no STF. O jornal ressalvou que uma investiga\u00e7\u00e3o ainda precisa esclarecer se o ministro tentou interferir nas apura\u00e7\u00f5es ou repassar informa\u00e7\u00f5es reservadas a Vorcaro.<\/p>\n<p class=\"wp-block-paragraph\">Para o editorial, no entanto, a quest\u00e3o institucional j\u00e1 seria suficiente para justificar a sa\u00edda do magistrado.<\/p>\n<p class=\"wp-block-paragraph\">O <em>Estad\u00e3o<\/em> tamb\u00e9m citou o caso envolvendo Dias Toffoli, que deixou a relatoria das investiga\u00e7\u00f5es sobre o Banco Master. O jornal avaliou que o STF demorou a responder aos questionamentos relacionados ao ent\u00e3o relator.<\/p>\n<h2 class=\"wp-block-heading\">Folha pede ren\u00fancia<\/h2>\n<p class=\"wp-block-paragraph\">A <em>Folha de S.Paulo<\/em> defendeu que Moraes renuncie ao cargo. Caso o ministro permane\u00e7a no Supremo, o jornal afirmou que o Senado deveria analisar um processo de impeachment.<\/p>\n<p class=\"wp-block-paragraph\">\u201cN\u00e3o h\u00e1 mais lugar no STF para Alexandre de Moraes. Se o ministro n\u00e3o renunciar, restar\u00e1 ao Senado, por meio de um processo de impeachment\u201d.<\/p>\n<p class=\"wp-block-paragraph\">O editorial menciona as mensagens enviadas por Vorcaro, os encontros entre os dois e os contratos firmados entre empresas ligadas ao banqueiro e o escrit\u00f3rio de Viviane Barci de Moraes, mulher do ministro.<\/p>\n<h2 class=\"wp-block-heading\">Globo cobra resposta<\/h2>\n<p class=\"wp-block-paragraph\"><em>O Globo<\/em> tamb\u00e9m cobrou uma rea\u00e7\u00e3o do Supremo. O editorial defendeu que o presidente da Corte, Edson Fachin, convoque o plen\u00e1rio para analisar o caso.<\/p>\n<p class=\"wp-block-paragraph\">\u201cO presidente do STF, ministro Edson Fachin, tem o dever de convocar com urg\u00eancia o plen\u00e1rio da Corte para examinar a quest\u00e3o\u201d.<\/p>\n<p class=\"wp-block-paragraph\">O jornal tamb\u00e9m criticou o pedido apresentado por Paulo Gonet para anular o relat\u00f3rio da PF. Segundo o editorial, caso o Supremo n\u00e3o apresente uma resposta, caber\u00e1 ao Senado tomar provid\u00eancias.<\/p>\n<\/div>\n<p><script>!function(f,b,e,v,n,t,s){if(f.fbq)return;n=f.fbq=function(){n.callMethod?n.callMethod.apply(n,arguments):n.queue.push(arguments)};if(!f._fbq)f._fbq=n;n.push=n;n.loaded=!0;n.version='2.0';n.queue=[];t=b.createElement(e);t.async=!0;t.src=v;s=b.getElementsByTagName(e)[0];s.parentNode.insertBefore(t,s)}(window,document,'script','https:\/\/connect.facebook.net\/en_US\/fbevents.js');fbq('init','1423865622537930');fbq('track','PageView');<\/script><br \/>\n<br \/><br \/>\n<br \/><a href=\"https:\/\/claudiodantas.com.br\/jornais-defendem-saida-de-moraes-do-stf\/\">Source link <\/a><\/p>","protected":false},"excerpt":{"rendered":"<p>O Estado de S. Paulo e a Folha de S.Paulo defenderam, em editoriais publicados nos \u00faltimos dois dias, que o ministro Alexandre de Moraes deixe o Supremo Tribunal Federal (STF).&hellip;<\/p>","protected":false},"author":1,"featured_media":142050,"comment_status":"closed","ping_status":"open","sticky":false,"template":"","format":"standard","meta":{"content-type":"","footnotes":""},"categories":[16],"tags":[],"class_list":["post-142049","post","type-post","status-publish","format-standard","has-post-thumbnail","hentry","category-noticias"],"_links":{"self":[{"href":"https:\/\/tvbrazilusa.com\/pt\/wp-json\/wp\/v2\/posts\/142049","targetHints":{"allow":["GET"]}}],"collection":[{"href":"https:\/\/tvbrazilusa.com\/pt\/wp-json\/wp\/v2\/posts"}],"about":[{"href":"https:\/\/tvbrazilusa.com\/pt\/wp-json\/wp\/v2\/types\/post"}],"author":[{"embeddable":true,"href":"https:\/\/tvbrazilusa.com\/pt\/wp-json\/wp\/v2\/users\/1"}],"replies":[{"embeddable":true,"href":"https:\/\/tvbrazilusa.com\/pt\/wp-json\/wp\/v2\/comments?post=142049"}],"version-history":[{"count":1,"href":"https:\/\/tvbrazilusa.com\/pt\/wp-json\/wp\/v2\/posts\/142049\/revisions"}],"predecessor-version":[{"id":142051,"href":"https:\/\/tvbrazilusa.com\/pt\/wp-json\/wp\/v2\/posts\/142049\/revisions\/142051"}],"wp:featuredmedia":[{"embeddable":true,"href":"https:\/\/tvbrazilusa.com\/pt\/wp-json\/wp\/v2\/media\/142050"}],"wp:attachment":[{"href":"https:\/\/tvbrazilusa.com\/pt\/wp-json\/wp\/v2\/media?parent=142049"}],"wp:term":[{"taxonomy":"category","embeddable":true,"href":"https:\/\/tvbrazilusa.com\/pt\/wp-json\/wp\/v2\/categories?post=142049"},{"taxonomy":"post_tag","embeddable":true,"href":"https:\/\/tvbrazilusa.com\/pt\/wp-json\/wp\/v2\/tags?post=142049"}],"curies":[{"name":"wp","href":"https:\/\/api.w.org\/{rel}","templated":true}]}}