{"id":142052,"date":"2026-09-03T21:28:32","date_gmt":"2026-09-03T21:28:32","guid":{"rendered":"https:\/\/tvbrazilusa.com\/2026\/09\/03\/senado-aprova-fim-da-taxa-das-blusinhas\/"},"modified":"2026-09-03T21:29:41","modified_gmt":"2026-09-03T21:29:41","slug":"senado-aprova-fim-da-taxa-das-blusinhas","status":"publish","type":"post","link":"https:\/\/tvbrazilusa.com\/pt\/2026\/09\/03\/senado-aprova-fim-da-taxa-das-blusinhas\/","title":{"rendered":"Senado aprova fim da \u201ctaxa das blusinhas\u201d"},"content":{"rendered":"<script async src=\"https:\/\/pagead2.googlesyndication.com\/pagead\/js\/adsbygoogle.js?client=ca-pub-8864793242727901\"\r\n     crossorigin=\"anonymous\"><\/script>\n<div id=\"cd-article-content\" itemprop=\"articleBody\">\n<p class=\"wp-block-paragraph\">O <a href=\"https:\/\/www12.senado.leg.br\/hpsenado\" target=\"_blank\" rel=\"noopener\">Senado <\/a>Federal aprovou, hoje (3), a medida provis\u00f3ria (MP) que p\u00f4s fim \u00e0 \u201c<a href=\"https:\/\/claudiodantas.com.br\/camara-aprova-fim-da-taxa-das-blusinhas\/\">taxa das blusinhas<\/a>\u201d, imposto federal de importa\u00e7\u00e3o de 20% aplicado sobre compras internacionais de at\u00e9 US$ 50. A mat\u00e9ria foi aprovada na forma de projeto de lei de convers\u00e3o e, portanto, segue para san\u00e7\u00e3o presidencial.<\/p>\n<p><a href=\"https:\/\/whatsapp.com\/channel\/0029VaTFkH2HVvTbkE883x1x\" target=\"_blank\" class=\"whatsapp-channel-message\" rel=\"noopener\">\u2705 Siga o canal do Claudio Dantas no WhatsApp<\/a><\/p>\n<p class=\"wp-block-paragraph\">A vota\u00e7\u00e3o ocorreu no \u00faltimo esfor\u00e7o concentrado do Congresso antes das elei\u00e7\u00f5es. A <a href=\"https:\/\/claudiodantas.com.br\/camara-aprova-fim-da-taxa-das-blusinhas\/\">MP <\/a>precisava avan\u00e7ar at\u00e9 8 de setembro para n\u00e3o perder a validade. O texto j\u00e1 havia passado pela C\u00e2mara e chegou ao Senado ap\u00f3s um acordo pol\u00edtico entre o governo e os presidentes das duas Casas.<\/p>\n<p class=\"wp-block-paragraph\">A medida mant\u00e9m a possibilidade de <a href=\"https:\/\/claudiodantas.com.br\/lula-recebeu-recado-em-crise-moraes-master\/\">al\u00edquota <\/a>zero para remessas internacionais de at\u00e9 US$ 50. Para compras acima desse valor, permanece o Imposto de Importa\u00e7\u00e3o de 60%.<\/p>\n<p class=\"wp-block-paragraph\">A chamada \u201ctaxa das blusinhas\u201d corresponde \u00e0 cobran\u00e7a de 20% criada no programa Remessa Conforme. Antes da mudan\u00e7a, compras internacionais de at\u00e9 US$ 50 tinham, na pr\u00e1tica, imposto de importa\u00e7\u00e3o zerado.<\/p>\n<p class=\"wp-block-paragraph\">Durante a tramita\u00e7\u00e3o, o texto recebeu altera\u00e7\u00f5es para reduzir a resist\u00eancia do setor produtivo. Representantes do varejo e da ind\u00fastria sustentam que a cobran\u00e7a menor sobre produtos estrangeiros cria desequil\u00edbrio na concorr\u00eancia com empresas brasileiras.<\/p>\n<h2 class=\"wp-block-heading\">Governo ter\u00e1 de avaliar impacto<\/h2>\n<p class=\"wp-block-paragraph\">Uma das principais mudan\u00e7as determina avalia\u00e7\u00f5es peri\u00f3dicas sobre os efeitos econ\u00f4micos do fim da cobran\u00e7a. O Minist\u00e9rio da Fazenda dever\u00e1 apresentar a primeira an\u00e1lise em at\u00e9 tr\u00eas meses ap\u00f3s a publica\u00e7\u00e3o da lei. Depois disso, o levantamento ser\u00e1 feito a cada seis meses.<\/p>\n<p class=\"wp-block-paragraph\">O Congresso tamb\u00e9m dever\u00e1 avaliar anualmente os efeitos do regime de tributa\u00e7\u00e3o simplificada. Caso sejam identificados impactos relevantes sobre a economia, poder\u00e3o ser adotadas medidas de mitiga\u00e7\u00e3o.<\/p>\n<p class=\"wp-block-paragraph\">O relat\u00f3rio estabelece cinco \u00e1reas de acompanhamento: emprego e renda, competitividade nacional, compras internacionais, diferen\u00e7a de tributa\u00e7\u00e3o e arrecada\u00e7\u00e3o.<\/p>\n<p class=\"wp-block-paragraph\">A avalia\u00e7\u00e3o ter\u00e1 foco obrigat\u00f3rio nos setores de t\u00eaxteis e vestu\u00e1rio, cal\u00e7ados, acess\u00f3rios, brinquedos e cosm\u00e9ticos.<\/p>\n<h2 class=\"wp-block-heading\">Medicamentos ter\u00e3o al\u00edquota zero<\/h2>\n<p class=\"wp-block-paragraph\">O texto aprovado tamb\u00e9m prev\u00ea isen\u00e7\u00e3o do Imposto de Importa\u00e7\u00e3o para medicamentos sem similar nacional, quando importados por pessoa f\u00edsica para tratamento pr\u00f3prio de doen\u00e7as raras.<\/p>\n<p class=\"wp-block-paragraph\">Nesses casos, a medida afasta ainda os limites de valor previstos no Regime de Tributa\u00e7\u00e3o Simplificada.<\/p>\n<p class=\"wp-block-paragraph\">Outra regra exige que plataformas digitais adotem mecanismos para identificar ind\u00edcios de subfaturamento, fracionamento artificial de remessas e oculta\u00e7\u00e3o do remetente.<\/p>\n<h2 class=\"wp-block-heading\">Correios ficam fora do texto<\/h2>\n<p class=\"wp-block-paragraph\">Durante as negocia\u00e7\u00f5es, houve discuss\u00e3o sobre a cria\u00e7\u00e3o de uma obriga\u00e7\u00e3o para que empresas beneficiadas pela redu\u00e7\u00e3o do imposto utilizassem os Correios no transporte das encomendas.<\/p>\n<p class=\"wp-block-paragraph\">A proposta encontrou resist\u00eancia entre parlamentares que apontavam risco de cria\u00e7\u00e3o de monop\u00f3lio para a estatal. A exig\u00eancia acabou fora do texto.<\/p>\n<p class=\"wp-block-paragraph\">O presidente da comiss\u00e3o mista que analisou a MP, deputado Reginaldo Lopes (PT-MG), afirmou que a mudan\u00e7a exigiria altera\u00e7\u00e3o constitucional.<\/p>\n<p class=\"wp-block-paragraph\">A comiss\u00e3o tamb\u00e9m passou por dificuldades para avan\u00e7ar. A vota\u00e7\u00e3o foi adiada duas vezes antes de chegar ao plen\u00e1rio.<\/p>\n<p class=\"wp-block-paragraph\">O impasse foi superado ap\u00f3s uma reuni\u00e3o entre o presidente Lula e os presidentes do Senado, Davi Alcolumbre (Uni\u00e3o Brasil-AP), e da C\u00e2mara, Hugo Motta (Republicanos-PB). O acordo permitiu que a mat\u00e9ria fosse votada antes do prazo de 8 de setembro.<\/p>\n<p class=\"wp-block-paragraph\">A redu\u00e7\u00e3o do imposto ganhou espa\u00e7o na estrat\u00e9gia eleitoral do governo. A medida ocorre em meio \u00e0 press\u00e3o sobre o custo de vida e \u00e0 tentativa do Pal\u00e1cio do Planalto de apresentar medidas com impacto direto sobre o consumo.<\/p>\n<p class=\"wp-block-paragraph\">A autoriza\u00e7\u00e3o para que a Fazenda altere as al\u00edquotas de importa\u00e7\u00e3o das remessas internacionais tamb\u00e9m foi mantida. Pela proposta, a al\u00edquota poder\u00e1 chegar a zero para compras de at\u00e9 US$ 50 e a 30% para remessas de at\u00e9 US$ 3 mil.<\/p>\n<\/div>\n<p><script>!function(f,b,e,v,n,t,s){if(f.fbq)return;n=f.fbq=function(){n.callMethod?n.callMethod.apply(n,arguments):n.queue.push(arguments)};if(!f._fbq)f._fbq=n;n.push=n;n.loaded=!0;n.version='2.0';n.queue=[];t=b.createElement(e);t.async=!0;t.src=v;s=b.getElementsByTagName(e)[0];s.parentNode.insertBefore(t,s)}(window,document,'script','https:\/\/connect.facebook.net\/en_US\/fbevents.js');fbq('init','1423865622537930');fbq('track','PageView');<\/script><br \/>\n<br \/><br \/>\n<br \/><a href=\"https:\/\/claudiodantas.com.br\/senado-aprova-fim-da-taxa-das-blusinhas\/\">Source link <\/a><\/p>","protected":false},"excerpt":{"rendered":"<p>O Senado Federal aprovou, hoje (3), a medida provis\u00f3ria (MP) que p\u00f4s fim \u00e0 \u201ctaxa das blusinhas\u201d, imposto federal de importa\u00e7\u00e3o de 20% aplicado sobre compras internacionais de at\u00e9 US$&hellip;<\/p>","protected":false},"author":1,"featured_media":142053,"comment_status":"closed","ping_status":"open","sticky":false,"template":"","format":"standard","meta":{"content-type":"","footnotes":""},"categories":[16],"tags":[],"class_list":["post-142052","post","type-post","status-publish","format-standard","has-post-thumbnail","hentry","category-noticias"],"_links":{"self":[{"href":"https:\/\/tvbrazilusa.com\/pt\/wp-json\/wp\/v2\/posts\/142052","targetHints":{"allow":["GET"]}}],"collection":[{"href":"https:\/\/tvbrazilusa.com\/pt\/wp-json\/wp\/v2\/posts"}],"about":[{"href":"https:\/\/tvbrazilusa.com\/pt\/wp-json\/wp\/v2\/types\/post"}],"author":[{"embeddable":true,"href":"https:\/\/tvbrazilusa.com\/pt\/wp-json\/wp\/v2\/users\/1"}],"replies":[{"embeddable":true,"href":"https:\/\/tvbrazilusa.com\/pt\/wp-json\/wp\/v2\/comments?post=142052"}],"version-history":[{"count":1,"href":"https:\/\/tvbrazilusa.com\/pt\/wp-json\/wp\/v2\/posts\/142052\/revisions"}],"predecessor-version":[{"id":142054,"href":"https:\/\/tvbrazilusa.com\/pt\/wp-json\/wp\/v2\/posts\/142052\/revisions\/142054"}],"wp:featuredmedia":[{"embeddable":true,"href":"https:\/\/tvbrazilusa.com\/pt\/wp-json\/wp\/v2\/media\/142053"}],"wp:attachment":[{"href":"https:\/\/tvbrazilusa.com\/pt\/wp-json\/wp\/v2\/media?parent=142052"}],"wp:term":[{"taxonomy":"category","embeddable":true,"href":"https:\/\/tvbrazilusa.com\/pt\/wp-json\/wp\/v2\/categories?post=142052"},{"taxonomy":"post_tag","embeddable":true,"href":"https:\/\/tvbrazilusa.com\/pt\/wp-json\/wp\/v2\/tags?post=142052"}],"curies":[{"name":"wp","href":"https:\/\/api.w.org\/{rel}","templated":true}]}}