{"id":142055,"date":"2026-09-03T21:47:07","date_gmt":"2026-09-03T21:47:07","guid":{"rendered":"https:\/\/tvbrazilusa.com\/2026\/09\/03\/de-diretor-da-pf-a-alvo-da-pf\/"},"modified":"2026-09-03T21:47:44","modified_gmt":"2026-09-03T21:47:44","slug":"de-diretor-da-pf-a-alvo-da-pf","status":"publish","type":"post","link":"https:\/\/tvbrazilusa.com\/pt\/2026\/09\/03\/de-diretor-da-pf-a-alvo-da-pf\/","title":{"rendered":"De diretor da PF a alvo da PF"},"content":{"rendered":"<script async src=\"https:\/\/pagead2.googlesyndication.com\/pagead\/js\/adsbygoogle.js?client=ca-pub-8864793242727901\"\r\n     crossorigin=\"anonymous\"><\/script>\n<div id=\"cd-article-content\" itemprop=\"articleBody\">\n<p class=\"wp-block-paragraph\">Andrei Rodrigues est\u00e1 com os dias contados. Se Andr\u00e9 Mendon\u00e7a quiser, j\u00e1 tem elementos suficientes para autorizar uma investiga\u00e7\u00e3o contra o diretor-geral da Pol\u00edcia Federal. Em seguida, decretar seu afastamento do comando da PF, providenciar buscas em seus endere\u00e7os, a apreens\u00e3o de seus celulares e computadores e, quem sabe, at\u00e9 determinar uma pris\u00e3o cautelar. <\/p>\n<p><a href=\"https:\/\/whatsapp.com\/channel\/0029VaTFkH2HVvTbkE883x1x\" target=\"_blank\" class=\"whatsapp-channel-message\" rel=\"noopener\">\u2705 Siga o canal do Claudio Dantas no WhatsApp<\/a><\/p>\n<p class=\"wp-block-paragraph\">Em seu primeiro e \u00fanico depoimento (at\u00e9 agora) ao gabinete do ministro do Supremo, Daniel Vorcaro acusou Andrei de obter benef\u00edcios da rela\u00e7\u00e3o com o Banco Master, de inviabilizar sua dela\u00e7\u00e3o premiada e de conduzir a investiga\u00e7\u00e3o do caso \u201cpara um lado\u201d, usando a m\u00eddia, com vazamentos seletivos, para \u201cintimidar todos\u201d.<\/p>\n<p class=\"wp-block-paragraph\">Quem acompanhou o vai-e-vem das investiga\u00e7\u00f5es n\u00e3o duvida, nem por um momento, das acusa\u00e7\u00f5es de Vorcaro. J\u00e1 sabemos que o diretor da PF bebeu Macallan num evento milion\u00e1rio do Master, vimos as propostas de colabora\u00e7\u00e3o do banqueiro serem engavetadas, os vazamentos seletivos e tamb\u00e9m a resist\u00eancia em se investigar Augusto Lima, o s\u00f3cio petista.<\/p>\n<p class=\"wp-block-paragraph\">Agora, por\u00e9m, outros detalhes v\u00e3o surgindo. Sabemos que a dela\u00e7\u00e3o de Vorcaro vai atingir o n\u00facleo do governo Lula, pois o banqueiro comprou meio PT para evitar a liquida\u00e7\u00e3o do Master e sua pris\u00e3o. Ele foi bem claro ao dizer: \u201cToda a minha colabora\u00e7\u00e3o, ela, no que tange a pessoas, s\u00e3o pessoas do n\u00facleo do atual governo, que acabei fazendo rela\u00e7\u00e3o para me proteger.\u201d<\/p>\n<p class=\"wp-block-paragraph\">E nada melhor para se proteger do que comprar a Pol\u00edcia, o Minist\u00e9rio P\u00fablico e o Judici\u00e1rio. Segundo Vorcaro, \u201cnesses momentos, teve uns casos em que foram cruzadas linhas de moralidade, linhas de ilicitude\u201d. \u00c9 provavelmente o caso de Andrei Rodrigues, que agora sabemos tinha uma \u201crela\u00e7\u00e3o\u201d com o banqueiro bandido.<\/p>\n<p class=\"wp-block-paragraph\">Vorcaro explica que Andrei n\u00e3o s\u00f3 \u201cfrequentou eventos\u201d do Master, v\u00e1rios deles; mas \u201cparticipou de todo esse crescimento do banco\u201d. Participar do crescimento \u00e9 diferente de acompanhar. Fica a suspeita de que o atual diretor da PF lucrou com esse crescimento. E o banqueiro diz que gostaria de narrar \u201cdiversas outras situa\u00e7\u00f5es\u201d.<\/p>\n<p class=\"wp-block-paragraph\">Vale notar que Vorcaro elogia a PF \u2014 \u201c\u00e9 uma institui\u00e7\u00e3o que eu respeito e que todo brasileiro tem orgulho\u201d\u2013, mas que \u201ctem pessoas l\u00e1 dentro que est\u00e3o utilizando da organiza\u00e7\u00e3o para fazer prote\u00e7\u00f5es pessoais e para fazer pol\u00edtica\u201d. Ele mesmo conclui, que toda a tortura f\u00edsica e psicol\u00f3gica, o isolamento, tudo foi feito para silenci\u00e1-lo \u201cat\u00e9 passar todos os interesses pol\u00edticos\u201d \u2014 ou seja, at\u00e9 passar as elei\u00e7\u00f5es.<\/p>\n<p class=\"wp-block-paragraph\">\u00c9 oportuno, portanto, que Mendon\u00e7a tome logo provid\u00eancias. O Brasil n\u00e3o pode ir para as urnas, daqui a um m\u00eas, sem saber o que Lula e seu diretor da PF fizeram de errado. Esclarecer esse epis\u00f3dio \u00e9 iluminar a democracia.<\/p>\n<p class=\"wp-block-paragraph\">Leia tamb\u00e9m:<\/p>\n<figure class=\"wp-block-embed is-type-wp-embed is-provider-claudio-dantas wp-block-embed-claudio-dantas\"\/>\n<figure class=\"wp-block-embed is-type-wp-embed is-provider-claudio-dantas wp-block-embed-claudio-dantas\"\/>\n<\/div>\n<p><script>!function(f,b,e,v,n,t,s){if(f.fbq)return;n=f.fbq=function(){n.callMethod?n.callMethod.apply(n,arguments):n.queue.push(arguments)};if(!f._fbq)f._fbq=n;n.push=n;n.loaded=!0;n.version='2.0';n.queue=[];t=b.createElement(e);t.async=!0;t.src=v;s=b.getElementsByTagName(e)[0];s.parentNode.insertBefore(t,s)}(window,document,'script','https:\/\/connect.facebook.net\/en_US\/fbevents.js');fbq('init','1423865622537930');fbq('track','PageView');<\/script><br \/>\n<br \/><br \/>\n<br \/><a href=\"https:\/\/claudiodantas.com.br\/de-diretor-da-pf-a-alvo-da-pf\/\">Source link <\/a><\/p>","protected":false},"excerpt":{"rendered":"<p>Andrei Rodrigues est\u00e1 com os dias contados. Se Andr\u00e9 Mendon\u00e7a quiser, j\u00e1 tem elementos suficientes para autorizar uma investiga\u00e7\u00e3o contra o diretor-geral da Pol\u00edcia Federal. Em seguida, decretar seu afastamento&hellip;<\/p>","protected":false},"author":1,"featured_media":142056,"comment_status":"closed","ping_status":"open","sticky":false,"template":"","format":"standard","meta":{"content-type":"","footnotes":""},"categories":[16],"tags":[],"class_list":["post-142055","post","type-post","status-publish","format-standard","has-post-thumbnail","hentry","category-noticias"],"_links":{"self":[{"href":"https:\/\/tvbrazilusa.com\/pt\/wp-json\/wp\/v2\/posts\/142055","targetHints":{"allow":["GET"]}}],"collection":[{"href":"https:\/\/tvbrazilusa.com\/pt\/wp-json\/wp\/v2\/posts"}],"about":[{"href":"https:\/\/tvbrazilusa.com\/pt\/wp-json\/wp\/v2\/types\/post"}],"author":[{"embeddable":true,"href":"https:\/\/tvbrazilusa.com\/pt\/wp-json\/wp\/v2\/users\/1"}],"replies":[{"embeddable":true,"href":"https:\/\/tvbrazilusa.com\/pt\/wp-json\/wp\/v2\/comments?post=142055"}],"version-history":[{"count":1,"href":"https:\/\/tvbrazilusa.com\/pt\/wp-json\/wp\/v2\/posts\/142055\/revisions"}],"predecessor-version":[{"id":142057,"href":"https:\/\/tvbrazilusa.com\/pt\/wp-json\/wp\/v2\/posts\/142055\/revisions\/142057"}],"wp:featuredmedia":[{"embeddable":true,"href":"https:\/\/tvbrazilusa.com\/pt\/wp-json\/wp\/v2\/media\/142056"}],"wp:attachment":[{"href":"https:\/\/tvbrazilusa.com\/pt\/wp-json\/wp\/v2\/media?parent=142055"}],"wp:term":[{"taxonomy":"category","embeddable":true,"href":"https:\/\/tvbrazilusa.com\/pt\/wp-json\/wp\/v2\/categories?post=142055"},{"taxonomy":"post_tag","embeddable":true,"href":"https:\/\/tvbrazilusa.com\/pt\/wp-json\/wp\/v2\/tags?post=142055"}],"curies":[{"name":"wp","href":"https:\/\/api.w.org\/{rel}","templated":true}]}}