{"id":142058,"date":"2026-09-03T21:50:36","date_gmt":"2026-09-03T21:50:36","guid":{"rendered":"https:\/\/tvbrazilusa.com\/2026\/09\/03\/gilmar-orienta-pf-a-reagir-a-decisoes-de-mendonca-diz-estadao\/"},"modified":"2026-09-03T21:53:36","modified_gmt":"2026-09-03T21:53:36","slug":"gilmar-orienta-pf-a-reagir-a-decisoes-de-mendonca-diz-estadao","status":"publish","type":"post","link":"https:\/\/tvbrazilusa.com\/pt\/2026\/09\/03\/gilmar-orienta-pf-a-reagir-a-decisoes-de-mendonca-diz-estadao\/","title":{"rendered":"Gilmar orienta PF a reagir a decis\u00f5es de Mendon\u00e7a, diz Estad\u00e3o"},"content":{"rendered":"<script async src=\"https:\/\/pagead2.googlesyndication.com\/pagead\/js\/adsbygoogle.js?client=ca-pub-8864793242727901\"\r\n     crossorigin=\"anonymous\"><\/script>\n<div id=\"cd-article-content\" itemprop=\"articleBody\">\n<p class=\"wp-block-paragraph\">O ministro Gilmar Mendes, do Supremo Tribunal Federal (<a href=\"https:\/\/portal.stf.jus.br\/\" target=\"_blank\" rel=\"noopener\">STF<\/a>), reuniu-se com o Lula para orient\u00e1-lo sobre a crise entre a Corte e a Pol\u00edcia Federal (PF). No encontro, segundo a Coluna do Estad\u00e3o, ele defendeu que a corpora\u00e7\u00e3o reaja a determina\u00e7\u00f5es do ministro Andr\u00e9 <a href=\"https:\/\/claudiodantas.com.br\/tag\/mendonca\/\" data-type=\"post_tag\" data-id=\"12458\">Mendon\u00e7a <\/a>quando as considerar excessivas ou ilegais. As informa\u00e7\u00f5es foram publicadas pelo jornal <em>Estad\u00e3o<\/em>.<\/p>\n<p><a href=\"https:\/\/whatsapp.com\/channel\/0029VaTFkH2HVvTbkE883x1x\" target=\"_blank\" class=\"whatsapp-channel-message\" rel=\"noopener\">\u2705 Siga o canal do Claudio Dantas no WhatsApp<\/a><\/p>\n<p class=\"wp-block-paragraph\">A conversa ocorreu ap\u00f3s novas revela\u00e7\u00f5es no caso Banco Master e em meio ao aumento da tens\u00e3o entre Mendon\u00e7a, a PF e setores do STF. No mesmo dia, Lula tamb\u00e9m se reuniu com o presidente da Corte, Edson Fachin.<\/p>\n<p class=\"wp-block-paragraph\">Gilmar apresentou a Lula poss\u00edveis caminhos para o governo diante das decis\u00f5es de Mendon\u00e7a nos casos Master e INSS. Este \u00faltimo envolve investiga\u00e7\u00f5es relacionadas a <a href=\"https:\/\/claudiodantas.com.br\/tag\/lulinha\/\" data-type=\"post_tag\" data-id=\"11668\">Lulinha<\/a>.<\/p>\n<p class=\"wp-block-paragraph\">Na avalia\u00e7\u00e3o de Gilmar, o governo, o Minist\u00e9rio da Justi\u00e7a e a pr\u00f3pria PF deveriam ter reagido antes \u00e0s decis\u00f5es do relator. O ministro citou como exemplos a determina\u00e7\u00e3o que restringiu o acesso de investigadores a parte do material apurado e a ordem para concentrar no gabinete de Mendon\u00e7a as a\u00e7\u00f5es e os processos relacionados aos casos.<\/p>\n<h2 class=\"wp-block-heading\">Orienta\u00e7\u00e3o \u00e0 Pol\u00edcia Federal<\/h2>\n<p class=\"wp-block-paragraph\">Gilmar defendeu que o diretor-geral da PF, Andrei Rodrigues, possa declarar que n\u00e3o cumprir\u00e1 determina\u00e7\u00f5es consideradas ilegais e recorrer ao Judici\u00e1rio para tentar suspend\u00ea-las.<\/p>\n<p class=\"wp-block-paragraph\">Em uma situa\u00e7\u00e3o extrema, segundo a orienta\u00e7\u00e3o apresentada pelo ministro, a PF poderia at\u00e9 ingressar com um mandado de seguran\u00e7a contra uma decis\u00e3o de Mendon\u00e7a. A avalia\u00e7\u00e3o, por\u00e9m, \u00e9 que uma solu\u00e7\u00e3o institucional deve ser buscada antes desse cen\u00e1rio.<\/p>\n<p class=\"wp-block-paragraph\">Uma das alternativas discutidas envolve uma articula\u00e7\u00e3o entre o ministro da Justi\u00e7a e Fachin. Outra possibilidade seria um contato direto entre Andrei Rodrigues e o presidente do STF.<\/p>\n<p class=\"wp-block-paragraph\">O impasse j\u00e1 havia chegado ao governo em julho. Na ocasi\u00e3o, Andrei pediu ao advogado-geral da Uni\u00e3o, Jorge Messias, que questionasse decis\u00f5es de Mendon\u00e7a. Messias recusou a iniciativa. Segundo o Estad\u00e3o, ele argumentou que a atua\u00e7\u00e3o da AGU em uma causa criminal seria in\u00e9dita e poderia gerar acusa\u00e7\u00e3o de tentativa de obstru\u00e7\u00e3o da Justi\u00e7a.<\/p>\n<h2 class=\"wp-block-heading\">Vorcaro amplia tens\u00e3o entre PF e STF<\/h2>\n<p class=\"wp-block-paragraph\">A reuni\u00e3o de Gilmar com Lula ocorreu ap\u00f3s novas informa\u00e7\u00f5es sobre Daniel Vorcaro, fundador do Banco Master. O empres\u00e1rio prestou depoimento a Mendon\u00e7a na presen\u00e7a de representante do Minist\u00e9rio P\u00fablico, mas sem a participa\u00e7\u00e3o de agentes da PF.<\/p>\n<p class=\"wp-block-paragraph\">Na oitiva, Vorcaro afirmou que pretendia apresentar informa\u00e7\u00f5es sobre integrantes do governo Lula e relatou uma rela\u00e7\u00e3o pr\u00f3xima com Andrei Rodrigues. O banqueiro tamb\u00e9m disse que se sentia desconfort\u00e1vel em firmar uma nova colabora\u00e7\u00e3o premiada caso os fatos envolvessem pessoas com quem o diretor-geral da PF mantinha rela\u00e7\u00e3o.<\/p>\n<p class=\"wp-block-paragraph\">As declara\u00e7\u00f5es colocaram a atua\u00e7\u00e3o da PF no centro da disputa. Mendon\u00e7a passou a analisar informa\u00e7\u00f5es sobre a rela\u00e7\u00e3o de Vorcaro com autoridades e determinou novas provid\u00eancias no caso.<\/p>\n<p class=\"wp-block-paragraph\">O ministro tamb\u00e9m recebeu material da PF que aponta contatos entre Vorcaro e integrantes de institui\u00e7\u00f5es p\u00fablicas. Parte dos elementos envolve Moraes e Gonet, al\u00e9m de refer\u00eancias ao pr\u00f3prio diretor-geral da PF.<\/p>\n<p class=\"wp-block-paragraph\">A crise ocorre em paralelo \u00e0s revela\u00e7\u00f5es sobre as mensagens trocadas entre Vorcaro e Moraes. O conte\u00fado veio a p\u00fablico ap\u00f3s Mendon\u00e7a retirar o sigilo de documentos da investiga\u00e7\u00e3o.<\/p>\n<p class=\"wp-block-paragraph\">O cen\u00e1rio tamb\u00e9m aumenta a press\u00e3o sobre o STF. Revela\u00e7\u00f5es sobre Moraes, questionamentos \u00e0 atua\u00e7\u00e3o de Mendon\u00e7a e a disputa envolvendo a PF exp\u00f5em uma crise institucional que passou a exigir articula\u00e7\u00e3o direta entre os Poderes.<\/p>\n<\/div>\n<p><script>!function(f,b,e,v,n,t,s){if(f.fbq)return;n=f.fbq=function(){n.callMethod?n.callMethod.apply(n,arguments):n.queue.push(arguments)};if(!f._fbq)f._fbq=n;n.push=n;n.loaded=!0;n.version='2.0';n.queue=[];t=b.createElement(e);t.async=!0;t.src=v;s=b.getElementsByTagName(e)[0];s.parentNode.insertBefore(t,s)}(window,document,'script','https:\/\/connect.facebook.net\/en_US\/fbevents.js');fbq('init','1423865622537930');fbq('track','PageView');<\/script><br \/>\n<br \/><br \/>\n<br \/><a href=\"https:\/\/claudiodantas.com.br\/gilmar-orienta-pf-a-reagir-a-decisoes-de-mendonca-diz-estadao\/\">Source link <\/a><\/p>","protected":false},"excerpt":{"rendered":"<p>O ministro Gilmar Mendes, do Supremo Tribunal Federal (STF), reuniu-se com o Lula para orient\u00e1-lo sobre a crise entre a Corte e a Pol\u00edcia Federal (PF). No encontro, segundo a&hellip;<\/p>","protected":false},"author":1,"featured_media":142059,"comment_status":"closed","ping_status":"open","sticky":false,"template":"","format":"standard","meta":{"content-type":"","footnotes":""},"categories":[16],"tags":[],"class_list":["post-142058","post","type-post","status-publish","format-standard","has-post-thumbnail","hentry","category-noticias"],"_links":{"self":[{"href":"https:\/\/tvbrazilusa.com\/pt\/wp-json\/wp\/v2\/posts\/142058","targetHints":{"allow":["GET"]}}],"collection":[{"href":"https:\/\/tvbrazilusa.com\/pt\/wp-json\/wp\/v2\/posts"}],"about":[{"href":"https:\/\/tvbrazilusa.com\/pt\/wp-json\/wp\/v2\/types\/post"}],"author":[{"embeddable":true,"href":"https:\/\/tvbrazilusa.com\/pt\/wp-json\/wp\/v2\/users\/1"}],"replies":[{"embeddable":true,"href":"https:\/\/tvbrazilusa.com\/pt\/wp-json\/wp\/v2\/comments?post=142058"}],"version-history":[{"count":1,"href":"https:\/\/tvbrazilusa.com\/pt\/wp-json\/wp\/v2\/posts\/142058\/revisions"}],"predecessor-version":[{"id":142060,"href":"https:\/\/tvbrazilusa.com\/pt\/wp-json\/wp\/v2\/posts\/142058\/revisions\/142060"}],"wp:featuredmedia":[{"embeddable":true,"href":"https:\/\/tvbrazilusa.com\/pt\/wp-json\/wp\/v2\/media\/142059"}],"wp:attachment":[{"href":"https:\/\/tvbrazilusa.com\/pt\/wp-json\/wp\/v2\/media?parent=142058"}],"wp:term":[{"taxonomy":"category","embeddable":true,"href":"https:\/\/tvbrazilusa.com\/pt\/wp-json\/wp\/v2\/categories?post=142058"},{"taxonomy":"post_tag","embeddable":true,"href":"https:\/\/tvbrazilusa.com\/pt\/wp-json\/wp\/v2\/tags?post=142058"}],"curies":[{"name":"wp","href":"https:\/\/api.w.org\/{rel}","templated":true}]}}